{"id":21639,"date":"2018-10-18T10:25:06","date_gmt":"2018-10-18T08:25:06","guid":{"rendered":"http:\/\/www.portaldelolleria.es\/?p=21639"},"modified":"2018-10-18T10:29:14","modified_gmt":"2018-10-18T08:29:14","slug":"montaverner-presenta-el-cartel-de-mon-doc-2018","status":"publish","type":"post","link":"http:\/\/www.portaldelolleria.es\/?p=21639","title":{"rendered":"Montaverner presenta el cartel de MON-DOC 2018"},"content":{"rendered":"<p><a href=\"http:\/\/www.portaldelolleria.es\/wp-content\/uploads\/2018\/10\/mondoc.jpg\"><img loading=\"lazy\" class=\"aligncenter size-full wp-image-21642\" title=\"mondoc\" src=\"http:\/\/www.portaldelolleria.es\/wp-content\/uploads\/2018\/10\/mondoc.jpg\" alt=\"\" width=\"598\" height=\"398\" srcset=\"http:\/\/www.portaldelolleria.es\/wp-content\/uploads\/2018\/10\/mondoc.jpg 598w, http:\/\/www.portaldelolleria.es\/wp-content\/uploads\/2018\/10\/mondoc-300x199.jpg 300w\" sizes=\"(max-width: 598px) 100vw, 598px\" \/><\/a><\/p>\n<p>&nbsp;<\/p>\n<p><span style=\"color: #888888;\"><em>\u00a0Ajuntament de Montaverner, 17\/10\/2018<\/em><\/span><\/p>\n<p align=\"center\"><strong>MONTAVERNER PRESENTA EL CARTEL DE MON\u00b7DOC 2018<\/strong><\/p>\n<p style=\"text-align: justify;\"><strong>En el acto adem\u00e1s se inaugurar\u00e1 la exposici\u00f3n \u201c75 a\u00f1os de Cinema Royal en Montaverner\u201d y contar\u00e1 con la actuaci\u00f3n musical del pianista Joanjo Albinyana.<\/strong><\/p>\n<p style=\"text-align: justify;\">El viernes 19 de octubre el Auditorio Luis Peir\u00f3 de Montaverner se llenar\u00e1 de vecinos y autoridades para presentar, a partir de las 20.00h, el cartel de la 10\u00aa edici\u00f3n de MON\u00b7DOC, la Muestra Internacional de Cine Documental de Montaverner. Para este 10\u00ba aniversario se han hecho coincidir las fechas de la muestra con las de la primera edici\u00f3n, del 23 de noviembre al 1 de diciembre. Acompa\u00f1ar\u00e1n a los representantes de la corporaci\u00f3n y las asociaciones locales Jos\u00e9 Luis Moreno Maicas, Director Adjunto de Audiovisuales y Cinematograf\u00eda del Instituto Valenciano de Cultura, y el Conseller de Cultura de la Mancomunitat de Municipis de la Vall d\u2019Albaida, Fede Vidal, entre otros.<\/p>\n<p style=\"text-align: justify;\">En el mismo auditorio est\u00e1 instalada la exposici\u00f3n \u201c75 a\u00f1os de Cinema Royal en Montaverner\u201d, que se inaugurar\u00e1 en el mismo acto. Una muestra que recoge carteles, fotogramas y programas de mano de las pel\u00edculas que, desde los a\u00f1os 40, se proyectaron en el Cinema Royal de Montaverner. Para la exposici\u00f3n se han recuperado y restaurado carteles, tanto de pel\u00edculas como de los grupos que actuaban en el \u201c<em>Cine de Verano\u201d,<\/em> instalaci\u00f3n anexa al Cinema Royal y en la que durante los meses de verano se proyectaban pel\u00edculas y se hac\u00edan actuaciones musicales. Historia viva no solo de Montaverner, ya que este es uno de los pocos, si no el \u00fanico, cine de los a\u00f1os 40 que queda en pie dentro de un casco urbano en la Comunidad Valenciana.<\/p>\n<p style=\"text-align: justify;\">La velada finalizar\u00e1 con la actuaci\u00f3n musical del pianista de l\u2019Olleria Joanjo Albinyana, dentro del programa de conciertos \u201cBenicadell Sonor\u201d promovido por el IEVA (Instituto de Estudios de la Vall d\u2019Albaida).<\/p>\n<p style=\"text-align: justify;\">________________________________________<\/p>\n<p align=\"center\"><span style=\"color: #800000;\"><strong>MONTAVERNER PRESENTA EL CARTELL DE MON\u00b7DOC 2018<\/strong><\/span><\/p>\n<p style=\"text-align: justify;\"><span style=\"color: #800000;\"><strong>A l\u2019acte a m\u00e9s s\u2019inaugurar\u00e0 l\u2019exposici\u00f3 \u201c75 anys de Cinema Royal a Montaverner\u201d i comptar\u00e0 amb l\u2019actuaci\u00f3 musical del pianista Joanjo Albinyana.<\/strong><\/span><\/p>\n<p style=\"text-align: justify;\"><span style=\"color: #800000;\">Divendres 19 d\u2019octubre l\u2019Auditori Luis Peir\u00f3 de Montaverner s\u2019omplir\u00e0 de ve\u00efns i autoritats per a presentar, a partir de les 20.00h, el cartell de la 10a edici\u00f3 de MON\u00b7DOC, la Mostra Internacional de Cinema Documental de Montaverner. Per a aquest 10\u00e9 aniversari s\u2019han fet coincidir les dates de la Mostra amb les de la primera edici\u00f3, del 23 de novembre a l\u20191 de desembre. Acompanyaran als representants de la corporaci\u00f3 i les associacions locals Jos\u00e9 Luis Moreno Maicas, Director Adjunt d\u2019Audiovisuals i Cinematografia de l\u2019Institut Valenci\u00e0 de Cultura, i el Conseller de Cultura de la Mancomunitat de Municipis de la Vall d\u2019Albaida, Fede Vidal, entre d\u2019altres.<\/span><\/p>\n<p style=\"text-align: justify;\"><span style=\"color: #800000;\">Al mateix auditori es troba instal\u00b7lada l\u2019exposici\u00f3 \u201c75 anys de Cinema Royal a Montaverner\u201d, la qual s\u2019inaugurar\u00e0 al mateix acte. Una mostra que recull cartells, fotogrames i programes de m\u00e0 de les pel\u00b7l\u00edcules que, des dels anys 40, es van projectar al Cinema Royal de Montaverner. Per a l\u2019exposici\u00f3 s\u2019han recuperat i restaurat cartells, tant de pel\u00b7l\u00edcules com dels grups que actuaven al \u201c<em>Cine de Verano\u201d,<\/em> instal\u00b7laci\u00f3 annexa al Cinema Royal i en la qual durant els mesos d\u2019estiu es projectaven pel\u00b7l\u00edcules i es feien actuacions musicals. Hist\u00f2ria viva no sols de Montaverner, ja que aquest \u00e9s un dels pocs, si no l\u2019\u00fanic, cine dels anys 40 que queda en peu dins d\u2019un casc urb\u00e0 a la Comunitat Valenciana.<\/span><\/p>\n<p style=\"text-align: justify;\"><span style=\"color: #800000;\">La vetlada finalitzar\u00e0 amb l\u2019actuaci\u00f3 musical del pianista de l\u2019Olleria Joanjo Albinyana, dins del programa de concerts \u201cBenicadell Sonor\u201d promogut per l\u2019IEVA (Institut d\u2019Estudis de la Vall d\u2019Albaida).<\/span><\/p>\n<p align=\"left\"><a href=\"http:\/\/www.portaldelolleria.es\/wp-content\/uploads\/2018\/10\/mondoc18.jpg\"><img loading=\"lazy\" class=\"aligncenter size-full wp-image-21640\" title=\"mondoc18\" src=\"http:\/\/www.portaldelolleria.es\/wp-content\/uploads\/2018\/10\/mondoc18.jpg\" alt=\"\" width=\"500\" height=\"750\" srcset=\"http:\/\/www.portaldelolleria.es\/wp-content\/uploads\/2018\/10\/mondoc18.jpg 500w, http:\/\/www.portaldelolleria.es\/wp-content\/uploads\/2018\/10\/mondoc18-200x300.jpg 200w\" sizes=\"(max-width: 500px) 100vw, 500px\" \/><\/a><\/p>\n","protected":false},"excerpt":{"rendered":"<p>&nbsp; \u00a0Ajuntament de Montaverner, 17\/10\/2018 MONTAVERNER PRESENTA EL CARTEL DE MON\u00b7DOC 2018 En el acto adem\u00e1s se inaugurar\u00e1 la exposici\u00f3n \u201c75 a\u00f1os de Cinema Royal en Montaverner\u201d y contar\u00e1 con la actuaci\u00f3n musical del pianista Joanjo Albinyana. El viernes 19 de octubre el Auditorio Luis Peir\u00f3 de Montaverner se llenar\u00e1 de vecinos y autoridades para [&hellip;]<\/p>\n","protected":false},"author":1,"featured_media":0,"comment_status":"closed","ping_status":"open","sticky":false,"template":"","format":"standard","meta":{"_monsterinsights_skip_tracking":false,"_monsterinsights_sitenote_active":false,"_monsterinsights_sitenote_note":"","_monsterinsights_sitenote_category":0},"categories":[789,12],"tags":[],"_links":{"self":[{"href":"http:\/\/www.portaldelolleria.es\/index.php?rest_route=\/wp\/v2\/posts\/21639"}],"collection":[{"href":"http:\/\/www.portaldelolleria.es\/index.php?rest_route=\/wp\/v2\/posts"}],"about":[{"href":"http:\/\/www.portaldelolleria.es\/index.php?rest_route=\/wp\/v2\/types\/post"}],"author":[{"embeddable":true,"href":"http:\/\/www.portaldelolleria.es\/index.php?rest_route=\/wp\/v2\/users\/1"}],"replies":[{"embeddable":true,"href":"http:\/\/www.portaldelolleria.es\/index.php?rest_route=%2Fwp%2Fv2%2Fcomments&post=21639"}],"version-history":[{"count":4,"href":"http:\/\/www.portaldelolleria.es\/index.php?rest_route=\/wp\/v2\/posts\/21639\/revisions"}],"predecessor-version":[{"id":21645,"href":"http:\/\/www.portaldelolleria.es\/index.php?rest_route=\/wp\/v2\/posts\/21639\/revisions\/21645"}],"wp:attachment":[{"href":"http:\/\/www.portaldelolleria.es\/index.php?rest_route=%2Fwp%2Fv2%2Fmedia&parent=21639"}],"wp:term":[{"taxonomy":"category","embeddable":true,"href":"http:\/\/www.portaldelolleria.es\/index.php?rest_route=%2Fwp%2Fv2%2Fcategories&post=21639"},{"taxonomy":"post_tag","embeddable":true,"href":"http:\/\/www.portaldelolleria.es\/index.php?rest_route=%2Fwp%2Fv2%2Ftags&post=21639"}],"curies":[{"name":"wp","href":"https:\/\/api.w.org\/{rel}","templated":true}]}}