{"id":21659,"date":"2018-10-22T20:02:46","date_gmt":"2018-10-22T18:02:46","guid":{"rendered":"http:\/\/www.portaldelolleria.es\/?p=21659"},"modified":"2018-10-23T14:28:19","modified_gmt":"2018-10-23T12:28:19","slug":"programa-fira-de-lolleria-2018","status":"publish","type":"post","link":"http:\/\/www.portaldelolleria.es\/?p=21659","title":{"rendered":"Programa Fira de l&#8217;Olleria 2018"},"content":{"rendered":"<p><a href=\"http:\/\/www.portaldelolleria.es\/wp-content\/uploads\/2018\/10\/FIRA2018.jpg\"><img loading=\"lazy\" class=\"aligncenter size-full wp-image-21687\" title=\"FIRA2018\" src=\"http:\/\/www.portaldelolleria.es\/wp-content\/uploads\/2018\/10\/FIRA2018.jpg\" alt=\"\" width=\"598\" height=\"396\" srcset=\"http:\/\/www.portaldelolleria.es\/wp-content\/uploads\/2018\/10\/FIRA2018.jpg 598w, http:\/\/www.portaldelolleria.es\/wp-content\/uploads\/2018\/10\/FIRA2018-300x198.jpg 300w\" sizes=\"(max-width: 598px) 100vw, 598px\" \/><\/a><\/p>\n<p>&nbsp;<\/p>\n<p><span style=\"color: #800000;\"><strong>Viernes 26 de octubre<\/strong><\/span><\/p>\n<p>20:30 h <strong>Inauguraci\u00f3n<\/strong><\/p>\n<p>Desde la plaza de la Virgen de Loreto, corte de cinta y actuaci\u00f3n del <strong>Grupo de Danzas El Revol,\u00a0 y Balls dels Locos<\/strong>, junto a las notas de <strong>Colla La Morralla<\/strong>.\u00a0 Acompa\u00f1ando el paso la <strong>SEM Sta Cecilia de l\u2019Olleria<\/strong> durante todo el recorrido.\u00a0\u00a0 Una vez en el recinto de atracciones,\u00a0 tras las actuaciones de los grupos tradicionales, se disparar\u00e1 el l castillo de fuegos artificiales en el Parc Beat Ferreres.<\/p>\n<p>&nbsp;<\/p>\n<p><span style=\"color: #800000;\"><strong>S\u00e1bado 27 de octubre<\/strong><\/span><\/p>\n<p>8:15 h <strong>XIX Volta Cicloturista<\/strong> a la Vall d\u2019Albaida, Memorial Rafael Ferri \u201cMauro\u201d.\u00a0\u00a0\u00a0\u00a0 Salida a las 9:00 h, llegada a las 12:30 h.\u00a0 Organiza CC Cap Amunt.<\/p>\n<p><em> (l&#8217;Olleria-Alfarras\u00ed-Benisuera-Sempere-Guadass\u00e9quies- Benig\u00e0nim\/ Alfarras\u00ed- L&#8217;Olleria)<\/em><\/p>\n<p>10:30 a 12:00 h Exhibici\u00f3n de \u00abBall Cubb\u00e0\u00bb Libre participaci\u00f3n.\u00a0 Parque Beat Ferreres<\/p>\n<p>12:00 a 14:00 h Punt Violeta en la plaza de Loreto<\/p>\n<p>18:oo h\u00a0 Apertura <strong>Casa del Terror<\/strong> en la avda Bautista Ferreres, 11. Organiza Banda de Cornetas y Tambores del Stmo Cristo de La Palma.<\/p>\n<p>18:00 a 21:00 h Exposici\u00f3n itinerante <strong>\u00abJaume I a la Vall d&#8217;Albaida\u00bb<\/strong>,\u00a0 Casa Santonja<\/p>\n<p>00:30 h\u00a0 Verbena musical con\u00a0 la orquesta <strong>Montecarlo <\/strong>parque Beat Pare Ferreres<strong><br \/>\n<\/strong><\/p>\n<p>&nbsp;<\/p>\n<p><span style=\"color: #800000;\"><strong>Domingo 28 de octubre<\/strong><\/span><\/p>\n<p>9:00 h <strong>XXIII\u00a0 Vuelta de vehiculos cl\u00e1sicos<\/strong> a la Vall d\u2019Albaida.\u00a0 Salida a las 10:00 h.\u00a0 Organiza \u201cDos Rodes Cl\u00e1ssiques\u201d.<\/p>\n<p><em> (l&#8217;Olleria-Alfarras\u00ed-Benisuera-Sempere-Guadass\u00e9quies-Benig\u00e0nim-La Pobla del Duc- Quatretonda-Benig\u00e0nim\/ Guadass\u00e9quies-Alfarras\u00ed-l&#8217;Olleria)<\/em><\/p>\n<p>11:00 a 14:00 h Minib\u00e0squet al carrer.\u00a0 Parque Beat Pare Ferreres<\/p>\n<p><span style=\"color: #000000;\">11:00 h \u201cPasacalles\u201d\u00a0 de <strong>carruajes y caballos<\/strong> por la localidad a cargo de la Asociaci\u00f3n de Amigos del Caballo<\/span><\/p>\n<p><span style=\"color: #000000;\">12:00 h\u00a0 Espect\u00e1culo equestre\u00a0 \u201c<strong>Exhibici\u00f3n de Monta y Doma<\/strong>\u201cen el solar de la calle Juan XXIII\/camino Capuchinos.<\/span><\/p>\n<p><span style=\"color: #000000;\"><strong>12:00 h Espect\u00e1culo familiar\u00a0 \u00abCirc l&#8217;Engranatge\u00bb. <\/strong>Plaza de Loreto<strong><br \/>\n<\/strong><\/span><\/p>\n<p>12:00 a 14:00 h Punt Violeta en plaza de Loreto<span style=\"color: #000000;\"><strong><br \/>\n<\/strong><\/span><\/p>\n<p><span style=\"color: #000000;\"><strong>14:00 h\u00a0 Globot\u00e0:\u00a0 Pinchamiento de globos en la calle Ausi\u00e0s March.\u00a0 Asociaci\u00f3n Amigos de la \u201cCord\u00e1 de Gl\u00f2ria\u201d<\/strong><\/span><\/p>\n<p>&nbsp;<\/p>\n<p><span style=\"color: #000000;\">17:00 h Apertura <strong>Casa del Terror<\/strong><\/span><\/p>\n<p>1800. 21:00 h Exposici\u00f3n itinerante <strong>\u00abJaume I a la Vall d&#8217;Albaida\u00bb<\/strong>,\u00a0 Casa Santonja<\/p>\n<p>&nbsp;<\/p>\n<p><strong><span style=\"color: #800000;\">Lunes 29 de octub<\/span>re<\/strong> (D\u00eda del ni\u00f1o\/a) Todas las atracciones a precio econ\u00f3mico.<\/p>\n<p>17:30 h\u00a0 Apertura<strong> Casa del Terror<\/strong><\/p>\n<p>&nbsp;<\/p>\n<p><a href=\"http:\/\/www.portaldelolleria.es\/wp-content\/uploads\/2018\/10\/cartel2018final.jpg\"><img loading=\"lazy\" class=\"aligncenter size-full wp-image-21677\" title=\"cartel2018final\" src=\"http:\/\/www.portaldelolleria.es\/wp-content\/uploads\/2018\/10\/cartel2018final.jpg\" alt=\"\" width=\"600\" height=\"855\" srcset=\"http:\/\/www.portaldelolleria.es\/wp-content\/uploads\/2018\/10\/cartel2018final.jpg 600w, http:\/\/www.portaldelolleria.es\/wp-content\/uploads\/2018\/10\/cartel2018final-210x300.jpg 210w\" sizes=\"(max-width: 600px) 100vw, 600px\" \/><\/a><\/p>\n<p>&nbsp;<\/p>\n<p><a href=\"http:\/\/www.portaldelolleria.es\/wp-content\/uploads\/2018\/10\/firacoches.jpg\"><img loading=\"lazy\" class=\"aligncenter size-full wp-image-21678\" title=\"firacoches\" src=\"http:\/\/www.portaldelolleria.es\/wp-content\/uploads\/2018\/10\/firacoches.jpg\" alt=\"\" width=\"600\" height=\"423\" srcset=\"http:\/\/www.portaldelolleria.es\/wp-content\/uploads\/2018\/10\/firacoches.jpg 600w, http:\/\/www.portaldelolleria.es\/wp-content\/uploads\/2018\/10\/firacoches-300x211.jpg 300w\" sizes=\"(max-width: 600px) 100vw, 600px\" \/><\/a><\/p>\n<p>&nbsp;<\/p>\n<p><a href=\"http:\/\/www.portaldelolleria.es\/wp-content\/uploads\/2018\/10\/firabicis2.jpg\"><img loading=\"lazy\" class=\"aligncenter size-full wp-image-21679\" title=\"firabicis2\" src=\"http:\/\/www.portaldelolleria.es\/wp-content\/uploads\/2018\/10\/firabicis2.jpg\" alt=\"\" width=\"600\" height=\"395\" srcset=\"http:\/\/www.portaldelolleria.es\/wp-content\/uploads\/2018\/10\/firabicis2.jpg 600w, http:\/\/www.portaldelolleria.es\/wp-content\/uploads\/2018\/10\/firabicis2-300x197.jpg 300w\" sizes=\"(max-width: 600px) 100vw, 600px\" \/><\/a><\/p>\n<p><a href=\"http:\/\/www.portaldelolleria.es\/wp-content\/uploads\/2018\/10\/firamontecarlo.jpg\"><img loading=\"lazy\" class=\"aligncenter size-full wp-image-21681\" title=\"firamontecarlo\" src=\"http:\/\/www.portaldelolleria.es\/wp-content\/uploads\/2018\/10\/firamontecarlo.jpg\" alt=\"\" width=\"600\" height=\"419\" srcset=\"http:\/\/www.portaldelolleria.es\/wp-content\/uploads\/2018\/10\/firamontecarlo.jpg 600w, http:\/\/www.portaldelolleria.es\/wp-content\/uploads\/2018\/10\/firamontecarlo-300x209.jpg 300w\" sizes=\"(max-width: 600px) 100vw, 600px\" \/><\/a><\/p>\n<p><a href=\"http:\/\/www.portaldelolleria.es\/wp-content\/uploads\/2018\/10\/firaengranaje.jpg\"><img loading=\"lazy\" class=\"aligncenter size-full wp-image-21682\" title=\"firaengranaje\" src=\"http:\/\/www.portaldelolleria.es\/wp-content\/uploads\/2018\/10\/firaengranaje.jpg\" alt=\"\" width=\"600\" height=\"435\" srcset=\"http:\/\/www.portaldelolleria.es\/wp-content\/uploads\/2018\/10\/firaengranaje.jpg 600w, http:\/\/www.portaldelolleria.es\/wp-content\/uploads\/2018\/10\/firaengranaje-300x217.jpg 300w\" sizes=\"(max-width: 600px) 100vw, 600px\" \/><\/a><\/p>\n<p>&nbsp;<\/p>\n<p><a href=\"http:\/\/www.portaldelolleria.es\/wp-content\/uploads\/2018\/10\/jaume1.jpg\"><img loading=\"lazy\" class=\"aligncenter size-full wp-image-21686\" title=\"jaume\" src=\"http:\/\/www.portaldelolleria.es\/wp-content\/uploads\/2018\/10\/jaume1.jpg\" alt=\"\" width=\"600\" height=\"429\" srcset=\"http:\/\/www.portaldelolleria.es\/wp-content\/uploads\/2018\/10\/jaume1.jpg 600w, http:\/\/www.portaldelolleria.es\/wp-content\/uploads\/2018\/10\/jaume1-300x214.jpg 300w\" sizes=\"(max-width: 600px) 100vw, 600px\" \/><\/a><\/p>\n<p><a href=\"http:\/\/www.portaldelolleria.es\/wp-content\/uploads\/2018\/10\/firavioleta.jpg\"><img loading=\"lazy\" class=\"aligncenter size-full wp-image-21684\" title=\"firavioleta\" src=\"http:\/\/www.portaldelolleria.es\/wp-content\/uploads\/2018\/10\/firavioleta.jpg\" alt=\"\" width=\"533\" height=\"768\" srcset=\"http:\/\/www.portaldelolleria.es\/wp-content\/uploads\/2018\/10\/firavioleta.jpg 533w, http:\/\/www.portaldelolleria.es\/wp-content\/uploads\/2018\/10\/firavioleta-208x300.jpg 208w\" sizes=\"(max-width: 533px) 100vw, 533px\" \/><\/a><\/p>\n","protected":false},"excerpt":{"rendered":"<p>&nbsp; Viernes 26 de octubre 20:30 h Inauguraci\u00f3n Desde la plaza de la Virgen de Loreto, corte de cinta y actuaci\u00f3n del Grupo de Danzas El Revol,\u00a0 y Balls dels Locos, junto a las notas de Colla La Morralla.\u00a0 Acompa\u00f1ando el paso la SEM Sta Cecilia de l\u2019Olleria durante todo el recorrido.\u00a0\u00a0 Una vez en [&hellip;]<\/p>\n","protected":false},"author":1,"featured_media":0,"comment_status":"closed","ping_status":"open","sticky":false,"template":"","format":"standard","meta":{"_monsterinsights_skip_tracking":false,"_monsterinsights_sitenote_active":false,"_monsterinsights_sitenote_note":"","_monsterinsights_sitenote_category":0},"categories":[16,12],"tags":[],"_links":{"self":[{"href":"http:\/\/www.portaldelolleria.es\/index.php?rest_route=\/wp\/v2\/posts\/21659"}],"collection":[{"href":"http:\/\/www.portaldelolleria.es\/index.php?rest_route=\/wp\/v2\/posts"}],"about":[{"href":"http:\/\/www.portaldelolleria.es\/index.php?rest_route=\/wp\/v2\/types\/post"}],"author":[{"embeddable":true,"href":"http:\/\/www.portaldelolleria.es\/index.php?rest_route=\/wp\/v2\/users\/1"}],"replies":[{"embeddable":true,"href":"http:\/\/www.portaldelolleria.es\/index.php?rest_route=%2Fwp%2Fv2%2Fcomments&post=21659"}],"version-history":[{"count":13,"href":"http:\/\/www.portaldelolleria.es\/index.php?rest_route=\/wp\/v2\/posts\/21659\/revisions"}],"predecessor-version":[{"id":21697,"href":"http:\/\/www.portaldelolleria.es\/index.php?rest_route=\/wp\/v2\/posts\/21659\/revisions\/21697"}],"wp:attachment":[{"href":"http:\/\/www.portaldelolleria.es\/index.php?rest_route=%2Fwp%2Fv2%2Fmedia&parent=21659"}],"wp:term":[{"taxonomy":"category","embeddable":true,"href":"http:\/\/www.portaldelolleria.es\/index.php?rest_route=%2Fwp%2Fv2%2Fcategories&post=21659"},{"taxonomy":"post_tag","embeddable":true,"href":"http:\/\/www.portaldelolleria.es\/index.php?rest_route=%2Fwp%2Fv2%2Ftags&post=21659"}],"curies":[{"name":"wp","href":"https:\/\/api.w.org\/{rel}","templated":true}]}}