{"id":21773,"date":"2018-10-30T13:04:37","date_gmt":"2018-10-30T11:04:37","guid":{"rendered":"http:\/\/www.portaldelolleria.es\/?p=21773"},"modified":"2018-10-30T13:09:58","modified_gmt":"2018-10-30T11:09:58","slug":"exito-en-el-primer-ano-del-colegio-mayor-%e2%80%98ovidi-montllor%e2%80%99-despues-de-su-reapertura","status":"publish","type":"post","link":"http:\/\/www.portaldelolleria.es\/?p=21773","title":{"rendered":"\u00c9xito en el primer a\u00f1o del Colegio Mayor \u2018Ovidi Montllor\u2019 despu\u00e9s de su reapertura"},"content":{"rendered":"<p><a href=\"http:\/\/www.portaldelolleria.es\/wp-content\/uploads\/2018\/10\/30415589477_192bd54d4e_o.jpg\"><img loading=\"lazy\" class=\"aligncenter size-full wp-image-21774\" title=\"30415589477_192bd54d4e_o\" src=\"http:\/\/www.portaldelolleria.es\/wp-content\/uploads\/2018\/10\/30415589477_192bd54d4e_o.jpg\" alt=\"\" width=\"598\" height=\"398\" srcset=\"http:\/\/www.portaldelolleria.es\/wp-content\/uploads\/2018\/10\/30415589477_192bd54d4e_o.jpg 598w, http:\/\/www.portaldelolleria.es\/wp-content\/uploads\/2018\/10\/30415589477_192bd54d4e_o-300x199.jpg 300w\" sizes=\"(max-width: 598px) 100vw, 598px\" \/><\/a><\/p>\n<p>&nbsp;<\/p>\n<p><em>Prensa Campus d\u2019Alcoi, 29\/10\/2018<\/em><\/p>\n<p style=\"text-align: justify;\"><strong>\u00c9xito en el primer a\u00f1o del Colegio Mayor \u2018Ovidi Montllor\u2019 despu\u00e9s de su reapertura<\/strong><\/p>\n<p style=\"text-align: justify;\"><strong>Entre 45 y 50 alumnos hacen una estancia de forma continuada durante el curso<\/strong><\/p>\n<p style=\"text-align: justify;\">El Colegio Mayor \u2018Ovidi Montllor\u2019, despu\u00e9s de alg\u00fan tiempo sin actividad, ha reabierto sus puertas hace ahora un a\u00f1o. Su principal objetivo es dar servicio a la comunidad universitaria en general, tanto para alumnos y \u2018Erasmus\u2019, como para profesorado, investigadores, congresistas\u2026 Las instalaciones del colegio est\u00e1n situadas en la Calle Sant Joan de Ribera, 11, en la zona del Viaducto.<\/p>\n<p style=\"text-align: justify;\">Actualmente hacen una estancia de forma continuada entre 45 y 50 alumnos en este curso 2018 \/ 2019. La Subdirectora de Cultura, Deportes, Universidad S\u00e9nior y Colegio Mayor, Rosa Vercher, ha mostrado su satisfacci\u00f3n por la actividad que hay en el Colegio Mayor y por su ambiente \u201cfamiliar y agradable\u201d.<\/p>\n<p style=\"text-align: justify;\">El pasado mi\u00e9rcoles 24 de octubre, el consejo de direcci\u00f3n, design\u00f3 el \u2018Consejo Colegial del\u00a0 curso 2018-19\u2019, formado por 20 colegiales de la UPV, que mediante votaci\u00f3n, eligieron como Decana del Colegio a Eve Lotty Bennett, alumna del Grado en Ingenier\u00eda en Dise\u00f1o Industrial y Desarrollo de Productos y como el nuevo representante del Consejo Colegial a Miguel L\u00f3pez del Pino, alumno del grado en Ingenier\u00eda Inform\u00e1tica.<\/p>\n<p style=\"text-align: justify;\">La mayor\u00eda de habitaciones son individuales y dos de ellas est\u00e1n adaptadas a personas con movilidad reducida. Entre sus instalaciones cuenta con salas de estudio, gimnasio, pista deportiva, sala de TV, comedor con capacidad para 90 comensales, lavander\u00eda de autoservicios, jard\u00edn y sal\u00f3n de actos con capacidad para 130 personas.<\/p>\n<p style=\"text-align: justify;\">La empresa encargada de gestionar el Colegio Mayor es \u2018Comunidad M\u00f3vil Alcoi SL\u2019. A su vez, tambi\u00e9n gestiona la renovada Cafeter\u00eda del Campus. Entre los dos servicios, la empresa da trabajo a 19 personas.\u00a0 Cabe destacar que 2 de estos trabajadores pertenecen a la Asociaci\u00f3n para la Integraci\u00f3n del Ni\u00f1o (AIN).<\/p>\n","protected":false},"excerpt":{"rendered":"<p>&nbsp; Prensa Campus d\u2019Alcoi, 29\/10\/2018 \u00c9xito en el primer a\u00f1o del Colegio Mayor \u2018Ovidi Montllor\u2019 despu\u00e9s de su reapertura Entre 45 y 50 alumnos hacen una estancia de forma continuada durante el curso El Colegio Mayor \u2018Ovidi Montllor\u2019, despu\u00e9s de alg\u00fan tiempo sin actividad, ha reabierto sus puertas hace ahora un a\u00f1o. Su principal objetivo [&hellip;]<\/p>\n","protected":false},"author":1,"featured_media":0,"comment_status":"closed","ping_status":"open","sticky":false,"template":"","format":"standard","meta":{"_monsterinsights_skip_tracking":false,"_monsterinsights_sitenote_active":false,"_monsterinsights_sitenote_note":"","_monsterinsights_sitenote_category":0},"categories":[12,1058],"tags":[],"_links":{"self":[{"href":"http:\/\/www.portaldelolleria.es\/index.php?rest_route=\/wp\/v2\/posts\/21773"}],"collection":[{"href":"http:\/\/www.portaldelolleria.es\/index.php?rest_route=\/wp\/v2\/posts"}],"about":[{"href":"http:\/\/www.portaldelolleria.es\/index.php?rest_route=\/wp\/v2\/types\/post"}],"author":[{"embeddable":true,"href":"http:\/\/www.portaldelolleria.es\/index.php?rest_route=\/wp\/v2\/users\/1"}],"replies":[{"embeddable":true,"href":"http:\/\/www.portaldelolleria.es\/index.php?rest_route=%2Fwp%2Fv2%2Fcomments&post=21773"}],"version-history":[{"count":3,"href":"http:\/\/www.portaldelolleria.es\/index.php?rest_route=\/wp\/v2\/posts\/21773\/revisions"}],"predecessor-version":[{"id":21777,"href":"http:\/\/www.portaldelolleria.es\/index.php?rest_route=\/wp\/v2\/posts\/21773\/revisions\/21777"}],"wp:attachment":[{"href":"http:\/\/www.portaldelolleria.es\/index.php?rest_route=%2Fwp%2Fv2%2Fmedia&parent=21773"}],"wp:term":[{"taxonomy":"category","embeddable":true,"href":"http:\/\/www.portaldelolleria.es\/index.php?rest_route=%2Fwp%2Fv2%2Fcategories&post=21773"},{"taxonomy":"post_tag","embeddable":true,"href":"http:\/\/www.portaldelolleria.es\/index.php?rest_route=%2Fwp%2Fv2%2Ftags&post=21773"}],"curies":[{"name":"wp","href":"https:\/\/api.w.org\/{rel}","templated":true}]}}