{"id":21793,"date":"2018-11-02T13:37:39","date_gmt":"2018-11-02T11:37:39","guid":{"rendered":"http:\/\/www.portaldelolleria.es\/?p=21793"},"modified":"2018-11-02T13:39:59","modified_gmt":"2018-11-02T11:39:59","slug":"mondoc-presenta-la-programacion-del-10%c2%ba-aniversario-de-la-muestra","status":"publish","type":"post","link":"http:\/\/www.portaldelolleria.es\/?p=21793","title":{"rendered":"MONDOC presenta la programaci\u00f3n del 10\u00ba aniversario de la muestra"},"content":{"rendered":"<p><a href=\"http:\/\/www.portaldelolleria.es\/wp-content\/uploads\/2018\/11\/mondoc_181.jpg\"><img loading=\"lazy\" class=\"aligncenter size-full wp-image-21797\" title=\"mondoc_18\" src=\"http:\/\/www.portaldelolleria.es\/wp-content\/uploads\/2018\/11\/mondoc_181.jpg\" alt=\"\" width=\"598\" height=\"396\" srcset=\"http:\/\/www.portaldelolleria.es\/wp-content\/uploads\/2018\/11\/mondoc_181.jpg 598w, http:\/\/www.portaldelolleria.es\/wp-content\/uploads\/2018\/11\/mondoc_181-300x198.jpg 300w\" sizes=\"(max-width: 598px) 100vw, 598px\" \/><\/a><\/p>\n<p>&nbsp;<\/p>\n<p align=\"center\"><strong>MON\u00b7DOC PRESENTA LA PROGRAMACI\u00d3N DEL 10\u00ba ANIVERSARIO DE LA MUESTRA<\/strong><\/p>\n<p>&nbsp;<\/p>\n<p style=\"text-align: justify;\"><strong>Dieciocho pel\u00edculas se proyectar\u00e1n del 23 de noviembre al 1 de diciembre en Montaverner.<\/strong><\/p>\n<p style=\"text-align: justify;\">Doce documentales finalistas del Premio MON\u00b7DOC y seis proyecciones fuera de concurso conforman la programaci\u00f3n de la edici\u00f3n 2018 de la Muestra, que cumple 10 a\u00f1os llevando el mejor cine documental de todo el mundo hasta el coraz\u00f3n de la Vall d\u2019Albaida.<\/p>\n<p style=\"text-align: justify;\">Seis largometrajes y seis cortometrajes han sido seleccionados entre los m\u00e1s de doscientos presentados a la 6\u00aa edici\u00f3n del Premio MON\u00b7DOC. Estos trabajos ser\u00e1n valorados por dos jurados independientes formados por profesionales del mundo del cine y el audiovisual. Adem\u00e1s todos ellos optar\u00e1n al Premio del P\u00fablico, otorgado con las votaciones de los espectadores presentes en cada sesi\u00f3n en el Auditorio Luis Peir\u00f3.<\/p>\n<p style=\"text-align: justify;\">Fuera de concurso se han programado otros seis documentales, trabajos tanto nacionales como internacionales y premiados o seleccionados en festivales como los Goya y los \u00d3scar: <em>\u2018Muchos hijos, un mono y un castillo\u2019<\/em>, Goya 2018 al Mejor Largo Documental, <em>\u2018Savis de l\u2019Horta\u2019<\/em>, premiado en el DocsValencia 2018 o <em>\u2018La sal de la Tierra\u2019<\/em>, nominado a los \u00d2scar en 2014.<\/p>\n<p style=\"text-align: justify;\">Cerrar\u00e1 la Muestra el 1 de diciembre el documental <em>\u2018La mem\u00f2ria del meu poble\u2019<\/em>, un trabajo que, mediante entrevistas a la gente mayor de Montaverner, recuerda como era la vida en el pueblo hace unas d\u00e9cadas y nos permite ver c\u00f3mo ha cambiado la vida de los vecinos y vecinas de Montaverner los \u00faltimos a\u00f1os.<\/p>\n<p style=\"text-align: justify;\">La programaci\u00f3n completa puede consultarse en la p\u00e1gina web de MON\u00b7DOC: <a href=\"http:\/\/montdoc.blogspot.com\/\" target=\"_blank\">http:\/\/montdoc.blogspot.com.es.<\/a><\/p>\n<p style=\"text-align: justify;\">__________________________________________<\/p>\n<p style=\"text-align: center;\" align=\"center\"><strong>MON\u00b7DOC PRESENTA LA PROGRAMACI\u00d3 DEL 10\u00e9 ANIVERSARI DE LA MOSTRA<\/strong><\/p>\n<p style=\"text-align: justify;\"><span style=\"color: #800000;\"><strong>D\u00edhuit pel\u00b7l\u00edcules es projectaran del 23 de novembre a l\u20191 de desembre a Montaverner.<\/strong><\/span><\/p>\n<p style=\"text-align: justify;\"><span style=\"color: #800000;\">Dotze documentals finalistes del Premi MON\u00b7DOC i sis projeccions fora de concurs conformen la programaci\u00f3 de l\u2019edici\u00f3 2018 de la Mostra, que complix 10 anys portant el millor cine documental d\u2019arreu del m\u00f3n fins al cor de la Vall d\u2019Albaida.<\/span><\/p>\n<p style=\"text-align: justify;\"><span style=\"color: #800000;\">Sis llargmetratges i sis curtmetratges han sigut seleccionats d\u2019entre els m\u00e9s de dos-cents presentats a la 6a edici\u00f3 del Premi MON\u00b7DOC. Estos treballs seran valorats per dos jurats independents formats per professionals del m\u00f3n del cine i l\u2019audiovisual. A m\u00e9s tots ells optaran al Premi del P\u00fablic, atorgat amb les votacions dels espectadors presents en cada sessi\u00f3 a l\u2019Auditori Luis Peir\u00f3.<\/span><\/p>\n<p style=\"text-align: justify;\"><span style=\"color: #800000;\">Fora de concurs s\u2019han programat altres sis documentals, treballs tant nacionals com internacionals i premiats o seleccionats a festivals com els Goya i els \u00d2scar: <em>\u2018Muchos hijos, un mono y un castillo\u2019<\/em>, Goya 2018 al Millor Llarg Documental, <em>\u2018Savis de l\u2019Horta\u2019<\/em>, premiat al DocsValencia 2018 o <em>\u2018La sal de la Tierra\u2019<\/em>, nominat als \u00d2scar el 2014.<\/span><\/p>\n<p style=\"text-align: justify;\"><span style=\"color: #800000;\">Tancar\u00e0 la Mostra l\u20191 de desembre el documental <em>\u2018La mem\u00f2ria del meu poble\u2019<\/em>, un treball que, mitjan\u00e7ant entrevistes a la gent gran de Montaverner, recorda com era la vida al poble fa unes d\u00e8cades i ens permet vore com ha canviat la vida dels ve\u00efns i ve\u00efnes de Montaverner els \u00faltims anys.<\/span><\/p>\n<p style=\"text-align: justify;\"><span style=\"color: #800000;\">La programaci\u00f3 completa pot consultar-se a la p\u00e0gina web de MON\u00b7DOC: <a href=\"http:\/\/montdoc.blogspot.com\/\" target=\"_blank\">http:\/\/montdoc.blogspot.com.es.<\/a><\/span><\/p>\n<p style=\"text-align: justify;\"><a href=\"http:\/\/www.portaldelolleria.es\/wp-content\/uploads\/2018\/11\/mondoc2018pro.jpg\"><img loading=\"lazy\" class=\"aligncenter size-full wp-image-21794\" title=\"mondoc2018pro\" src=\"http:\/\/www.portaldelolleria.es\/wp-content\/uploads\/2018\/11\/mondoc2018pro.jpg\" alt=\"\" width=\"500\" height=\"1701\" srcset=\"http:\/\/www.portaldelolleria.es\/wp-content\/uploads\/2018\/11\/mondoc2018pro.jpg 500w, http:\/\/www.portaldelolleria.es\/wp-content\/uploads\/2018\/11\/mondoc2018pro-88x300.jpg 88w\" sizes=\"(max-width: 500px) 100vw, 500px\" \/><\/a><\/p>\n<p style=\"text-align: justify;\"><a href=\"http:\/\/montdoc.blogspot.com.es.\" target=\"_blank\"><img loading=\"lazy\" class=\"aligncenter size-full wp-image-21796\" title=\"MONDOC 2018 web\" src=\"http:\/\/www.portaldelolleria.es\/wp-content\/uploads\/2018\/11\/MONDOC-2018-web.jpg\" alt=\"\" width=\"500\" height=\"705\" srcset=\"http:\/\/www.portaldelolleria.es\/wp-content\/uploads\/2018\/11\/MONDOC-2018-web.jpg 500w, http:\/\/www.portaldelolleria.es\/wp-content\/uploads\/2018\/11\/MONDOC-2018-web-212x300.jpg 212w\" sizes=\"(max-width: 500px) 100vw, 500px\" \/><\/a><\/p>\n","protected":false},"excerpt":{"rendered":"<p>&nbsp; MON\u00b7DOC PRESENTA LA PROGRAMACI\u00d3N DEL 10\u00ba ANIVERSARIO DE LA MUESTRA &nbsp; Dieciocho pel\u00edculas se proyectar\u00e1n del 23 de noviembre al 1 de diciembre en Montaverner. Doce documentales finalistas del Premio MON\u00b7DOC y seis proyecciones fuera de concurso conforman la programaci\u00f3n de la edici\u00f3n 2018 de la Muestra, que cumple 10 a\u00f1os llevando el mejor [&hellip;]<\/p>\n","protected":false},"author":1,"featured_media":0,"comment_status":"closed","ping_status":"open","sticky":false,"template":"","format":"standard","meta":{"_monsterinsights_skip_tracking":false,"_monsterinsights_sitenote_active":false,"_monsterinsights_sitenote_note":"","_monsterinsights_sitenote_category":0},"categories":[789,12],"tags":[],"_links":{"self":[{"href":"http:\/\/www.portaldelolleria.es\/index.php?rest_route=\/wp\/v2\/posts\/21793"}],"collection":[{"href":"http:\/\/www.portaldelolleria.es\/index.php?rest_route=\/wp\/v2\/posts"}],"about":[{"href":"http:\/\/www.portaldelolleria.es\/index.php?rest_route=\/wp\/v2\/types\/post"}],"author":[{"embeddable":true,"href":"http:\/\/www.portaldelolleria.es\/index.php?rest_route=\/wp\/v2\/users\/1"}],"replies":[{"embeddable":true,"href":"http:\/\/www.portaldelolleria.es\/index.php?rest_route=%2Fwp%2Fv2%2Fcomments&post=21793"}],"version-history":[{"count":3,"href":"http:\/\/www.portaldelolleria.es\/index.php?rest_route=\/wp\/v2\/posts\/21793\/revisions"}],"predecessor-version":[{"id":21800,"href":"http:\/\/www.portaldelolleria.es\/index.php?rest_route=\/wp\/v2\/posts\/21793\/revisions\/21800"}],"wp:attachment":[{"href":"http:\/\/www.portaldelolleria.es\/index.php?rest_route=%2Fwp%2Fv2%2Fmedia&parent=21793"}],"wp:term":[{"taxonomy":"category","embeddable":true,"href":"http:\/\/www.portaldelolleria.es\/index.php?rest_route=%2Fwp%2Fv2%2Fcategories&post=21793"},{"taxonomy":"post_tag","embeddable":true,"href":"http:\/\/www.portaldelolleria.es\/index.php?rest_route=%2Fwp%2Fv2%2Ftags&post=21793"}],"curies":[{"name":"wp","href":"https:\/\/api.w.org\/{rel}","templated":true}]}}