{"id":21827,"date":"2018-11-06T20:21:04","date_gmt":"2018-11-06T18:21:04","guid":{"rendered":"http:\/\/www.portaldelolleria.es\/?p=21827"},"modified":"2018-11-06T20:23:45","modified_gmt":"2018-11-06T18:23:45","slug":"presentacion-del-libro-lolleria-vila-reial-aproximacio-a-la-seua-historia","status":"publish","type":"post","link":"http:\/\/www.portaldelolleria.es\/?p=21827","title":{"rendered":"Presentaci\u00f3n del libro \u00abL&#8217;Olleria, Vila Reial, aproximaci\u00f3 a la seua historia\u00bb"},"content":{"rendered":"<p><a href=\"http:\/\/www.portaldelolleria.es\/wp-content\/uploads\/2018\/11\/libro.jpg\"><img loading=\"lazy\" class=\"aligncenter size-full wp-image-21832\" title=\"libro\" src=\"http:\/\/www.portaldelolleria.es\/wp-content\/uploads\/2018\/11\/libro.jpg\" alt=\"\" width=\"598\" height=\"396\" srcset=\"http:\/\/www.portaldelolleria.es\/wp-content\/uploads\/2018\/11\/libro.jpg 598w, http:\/\/www.portaldelolleria.es\/wp-content\/uploads\/2018\/11\/libro-300x198.jpg 300w\" sizes=\"(max-width: 598px) 100vw, 598px\" \/><\/a><\/p>\n<div>\n<div style=\"text-align: justify;\">La Casa Santonja acogi\u00f3 el pasado viernes 2 de noviembre,\u00a0 la presentaci\u00f3n de la reedici\u00f3n del libro<strong> \u00ab<\/strong><strong>L&#8217;Olleria, Vila Reial, aproximaci\u00f3 a la seua historia<\/strong>\u00ab. Libro que ya fu\u00e9 publicado en 1989 y que ahora ha sido reeditado\u00a0 por el Ayuntamiento de l&#8217;Olleria y el Instituto de Estudios de la Vall d&#8217;Albaida (IEVA), con el apoyo del \u00e1rea de Cultura de la Diputaci\u00f3n de Valencia.\u00a0 El libro, obra del historiador <strong>Germ\u00e1n Ram\u00edrez Aled\u00f3n<\/strong>, es una de las investigaciones pioneras en Valencia sobre historia local, centrada especialmente en la \u00e9poca en que l&#8217;Oller\u00eda consigue la segregaci\u00f3n definitiva como Vila Real,\u00a0 de la ciudad de X\u00e0tiva en 1588.\u00a0\u00a0 El historiador, estuvo acompa\u00f1ado en la presentaci\u00f3n por el diputado de Cultura <strong>Xavier Rius<\/strong>, el alcalde de l&#8217;Olleria, <strong>Juli\u00e0 Engo<\/strong>, y <strong>Josep Albinyana<\/strong> en representaci\u00f3n del IEVA<\/div>\n<\/div>\n<div style=\"text-align: justify;\"><strong>Germ\u00e1n Ram\u00edrez Aled\u00f3n<\/strong><\/div>\n<div style=\"text-align: justify;\">\n<p style=\"text-align: justify;\">Nacido el 7 de junio de 1949 en Valencia. Licenciado en Filosof\u00eda y Letras (Secci\u00f3n Geograf\u00eda e Historia) por la Universidad de Valencia en 1973. Catedr\u00e1tico de Instituto de Ense\u00f1anza Media, en la especialidad de Geograf\u00eda e Historia desde 1976. Jefe de Departamento de Geograf\u00eda e Historia en los Institutos de Almorad\u00ed (Alicante), &#8216;Jos\u00e9 de Ribera&#8217; de X\u00e0tiva (Valencia) y &#8216;Cid Campeador&#8217; de Valencia desde 1976 a 1996.<\/p>\n<p style=\"text-align: justify;\">Visualizar <a href=\"http:\/\/www.academia.edu\/1035523\/L_Olleria_Vila_Reial._Aproximaci%C3%B3_a_la_seua_hist%C3%B2ria_Ed._L_Esquer_Valencia-l_Olleria_1989_411_pp._ISBN_84-85525-49-3\" target=\"_blank\">edici\u00f3n de 1989<\/a><\/p>\n<p style=\"text-align: justify;\">__________________________________________<\/p>\n<p style=\"text-align: justify;\"><span style=\"color: #800000;\">La Casa Santonja va acollir el passat divendres 2 de novembre, la presentaci\u00f3 de reedici\u00f3 del llibre \u00ab<strong>L&#8217;Olleria, Vila Reial aproximaci\u00f3 a la seua hist\u00f2ria<\/strong>\u00ab. Llibre que ja va ser publicat en 1989 i que ara ha estat reeditat per l&#8217;Ajuntament de l&#8217;Olleria i l&#8217;Institut d&#8217;Estudis de la Vall d&#8217;Albaida (IEVA), amb el suport de l&#8217;\u00e0rea de Cultura de la Diputaci\u00f3 de Val\u00e8ncia. El llibre, obra de l&#8217;historiador <strong>Germ\u00e1n Ram\u00edrez Aled\u00f3n<\/strong>, \u00e9s una de les investigacions pioneres a Val\u00e8ncia sobre hist\u00f2ria local, centrada especialment en l&#8217;\u00e8poca en qu\u00e8 l&#8217;Olleria aconsegueix la segregaci\u00f3 definitiva com a Vila Real, de la ciutat de X\u00e0tiva en 1588. L&#8217;historiador , va estar acompanyat en la presentaci\u00f3 pel diputat de Cultura <strong>Xavier Rius<\/strong>, l&#8217;alcalde de l&#8217;Olleria,<strong> Juli\u00e0 Engo<\/strong>, i <strong>Josep Albinyana<\/strong> en representaci\u00f3 de l&#8217;IEVA <\/span><\/p>\n<p style=\"text-align: justify;\"><span style=\"color: #800000;\"><strong>Germ\u00e1n Ram\u00edrez Aled\u00f3n<\/strong> Nascut el 7 de juny de 1949 a Val\u00e8ncia. Llicenciat en Filosofia i Lletres (Secci\u00f3 Geografia i Hist\u00f2ria) per la Universitat de Val\u00e8ncia en 1973. Catedr\u00e0tic d&#8217;Institut d&#8217;Ensenyament Mitj\u00e0, en l&#8217;especialitat de Geografia i Hist\u00f2ria des de 1976. Cap de Departament de Geografia i Hist\u00f2ria en els Instituts d&#8217;Almorad\u00ed (Alacant ), &#8216;Josep de Ribera&#8217; de X\u00e0tiva (Val\u00e8ncia) i &#8216;Cid Campeador&#8217; de Val\u00e8ncia des de 1976 a de 1996. Visualitzar edici\u00f3 de 1989<\/span><\/p>\n<p><a href=\"http:\/\/www.portaldelolleria.es\/wp-content\/uploads\/2018\/11\/libro5.jpg\"><img loading=\"lazy\" class=\"aligncenter size-full wp-image-21828\" title=\"libro5\" src=\"http:\/\/www.portaldelolleria.es\/wp-content\/uploads\/2018\/11\/libro5.jpg\" alt=\"\" width=\"598\" height=\"333\" srcset=\"http:\/\/www.portaldelolleria.es\/wp-content\/uploads\/2018\/11\/libro5.jpg 598w, http:\/\/www.portaldelolleria.es\/wp-content\/uploads\/2018\/11\/libro5-300x167.jpg 300w\" sizes=\"(max-width: 598px) 100vw, 598px\" \/><\/a><\/p>\n<p><a href=\"http:\/\/www.portaldelolleria.es\/wp-content\/uploads\/2018\/11\/libro1.jpg\"><img loading=\"lazy\" class=\"aligncenter size-full wp-image-21829\" title=\"libro1\" src=\"http:\/\/www.portaldelolleria.es\/wp-content\/uploads\/2018\/11\/libro1.jpg\" alt=\"\" width=\"598\" height=\"396\" srcset=\"http:\/\/www.portaldelolleria.es\/wp-content\/uploads\/2018\/11\/libro1.jpg 598w, http:\/\/www.portaldelolleria.es\/wp-content\/uploads\/2018\/11\/libro1-300x198.jpg 300w\" sizes=\"(max-width: 598px) 100vw, 598px\" \/><\/a><\/p>\n<p><a href=\"http:\/\/www.portaldelolleria.es\/wp-content\/uploads\/2018\/11\/libro3.jpg\"><img loading=\"lazy\" class=\"aligncenter size-full wp-image-21830\" title=\"libro3\" src=\"http:\/\/www.portaldelolleria.es\/wp-content\/uploads\/2018\/11\/libro3.jpg\" alt=\"\" width=\"598\" height=\"396\" srcset=\"http:\/\/www.portaldelolleria.es\/wp-content\/uploads\/2018\/11\/libro3.jpg 598w, http:\/\/www.portaldelolleria.es\/wp-content\/uploads\/2018\/11\/libro3-300x198.jpg 300w\" sizes=\"(max-width: 598px) 100vw, 598px\" \/><\/a><\/p>\n<p><a href=\"http:\/\/www.portaldelolleria.es\/wp-content\/uploads\/2018\/11\/libro2.jpg\"><img loading=\"lazy\" class=\"aligncenter size-full wp-image-21831\" title=\"libro2\" src=\"http:\/\/www.portaldelolleria.es\/wp-content\/uploads\/2018\/11\/libro2.jpg\" alt=\"\" width=\"598\" height=\"396\" srcset=\"http:\/\/www.portaldelolleria.es\/wp-content\/uploads\/2018\/11\/libro2.jpg 598w, http:\/\/www.portaldelolleria.es\/wp-content\/uploads\/2018\/11\/libro2-300x198.jpg 300w\" sizes=\"(max-width: 598px) 100vw, 598px\" \/><\/a><\/p>\n<p>&nbsp;<\/p>\n<\/div>\n","protected":false},"excerpt":{"rendered":"<p>La Casa Santonja acogi\u00f3 el pasado viernes 2 de noviembre,\u00a0 la presentaci\u00f3n de la reedici\u00f3n del libro \u00abL&#8217;Olleria, Vila Reial, aproximaci\u00f3 a la seua historia\u00ab. Libro que ya fu\u00e9 publicado en 1989 y que ahora ha sido reeditado\u00a0 por el Ayuntamiento de l&#8217;Olleria y el Instituto de Estudios de la Vall d&#8217;Albaida (IEVA), con el [&hellip;]<\/p>\n","protected":false},"author":1,"featured_media":0,"comment_status":"closed","ping_status":"open","sticky":false,"template":"","format":"standard","meta":{"_monsterinsights_skip_tracking":false,"_monsterinsights_sitenote_active":false,"_monsterinsights_sitenote_note":"","_monsterinsights_sitenote_category":0},"categories":[3,12],"tags":[],"_links":{"self":[{"href":"http:\/\/www.portaldelolleria.es\/index.php?rest_route=\/wp\/v2\/posts\/21827"}],"collection":[{"href":"http:\/\/www.portaldelolleria.es\/index.php?rest_route=\/wp\/v2\/posts"}],"about":[{"href":"http:\/\/www.portaldelolleria.es\/index.php?rest_route=\/wp\/v2\/types\/post"}],"author":[{"embeddable":true,"href":"http:\/\/www.portaldelolleria.es\/index.php?rest_route=\/wp\/v2\/users\/1"}],"replies":[{"embeddable":true,"href":"http:\/\/www.portaldelolleria.es\/index.php?rest_route=%2Fwp%2Fv2%2Fcomments&post=21827"}],"version-history":[{"count":2,"href":"http:\/\/www.portaldelolleria.es\/index.php?rest_route=\/wp\/v2\/posts\/21827\/revisions"}],"predecessor-version":[{"id":21834,"href":"http:\/\/www.portaldelolleria.es\/index.php?rest_route=\/wp\/v2\/posts\/21827\/revisions\/21834"}],"wp:attachment":[{"href":"http:\/\/www.portaldelolleria.es\/index.php?rest_route=%2Fwp%2Fv2%2Fmedia&parent=21827"}],"wp:term":[{"taxonomy":"category","embeddable":true,"href":"http:\/\/www.portaldelolleria.es\/index.php?rest_route=%2Fwp%2Fv2%2Fcategories&post=21827"},{"taxonomy":"post_tag","embeddable":true,"href":"http:\/\/www.portaldelolleria.es\/index.php?rest_route=%2Fwp%2Fv2%2Ftags&post=21827"}],"curies":[{"name":"wp","href":"https:\/\/api.w.org\/{rel}","templated":true}]}}