{"id":21922,"date":"2018-11-20T21:51:20","date_gmt":"2018-11-20T19:51:20","guid":{"rendered":"http:\/\/www.portaldelolleria.es\/?p=21922"},"modified":"2018-11-20T21:55:56","modified_gmt":"2018-11-20T19:55:56","slug":"aem-la-nova-concert-de-sta-cecilia-2018","status":"publish","type":"post","link":"http:\/\/www.portaldelolleria.es\/?p=21922","title":{"rendered":"AEM La Nova:  Concert de Sta Cec\u00edlia 2018"},"content":{"rendered":"<p><a href=\"http:\/\/www.portaldelolleria.es\/wp-content\/uploads\/2018\/11\/lanova7.jpg\"><img loading=\"lazy\" class=\"aligncenter size-full wp-image-21925\" title=\"lanova7\" src=\"http:\/\/www.portaldelolleria.es\/wp-content\/uploads\/2018\/11\/lanova7.jpg\" alt=\"\" width=\"598\" height=\"396\" srcset=\"http:\/\/www.portaldelolleria.es\/wp-content\/uploads\/2018\/11\/lanova7.jpg 598w, http:\/\/www.portaldelolleria.es\/wp-content\/uploads\/2018\/11\/lanova7-300x198.jpg 300w\" sizes=\"(max-width: 598px) 100vw, 598px\" \/><\/a><\/p>\n<p style=\"text-align: justify;\">El pr\u00f3ximo s\u00e1bado 24 de noviembre, la AEM La Nova de l&#8217;Olleria, ofrecer\u00e1 tradicional\u00a0 concierto de Santa Cec\u00edlia. La cita, ser\u00e1 a las 19:30 h\u00a0 en el Teatro Goya. El repertorio, bajo la batuta de su director,\u00a0 <strong>Pablo Penad\u00e9s Fasanar<\/strong>, estar\u00e1 compuesto de dos partes:<\/p>\n<p style=\"text-align: justify;\"><strong>PROGRAMA:<\/strong><\/p>\n<p style=\"text-align: justify;\">1\u00aa Part<\/p>\n<p style=\"text-align: justify;\"><strong>\u00abEl Bote<\/strong>\u00bb (PD)&#8230;&#8230;&#8230;&#8230;&#8230;&#8230;&#8230;&#8230;&#8230;&#8230;&#8230;&#8230;&#8230;&#8230;&#8230;&#8230;&#8230;&#8230;&#8230;. Sa\u00fcl G\u00f3mez<\/p>\n<p style=\"text-align: justify;\">Pasdoble dedicat a Rafael Mu\u00f1oz Soriano con a obsequi del seus fills per a celebrar la seua jubilaci\u00f3.<\/p>\n<p style=\"text-align: justify;\"><strong>\u00abCiudad Sorpresa\u00bb<\/strong> (Episodi Simf\u00f2nic)&#8230;&#8230;&#8230;&#8230;&#8230;&#8230;.Ferrer -Ferr\u00e1n<\/p>\n<p style=\"text-align: justify;\">L&#8217;episodi somf\u00f3nic \u00abCiudad Sorpresa\u00bb descriu la bellsa natural de una de les poblacions m\u00e9s antigues de Colombia: Pasto \u00abLa Ciudad Sorpresa\u00bb en la Vall d&#8217;Atriz en Colombia. La seua gent, el seu clima, la seua conquista tot aix\u00f2 am unes harmonies i unes melodies delicades, que contrasten en situacions am uns ritmes dansats i arrevatadors, sense oblidar el folklore del terreny: La Guanenya. Aquesta composici\u00f3n fou un enc\u00e0rrec de la Universitat de Nari\u00f1o i la Governaci\u00f3 de Nari\u00f1o (Colombia), conmemorant l&#8217;Ono\u00e0stica del a Ciutat de Pasto \u00abCiutat Sorpresa\u00bb<\/p>\n<p style=\"text-align: justify;\"><strong>\u00abEl pr\u00edncipe carnaval\u00bb<\/strong>&#8230;&#8230;&#8230;&#8230;&#8230;&#8230;&#8230;&#8230;&#8230;&#8230;&#8230;&#8230;&#8230;&#8230;&#8230;&#8230;..Jos\u00e9 Serrano<\/p>\n<p style=\"text-align: justify;\">Selecci\u00f3 de la sarzuela del mestre Jos\u00e9 Serrano, composada en 1920. Tracta de les excentricitats d&#8217;un jove Princep que aplega a Madrid i proposa un viatge per les diferentes ciutats del m\u00f3n per a visitar les festes carnavalesques. En aquesta selecci\u00f3 escoltarem la can\u00e7\u00f3 de l&#8217;emigrant, un tango argent\u00ed ,un fox-trot i el passacarrer de les Chulas.<\/p>\n<p style=\"text-align: justify;\">2\u00aa Part<\/p>\n<p style=\"text-align: justify;\"><strong>\u00abEl Rac\u00f3 de l&#8217;Or\u00bb\u00a0<\/strong> (PD)&#8230;&#8230;&#8230;&#8230;&#8230;&#8230;&#8230;&#8230;&#8230;&#8230;&#8230;&#8230;&#8230;&#8230;&#8230;&#8230;&#8230;. Sa\u00fcl G\u00f3mez<\/p>\n<p style=\"text-align: justify;\">Enc\u00e0rrec de la UM El X\u00faquer de Sumac\u00e0rcer per a ser interpretada com a obra lliuer en el 129 Cert\u00e1men Internacional de Val\u00e8ncia on van aconseguir guanyar el primer premi en la 3a secci\u00f3 dirigits per Josep Ros. L&#8217;obra descriu els paisatges del poble, les seues festes i la seua gent.<\/p>\n<p style=\"text-align: justify;\"><strong>\u00abUn m\u00f3n d&#8217;il\u00b7lusi\u00f3\u00bb<\/strong>&#8230;&#8230;&#8230;&#8230;&#8230;&#8230;&#8230;&#8230;&#8230;&#8230;&#8230;&#8230;&#8230;&#8230;&#8230;&#8230;&#8230;&#8230;..\u00a0 Josep Ros<\/p>\n<p style=\"text-align: justify;\">Obra dedicada a totos els xiquets del m\u00f3n. Per a aquesta composici\u00f3n del mestre Josep Ros comptarem am la col\u00b7laboraci\u00f3 del <strong>Cor de l&#8217;Escola de M\u00fasica de l&#8217;AEM La Nova<\/strong> de l&#8217;Olleria.<\/p>\n<p style=\"text-align: justify;\"><strong>\u00abConga del fuego nuevo\u00bb<\/strong>&#8230;&#8230;&#8230;&#8230;&#8230;&#8230;&#8230;&#8230;&#8230;&#8230;&#8230;&#8230;&#8230;&#8230;&#8230;.. Arturo M\u00e1rquez<\/p>\n<p style=\"text-align: justify;\">Aquesta obra est\u00e1 inspirada en la conga afrocubana. La versi\u00f3 de M\u00e1rquez de l&#8217;estil popular es caracteritza per melodies memorables i emocionants construccions. La seua fascinaci\u00f3 per la m\u00fasica del Caribe va m\u00e9s enlla de la conga i ha escrit m\u00e9s de huit danzones, el segon del quals \u00e9s sens dubte el mes popular entre ells.<\/p>\n<p style=\"text-align: justify;\">dirigeix:\u00a0 <strong>Pablo Penad\u00e9s Fasanar<\/strong><\/p>\n<p><a href=\"http:\/\/www.portaldelolleria.es\/wp-content\/uploads\/2018\/11\/lanova6.jpg\"><img loading=\"lazy\" class=\"aligncenter size-full wp-image-21923\" title=\"lanova6\" src=\"http:\/\/www.portaldelolleria.es\/wp-content\/uploads\/2018\/11\/lanova6.jpg\" alt=\"\" width=\"480\" height=\"679\" srcset=\"http:\/\/www.portaldelolleria.es\/wp-content\/uploads\/2018\/11\/lanova6.jpg 480w, http:\/\/www.portaldelolleria.es\/wp-content\/uploads\/2018\/11\/lanova6-212x300.jpg 212w\" sizes=\"(max-width: 480px) 100vw, 480px\" \/><\/a><\/p>\n<p>AEM LA NOVA DE L&#8217;OLLERIA &#8211; CONCERT DE STA CECILIA 2017<\/p>\n<p>video: Eug\u00e9nio Mic\u00f3<br \/>\n<iframe loading=\"lazy\" src=\"https:\/\/www.youtube.com\/embed\/VXobCpv8Lkw\" frameborder=\"0\" width=\"598\" height=\"336\"><\/iframe><\/p>\n","protected":false},"excerpt":{"rendered":"<p>El pr\u00f3ximo s\u00e1bado 24 de noviembre, la AEM La Nova de l&#8217;Olleria, ofrecer\u00e1 tradicional\u00a0 concierto de Santa Cec\u00edlia. La cita, ser\u00e1 a las 19:30 h\u00a0 en el Teatro Goya. El repertorio, bajo la batuta de su director,\u00a0 Pablo Penad\u00e9s Fasanar, estar\u00e1 compuesto de dos partes: PROGRAMA: 1\u00aa Part \u00abEl Bote\u00bb (PD)&#8230;&#8230;&#8230;&#8230;&#8230;&#8230;&#8230;&#8230;&#8230;&#8230;&#8230;&#8230;&#8230;&#8230;&#8230;&#8230;&#8230;&#8230;&#8230;. Sa\u00fcl G\u00f3mez Pasdoble dedicat [&hellip;]<\/p>\n","protected":false},"author":1,"featured_media":0,"comment_status":"closed","ping_status":"open","sticky":false,"template":"","format":"standard","meta":{"_monsterinsights_skip_tracking":false,"_monsterinsights_sitenote_active":false,"_monsterinsights_sitenote_note":"","_monsterinsights_sitenote_category":0},"categories":[16,12],"tags":[],"_links":{"self":[{"href":"http:\/\/www.portaldelolleria.es\/index.php?rest_route=\/wp\/v2\/posts\/21922"}],"collection":[{"href":"http:\/\/www.portaldelolleria.es\/index.php?rest_route=\/wp\/v2\/posts"}],"about":[{"href":"http:\/\/www.portaldelolleria.es\/index.php?rest_route=\/wp\/v2\/types\/post"}],"author":[{"embeddable":true,"href":"http:\/\/www.portaldelolleria.es\/index.php?rest_route=\/wp\/v2\/users\/1"}],"replies":[{"embeddable":true,"href":"http:\/\/www.portaldelolleria.es\/index.php?rest_route=%2Fwp%2Fv2%2Fcomments&post=21922"}],"version-history":[{"count":8,"href":"http:\/\/www.portaldelolleria.es\/index.php?rest_route=\/wp\/v2\/posts\/21922\/revisions"}],"predecessor-version":[{"id":21932,"href":"http:\/\/www.portaldelolleria.es\/index.php?rest_route=\/wp\/v2\/posts\/21922\/revisions\/21932"}],"wp:attachment":[{"href":"http:\/\/www.portaldelolleria.es\/index.php?rest_route=%2Fwp%2Fv2%2Fmedia&parent=21922"}],"wp:term":[{"taxonomy":"category","embeddable":true,"href":"http:\/\/www.portaldelolleria.es\/index.php?rest_route=%2Fwp%2Fv2%2Fcategories&post=21922"},{"taxonomy":"post_tag","embeddable":true,"href":"http:\/\/www.portaldelolleria.es\/index.php?rest_route=%2Fwp%2Fv2%2Ftags&post=21922"}],"curies":[{"name":"wp","href":"https:\/\/api.w.org\/{rel}","templated":true}]}}