{"id":22030,"date":"2018-12-11T12:33:21","date_gmt":"2018-12-11T10:33:21","guid":{"rendered":"http:\/\/www.portaldelolleria.es\/?p=22030"},"modified":"2018-12-11T12:40:49","modified_gmt":"2018-12-11T10:40:49","slug":"este-viernes-%e2%80%9cel-cant-de-la-sibil%c2%b7la-de-l%e2%80%99olleria%e2%80%9d-en-la-iglesia-parroquial","status":"publish","type":"post","link":"http:\/\/www.portaldelolleria.es\/?p=22030","title":{"rendered":"Este viernes \u201cEl Cant de la Sibil\u00b7la de l\u2019Olleria\u201d en la Iglesia Parroquial"},"content":{"rendered":"<p><a href=\"http:\/\/www.portaldelolleria.es\/wp-content\/uploads\/2018\/12\/sibilu2.jpg\"><img loading=\"lazy\" class=\"aligncenter size-full wp-image-22033\" title=\"sibilu\" src=\"http:\/\/www.portaldelolleria.es\/wp-content\/uploads\/2018\/12\/sibilu2.jpg\" alt=\"\" width=\"598\" height=\"398\" srcset=\"http:\/\/www.portaldelolleria.es\/wp-content\/uploads\/2018\/12\/sibilu2.jpg 598w, http:\/\/www.portaldelolleria.es\/wp-content\/uploads\/2018\/12\/sibilu2-300x199.jpg 300w\" sizes=\"(max-width: 598px) 100vw, 598px\" \/><\/a><\/p>\n<p><strong>El pr\u00f3ximo viernes 14 de diciembre,\u00a0 una de las grandes citas de la Navidad en l\u2019Olleria, es \u201cEl Cant de la Sibil\u00b7la\u201d,\u00a0 se celebrar\u00e1 a partir de las 20:30 h en la Iglesia Parroquial Sta. M\u00aa Magdalena<\/strong><\/p>\n<p>En su interpretaci\u00f3n participaran:<\/p>\n<p>Coro y banda de la Agrupaci\u00f3n Escuela Musical \u201cLa Nova\u201d de l\u2019Olleria<\/p>\n<p>Colla de Dol\u00e1iner i Percussi\u00f3 \u201cLa Morralla\u201d de l\u2019Olleria<\/p>\n<p>Ballet Alicia Montalva de Cocentaina<\/p>\n<p>Ensemble de Ministrils Ciutat de Gand\u00eda<\/p>\n<p>Escola de M\u00fasica del Grau de Gand\u00eda<\/p>\n<p>Campaners de l\u2019Alqueria de la Comtessa<\/p>\n<p>Grup de Teatre \u00abEl Bunyol\u00bb de l&#8217;Olleria<\/p>\n<p>Sibil\u00b7la: Lourdes Mic\u00f3 Giner<\/p>\n<p>Direcci\u00f3n Art\u00edstica: Juan Miguel Terrazas Samper<\/p>\n<p>&nbsp;<\/p>\n<p>Para el recuerdo, \u201cEl Cant de la Sibil\u00b7la 2017<\/p>\n<p>Video cortesia de<strong> Eug\u00e9nio Mic\u00f3<\/strong><br \/>\n<iframe loading=\"lazy\" src=\"https:\/\/www.youtube.com\/embed\/tA8bUmi6FCg\" frameborder=\"0\" width=\"598\" height=\"336\"><\/iframe><\/p>\n<p style=\"text-align: justify;\">EL CANTO DE LA SIBILA<br \/>\nEl Canto de la Sibila es un canto prof\u00e9tico que antiguamente se escenificaba tradicionalmente la noche de Navidad en la Catedral de Valencia. La tradicional representaci\u00f3n de este drama paralit\u00fargico, que goz\u00f3 de mucha popularidad, dej\u00f3 de realizarse en Valencia con el Concilio de Trento. Las sibilas era mujeres que se cre\u00edan inspiradas por los dioses, siempre v\u00edrgenes y profetas, de todas ellas era la Sibila Eritrea la que anunciaba el d\u00eda del Juicio Final y la llegada de Jesucristo, entonando una melod\u00eda gregoriana, las diferentes parejas que lo narran.<\/p>\n<p>&nbsp;<\/p>\n<p>&nbsp;<\/p>\n<p><a href=\"http:\/\/www.portaldelolleria.es\/wp-content\/uploads\/2018\/12\/sibilu1.jpg\"><img loading=\"lazy\" class=\"aligncenter size-full wp-image-22032\" title=\"sibilu1\" src=\"http:\/\/www.portaldelolleria.es\/wp-content\/uploads\/2018\/12\/sibilu1.jpg\" alt=\"\" width=\"598\" height=\"847\" srcset=\"http:\/\/www.portaldelolleria.es\/wp-content\/uploads\/2018\/12\/sibilu1.jpg 598w, http:\/\/www.portaldelolleria.es\/wp-content\/uploads\/2018\/12\/sibilu1-211x300.jpg 211w\" sizes=\"(max-width: 598px) 100vw, 598px\" \/><\/a><\/p>\n","protected":false},"excerpt":{"rendered":"<p>El pr\u00f3ximo viernes 14 de diciembre,\u00a0 una de las grandes citas de la Navidad en l\u2019Olleria, es \u201cEl Cant de la Sibil\u00b7la\u201d,\u00a0 se celebrar\u00e1 a partir de las 20:30 h en la Iglesia Parroquial Sta. M\u00aa Magdalena En su interpretaci\u00f3n participaran: Coro y banda de la Agrupaci\u00f3n Escuela Musical \u201cLa Nova\u201d de l\u2019Olleria Colla de [&hellip;]<\/p>\n","protected":false},"author":1,"featured_media":0,"comment_status":"closed","ping_status":"open","sticky":false,"template":"","format":"standard","meta":{"_monsterinsights_skip_tracking":false,"_monsterinsights_sitenote_active":false,"_monsterinsights_sitenote_note":"","_monsterinsights_sitenote_category":0},"categories":[16,12],"tags":[],"_links":{"self":[{"href":"http:\/\/www.portaldelolleria.es\/index.php?rest_route=\/wp\/v2\/posts\/22030"}],"collection":[{"href":"http:\/\/www.portaldelolleria.es\/index.php?rest_route=\/wp\/v2\/posts"}],"about":[{"href":"http:\/\/www.portaldelolleria.es\/index.php?rest_route=\/wp\/v2\/types\/post"}],"author":[{"embeddable":true,"href":"http:\/\/www.portaldelolleria.es\/index.php?rest_route=\/wp\/v2\/users\/1"}],"replies":[{"embeddable":true,"href":"http:\/\/www.portaldelolleria.es\/index.php?rest_route=%2Fwp%2Fv2%2Fcomments&post=22030"}],"version-history":[{"count":5,"href":"http:\/\/www.portaldelolleria.es\/index.php?rest_route=\/wp\/v2\/posts\/22030\/revisions"}],"predecessor-version":[{"id":22055,"href":"http:\/\/www.portaldelolleria.es\/index.php?rest_route=\/wp\/v2\/posts\/22030\/revisions\/22055"}],"wp:attachment":[{"href":"http:\/\/www.portaldelolleria.es\/index.php?rest_route=%2Fwp%2Fv2%2Fmedia&parent=22030"}],"wp:term":[{"taxonomy":"category","embeddable":true,"href":"http:\/\/www.portaldelolleria.es\/index.php?rest_route=%2Fwp%2Fv2%2Fcategories&post=22030"},{"taxonomy":"post_tag","embeddable":true,"href":"http:\/\/www.portaldelolleria.es\/index.php?rest_route=%2Fwp%2Fv2%2Ftags&post=22030"}],"curies":[{"name":"wp","href":"https:\/\/api.w.org\/{rel}","templated":true}]}}