{"id":22056,"date":"2018-12-11T15:11:31","date_gmt":"2018-12-11T13:11:31","guid":{"rendered":"http:\/\/www.portaldelolleria.es\/?p=22056"},"modified":"2018-12-11T15:11:31","modified_gmt":"2018-12-11T13:11:31","slug":"grup-scout-sant-jordi-llum-de-la-pau-de-betlem-2018","status":"publish","type":"post","link":"http:\/\/www.portaldelolleria.es\/?p=22056","title":{"rendered":"Grup Scout Sant Jordi: Llum de la Pau de Betlem 2018"},"content":{"rendered":"<p><a href=\"http:\/\/www.portaldelolleria.es\/wp-content\/uploads\/2018\/12\/scouts2.jpg\"><img loading=\"lazy\" class=\"aligncenter size-full wp-image-22058\" title=\"scouts2\" src=\"http:\/\/www.portaldelolleria.es\/wp-content\/uploads\/2018\/12\/scouts2.jpg\" alt=\"\" width=\"598\" height=\"396\" srcset=\"http:\/\/www.portaldelolleria.es\/wp-content\/uploads\/2018\/12\/scouts2.jpg 598w, http:\/\/www.portaldelolleria.es\/wp-content\/uploads\/2018\/12\/scouts2-300x198.jpg 300w\" sizes=\"(max-width: 598px) 100vw, 598px\" \/><\/a><\/p>\n<p>&nbsp;<\/p>\n<h3 id=\"titolo\">Llum de la Pau de Betlem 2018<\/h3>\n<p><strong>Los diferentes grupos de scouts pertenecientes al Movimiento Scout de Valencia celebran el pr\u00f3ximo d\u00eda 21 de diciembre \u00abla Llum de la Pau associativa\u00bb en l&#8217;Olleria, con el Grupo Scout San Jordi como anfitri\u00f3n.<\/strong><br \/>\nEl acto comenzar\u00e1 a las 19.45 h en la Avenida Jaume I<br \/>\nHacia las 20.30h se dirigiran hacia la Iglesia Santa Mar\u00eda Magdalena donde se har\u00e1 ENTREGA DE LA LUZ DE LA PAZ.<\/p>\n<p>A las 21:00 h\u00a0 refrigerio de celebraci\u00f3n<\/p>\n<p><em>\u00abPara nosotros la llama representa el escultismo y estamos convencidos de que el escultismo es todo lo que necesita el mundo. Es por eso que deseamos que no se apague la llama del escultismo en ning\u00fan rinc\u00f3n del mundo donde est\u00e9 encendido. &#8230; Que no se apague la luz. \u00ab<\/em><br \/>\n<em>Os esperamos!<\/em><\/p>\n<p style=\"text-align: justify;\">Con el objetivo de esparcir la paz en todo el planeta, este proyecto internacional nos invita a combatir las injusticias del mundo y reivindicar los derechos fundamentales de las personas.<br \/>\nComo cada a\u00f1o cuando se acerca la Navidad, los scouts de todo el mundo empiezan a trabajar en su proyecto m\u00e1s internacional, la Luz de la Paz de Bel\u00e9n. Desde hace a\u00f1os, los Scouts y Gu\u00edas de Austria viajan a Bel\u00e9n y all\u00ed encienden una vela. Una vez han regresado a Viena, se celebra un acto ecum\u00e9nico donde, de esta primera vela, se encienden cientos de otros, a trav\u00e9s de las que la llama se va esparciendo por todo el mundo, simbolizando la paz que esperamos que llegue a todos los rincones de nuestro planeta. En esta edici\u00f3n,\u00a0 l&#8217;Olleria ser\u00e1 el punto de encuentro de los diferentes movimientos scouts que se sumen al acto.<em><\/em><\/p>\n<p>_______________________________<\/p>\n<p><strong><span style=\"color: #003366;\">Els diferents grups de scouts pertanyents al Moviment Scout de Val\u00e8ncia celebren el proper dia 21 de desembre \u00abla Llum de la Pau associativa\u00bb a l&#8217;Olleria, amb el Grup Scout Sant Jordi com a amfitri\u00f3..<\/span><\/strong><br \/>\n<span style=\"color: #003366;\">L\u2019acte comen\u00e7ar\u00e0 a les 19.45h a l\u2019Avinguda Jaume I\u00a0 amb un recorregut fins l\u2019Esgl\u00e9sia.<\/span><br \/>\n<span style=\"color: #003366;\">Cap a les 20.30h ens dirigiram cap a l\u2019Esgl\u00e9sia Santa Maria Magdalena on es far\u00e0 ENTREGA DE LA LLUM DE LA PAU.<\/span><\/p>\n<p><span style=\"color: #003366;\">A les 21 h refrigeri de celebraci\u00f3<\/span><\/p>\n<p><span style=\"color: #003366;\"><em>\u00abPer a nosaltres la flama representa l\u2019escoltisme i estem conven\u00e7uts que l\u2019escoltisme \u00e9s tot all\u00f2 que necessita el m\u00f3n. \u00c9s per aix\u00f2 que desitgem que no s\u2019apague la flama de l\u2019escoltisme a cap raconet del m\u00f3n on estiga encesa&#8230;. Que no s\u2019apague la llum.\u00bb<\/em><\/span><br \/>\n<span style=\"color: #003366;\">Vos esperem!<\/span><\/p>\n<p style=\"text-align: justify;\"><span style=\"color: #003366;\">Amb l&#8217;objectiu d&#8217;escampar la pau arreu del planeta, aquest projecte internacional ens convida a combatre les injust\u00edcies del m\u00f3n i reivindicar els drets fonamentals de les persones.<\/span><br \/>\n<span style=\"color: #003366;\"> Com cada any quan s&#8217;acosta el Nadal, els escoltes de tot el m\u00f3n comencen a treballar en el seu projecte m\u00e9s internacional, la Llum de la Pau de Betlem. Des de fa anys, els Scouts i Guies d&#8217;\u00c0ustria viatgen a Betlem i all\u00e0 encenen una espelma. Un cop han tornat a Viena, se celebra un acte ecum\u00e8nic on, d&#8217;aquesta primera espelma, s&#8217;encenen centenars d&#8217;altres, a trav\u00e9s de les que la flama es va escampant per tot el m\u00f3n, simbolitzant la pau que esperem que arribi a tots els racons del nostre planeta. En aquesta edici\u00f3, l&#8217;Olleria ser\u00e0 el punt de trobada dels diferents moviments escoltes que se sumen a l&#8217;acte.<\/span><\/p>\n<p>Confirmaci\u00f3n de asistencia para grupos de scouts en el siguiente <a href=\"https:\/\/docs.google.com\/forms\/d\/e\/1FAIpQLSdGyey1RRId9ezZnRtzGrPb5iA1BeZRCpjcLBAWwym6Upxckg\/viewformusp=sf_link\" target=\"_blank\">ENLACE\/LINK<\/a><\/p>\n<p><a href=\"http:\/\/www.portaldelolleria.es\/wp-content\/uploads\/2018\/12\/scouts.jpg\"><img loading=\"lazy\" class=\"aligncenter size-full wp-image-22057\" title=\"scouts\" src=\"http:\/\/www.portaldelolleria.es\/wp-content\/uploads\/2018\/12\/scouts.jpg\" alt=\"\" width=\"422\" height=\"591\" srcset=\"http:\/\/www.portaldelolleria.es\/wp-content\/uploads\/2018\/12\/scouts.jpg 422w, http:\/\/www.portaldelolleria.es\/wp-content\/uploads\/2018\/12\/scouts-214x300.jpg 214w\" sizes=\"(max-width: 422px) 100vw, 422px\" \/><\/a><\/p>\n","protected":false},"excerpt":{"rendered":"<p>&nbsp; Llum de la Pau de Betlem 2018 Los diferentes grupos de scouts pertenecientes al Movimiento Scout de Valencia celebran el pr\u00f3ximo d\u00eda 21 de diciembre \u00abla Llum de la Pau associativa\u00bb en l&#8217;Olleria, con el Grupo Scout San Jordi como anfitri\u00f3n. El acto comenzar\u00e1 a las 19.45 h en la Avenida Jaume I Hacia [&hellip;]<\/p>\n","protected":false},"author":1,"featured_media":0,"comment_status":"closed","ping_status":"open","sticky":false,"template":"","format":"standard","meta":{"_monsterinsights_skip_tracking":false,"_monsterinsights_sitenote_active":false,"_monsterinsights_sitenote_note":"","_monsterinsights_sitenote_category":0},"categories":[3,12],"tags":[],"_links":{"self":[{"href":"http:\/\/www.portaldelolleria.es\/index.php?rest_route=\/wp\/v2\/posts\/22056"}],"collection":[{"href":"http:\/\/www.portaldelolleria.es\/index.php?rest_route=\/wp\/v2\/posts"}],"about":[{"href":"http:\/\/www.portaldelolleria.es\/index.php?rest_route=\/wp\/v2\/types\/post"}],"author":[{"embeddable":true,"href":"http:\/\/www.portaldelolleria.es\/index.php?rest_route=\/wp\/v2\/users\/1"}],"replies":[{"embeddable":true,"href":"http:\/\/www.portaldelolleria.es\/index.php?rest_route=%2Fwp%2Fv2%2Fcomments&post=22056"}],"version-history":[{"count":2,"href":"http:\/\/www.portaldelolleria.es\/index.php?rest_route=\/wp\/v2\/posts\/22056\/revisions"}],"predecessor-version":[{"id":22060,"href":"http:\/\/www.portaldelolleria.es\/index.php?rest_route=\/wp\/v2\/posts\/22056\/revisions\/22060"}],"wp:attachment":[{"href":"http:\/\/www.portaldelolleria.es\/index.php?rest_route=%2Fwp%2Fv2%2Fmedia&parent=22056"}],"wp:term":[{"taxonomy":"category","embeddable":true,"href":"http:\/\/www.portaldelolleria.es\/index.php?rest_route=%2Fwp%2Fv2%2Fcategories&post=22056"},{"taxonomy":"post_tag","embeddable":true,"href":"http:\/\/www.portaldelolleria.es\/index.php?rest_route=%2Fwp%2Fv2%2Ftags&post=22056"}],"curies":[{"name":"wp","href":"https:\/\/api.w.org\/{rel}","templated":true}]}}