{"id":22092,"date":"2018-12-15T12:11:09","date_gmt":"2018-12-15T10:11:09","guid":{"rendered":"http:\/\/www.portaldelolleria.es\/?p=22092"},"modified":"2018-12-15T12:15:56","modified_gmt":"2018-12-15T10:15:56","slug":"ceip-manuel-sanchis-guarner-visita-al-tirisiti","status":"publish","type":"post","link":"http:\/\/www.portaldelolleria.es\/?p=22092","title":{"rendered":"CEIP Manuel Sanchis Guarner: visita al \u00abTirisiti\u00bb (Alcoy)"},"content":{"rendered":"<p><a href=\"http:\/\/www.portaldelolleria.es\/wp-content\/uploads\/2018\/12\/1.jpg\"><img loading=\"lazy\" class=\"aligncenter size-full wp-image-22100\" title=\"1\" src=\"http:\/\/www.portaldelolleria.es\/wp-content\/uploads\/2018\/12\/1.jpg\" alt=\"\" width=\"598\" height=\"373\" srcset=\"http:\/\/www.portaldelolleria.es\/wp-content\/uploads\/2018\/12\/1.jpg 598w, http:\/\/www.portaldelolleria.es\/wp-content\/uploads\/2018\/12\/1-300x187.jpg 300w\" sizes=\"(max-width: 598px) 100vw, 598px\" \/><\/a><\/p>\n<p><span style=\"color: #333333;\"><em>CEIP Manuel Sanchis Guarner, 14 de desembre de 2018<\/em><\/span><\/p>\n<p><em>Aquest divendres, les classes de 1r i 2n de prim\u00e0ria hem anat a vorer la tradicional representaci\u00f3 del \u00abTirisiti\u00bb en Alcoi.<\/em><\/p>\n<p><em>Despr\u00e9s hem vist un Betlem molt bonic que contava amb totes les figures i ingredients del Betlem. A continuaci\u00f3, hem realitzat un taller relatzionat amb el teatre de titelles.<\/em><\/p>\n<p>__________________________________________<\/p>\n<p><span style=\"color: #003366;\"><em>Este viernes, las clases de 1\u00ba y 2\u00ba de primaria hemos ido a ver la tradicional representaci\u00f3n del \u00abTirisiti\u00bb en Alcoy.<\/em><\/span><\/p>\n<p><span style=\"color: #003366;\"><em>Hemos visto un Bel\u00e9n muy bonito que contaba con todas las figuras e ingredientes del Bel\u00e9n. Y despu\u00e9s realizamos un taller relacionado con el teatro de t\u00edteres.<\/em><\/span><\/p>\n<p>&nbsp;<\/p>\n<p><a href=\"http:\/\/www.portaldelolleria.es\/wp-content\/uploads\/2018\/12\/20181214_102002.jpg\"><img loading=\"lazy\" class=\"aligncenter size-full wp-image-22093\" title=\"20181214_102002\" src=\"http:\/\/www.portaldelolleria.es\/wp-content\/uploads\/2018\/12\/20181214_102002.jpg\" alt=\"\" width=\"598\" height=\"1063\" srcset=\"http:\/\/www.portaldelolleria.es\/wp-content\/uploads\/2018\/12\/20181214_102002.jpg 598w, http:\/\/www.portaldelolleria.es\/wp-content\/uploads\/2018\/12\/20181214_102002-168x300.jpg 168w, http:\/\/www.portaldelolleria.es\/wp-content\/uploads\/2018\/12\/20181214_102002-576x1024.jpg 576w\" sizes=\"(max-width: 598px) 100vw, 598px\" \/><\/a><\/p>\n<p><a href=\"http:\/\/www.portaldelolleria.es\/wp-content\/uploads\/2018\/12\/20181214_113555.jpg\"><img loading=\"lazy\" class=\"aligncenter size-full wp-image-22094\" title=\"20181214_113555\" src=\"http:\/\/www.portaldelolleria.es\/wp-content\/uploads\/2018\/12\/20181214_113555.jpg\" alt=\"\" width=\"598\" height=\"336\" srcset=\"http:\/\/www.portaldelolleria.es\/wp-content\/uploads\/2018\/12\/20181214_113555.jpg 598w, http:\/\/www.portaldelolleria.es\/wp-content\/uploads\/2018\/12\/20181214_113555-300x168.jpg 300w\" sizes=\"(max-width: 598px) 100vw, 598px\" \/><\/a><\/p>\n<p>&nbsp;<\/p>\n<p><a href=\"http:\/\/www.portaldelolleria.es\/wp-content\/uploads\/2018\/12\/20181214_101229.jpg\"><img loading=\"lazy\" class=\"aligncenter size-full wp-image-22095\" title=\"20181214_101229\" src=\"http:\/\/www.portaldelolleria.es\/wp-content\/uploads\/2018\/12\/20181214_101229.jpg\" alt=\"\" width=\"598\" height=\"336\" srcset=\"http:\/\/www.portaldelolleria.es\/wp-content\/uploads\/2018\/12\/20181214_101229.jpg 598w, http:\/\/www.portaldelolleria.es\/wp-content\/uploads\/2018\/12\/20181214_101229-300x168.jpg 300w\" sizes=\"(max-width: 598px) 100vw, 598px\" \/><\/a><\/p>\n<p>&nbsp;<\/p>\n<p><a href=\"http:\/\/www.portaldelolleria.es\/wp-content\/uploads\/2018\/12\/20181214_120345.jpg\"><img loading=\"lazy\" class=\"aligncenter size-full wp-image-22096\" title=\"20181214_120345\" src=\"http:\/\/www.portaldelolleria.es\/wp-content\/uploads\/2018\/12\/20181214_120345.jpg\" alt=\"\" width=\"598\" height=\"336\" srcset=\"http:\/\/www.portaldelolleria.es\/wp-content\/uploads\/2018\/12\/20181214_120345.jpg 598w, http:\/\/www.portaldelolleria.es\/wp-content\/uploads\/2018\/12\/20181214_120345-300x168.jpg 300w\" sizes=\"(max-width: 598px) 100vw, 598px\" \/><\/a><\/p>\n<p>&nbsp;<\/p>\n<p><a href=\"http:\/\/www.portaldelolleria.es\/wp-content\/uploads\/2018\/12\/20181214_113935.jpg\"><img loading=\"lazy\" class=\"aligncenter size-full wp-image-22097\" title=\"20181214_113935\" src=\"http:\/\/www.portaldelolleria.es\/wp-content\/uploads\/2018\/12\/20181214_113935.jpg\" alt=\"\" width=\"598\" height=\"1063\" srcset=\"http:\/\/www.portaldelolleria.es\/wp-content\/uploads\/2018\/12\/20181214_113935.jpg 598w, http:\/\/www.portaldelolleria.es\/wp-content\/uploads\/2018\/12\/20181214_113935-168x300.jpg 168w, http:\/\/www.portaldelolleria.es\/wp-content\/uploads\/2018\/12\/20181214_113935-576x1024.jpg 576w\" sizes=\"(max-width: 598px) 100vw, 598px\" \/><\/a><\/p>\n<p>&nbsp;<\/p>\n<p><a href=\"http:\/\/www.portaldelolleria.es\/wp-content\/uploads\/2018\/12\/20181214_122947.jpg\"><img loading=\"lazy\" class=\"aligncenter size-full wp-image-22098\" title=\"20181214_122947\" src=\"http:\/\/www.portaldelolleria.es\/wp-content\/uploads\/2018\/12\/20181214_122947.jpg\" alt=\"\" width=\"598\" height=\"336\" srcset=\"http:\/\/www.portaldelolleria.es\/wp-content\/uploads\/2018\/12\/20181214_122947.jpg 598w, http:\/\/www.portaldelolleria.es\/wp-content\/uploads\/2018\/12\/20181214_122947-300x168.jpg 300w\" sizes=\"(max-width: 598px) 100vw, 598px\" \/><\/a><\/p>\n<p>\/\/\/\/\/\/\/\/\/\/\/\/\/\/\/\/\/\/\/\/\/\/\/\/\/\/\/\/\/\/\/\/\/\/\/\/\/\/\/\/\/\/\/\/\/\/\/\/\/<\/p>\n<p style=\"text-align: justify;\"><strong>\u00a0El Betlem de Tirisiti, un pessebre singular<\/strong><br \/>\nLes representacions del Betlem de Tirisiti es celebren a la ciutat d&#8217;Alcoi des de fa m\u00e9s de cent anys i s\u00f3n hereves, potser quasi \u00faniques, d&#8217;una llarga tradici\u00f3 mediterr\u00e0nia de teatres de titelles, en format petit i tem\u00e0tica amb elements populars i religiosos. Aquest substrat tan particular qualla en el marc de la industrialitzada societat alcoiana de la mitat del segle XIX.<\/p>\n<p style=\"text-align: justify;\">__________________________________________<br \/>\n<span style=\"color: #003366;\"><strong>EL Betlem de Tirisiti\u00a0 un pesebre singular<\/strong><\/span><\/p>\n<p style=\"text-align: justify;\"><span style=\"color: #003366;\">Las representaciones del \u00abBetlem de Tirisiti\u00bb se celebran en la ciudad de Alcoy desde hace m\u00e1s de cien a\u00f1os y son herederas, quiz\u00e1s casi \u00fanicas, de una larga tradici\u00f3n mediterr\u00e1nea de teatros de t\u00edteres, en formato peque\u00f1o y tem\u00e1tica con elementos populares y religiosos . Este sustrato tan particular cuaja en el marco de la industrializada sociedad alcoyana de la mitad del siglo XIX.<\/span><\/p>\n<p style=\"text-align: justify;\"><span style=\"color: #003366;\">saber m\u00e1s sobre el <strong><a href=\"https:\/\/www.alcoi.org\/es\/areas\/cultura\/betlemdetirisiti\/elbetlem.html\" target=\"_blank\">Betlem de Tirisiti<\/a><\/strong><\/span><\/p>\n<p style=\"text-align: center;\"><a href=\"http:\/\/www.portaldelolleria.es\/wp-content\/uploads\/2018\/12\/1-alcoi-2.jpg\"><img loading=\"lazy\" class=\"aligncenter size-full wp-image-22099\" title=\"1-alcoi-2\" src=\"http:\/\/www.portaldelolleria.es\/wp-content\/uploads\/2018\/12\/1-alcoi-2.jpg\" alt=\"\" width=\"576\" height=\"432\" srcset=\"http:\/\/www.portaldelolleria.es\/wp-content\/uploads\/2018\/12\/1-alcoi-2.jpg 640w, http:\/\/www.portaldelolleria.es\/wp-content\/uploads\/2018\/12\/1-alcoi-2-300x225.jpg 300w\" sizes=\"(max-width: 576px) 100vw, 576px\" \/><\/a><a href=\"https:\/\/www.youtube.com\/channel\/UC4iuFOL-rlHI0CEWsltQJaQ\" target=\"_blank\"><strong>TIRISITI TV<\/strong><\/a><\/p>\n<p><iframe loading=\"lazy\" src=\"https:\/\/www.youtube.com\/embed\/7-5o7T0lI6o\" frameborder=\"0\" width=\"598\" height=\"336\"><\/iframe><\/p>\n","protected":false},"excerpt":{"rendered":"<p>CEIP Manuel Sanchis Guarner, 14 de desembre de 2018 Aquest divendres, les classes de 1r i 2n de prim\u00e0ria hem anat a vorer la tradicional representaci\u00f3 del \u00abTirisiti\u00bb en Alcoi. Despr\u00e9s hem vist un Betlem molt bonic que contava amb totes les figures i ingredients del Betlem. A continuaci\u00f3, hem realitzat un taller relatzionat amb [&hellip;]<\/p>\n","protected":false},"author":1,"featured_media":0,"comment_status":"closed","ping_status":"open","sticky":false,"template":"","format":"standard","meta":{"_monsterinsights_skip_tracking":false,"_monsterinsights_sitenote_active":false,"_monsterinsights_sitenote_note":"","_monsterinsights_sitenote_category":0},"categories":[16,12],"tags":[],"_links":{"self":[{"href":"http:\/\/www.portaldelolleria.es\/index.php?rest_route=\/wp\/v2\/posts\/22092"}],"collection":[{"href":"http:\/\/www.portaldelolleria.es\/index.php?rest_route=\/wp\/v2\/posts"}],"about":[{"href":"http:\/\/www.portaldelolleria.es\/index.php?rest_route=\/wp\/v2\/types\/post"}],"author":[{"embeddable":true,"href":"http:\/\/www.portaldelolleria.es\/index.php?rest_route=\/wp\/v2\/users\/1"}],"replies":[{"embeddable":true,"href":"http:\/\/www.portaldelolleria.es\/index.php?rest_route=%2Fwp%2Fv2%2Fcomments&post=22092"}],"version-history":[{"count":5,"href":"http:\/\/www.portaldelolleria.es\/index.php?rest_route=\/wp\/v2\/posts\/22092\/revisions"}],"predecessor-version":[{"id":22105,"href":"http:\/\/www.portaldelolleria.es\/index.php?rest_route=\/wp\/v2\/posts\/22092\/revisions\/22105"}],"wp:attachment":[{"href":"http:\/\/www.portaldelolleria.es\/index.php?rest_route=%2Fwp%2Fv2%2Fmedia&parent=22092"}],"wp:term":[{"taxonomy":"category","embeddable":true,"href":"http:\/\/www.portaldelolleria.es\/index.php?rest_route=%2Fwp%2Fv2%2Fcategories&post=22092"},{"taxonomy":"post_tag","embeddable":true,"href":"http:\/\/www.portaldelolleria.es\/index.php?rest_route=%2Fwp%2Fv2%2Ftags&post=22092"}],"curies":[{"name":"wp","href":"https:\/\/api.w.org\/{rel}","templated":true}]}}