{"id":22117,"date":"2018-12-18T15:07:42","date_gmt":"2018-12-18T13:07:42","guid":{"rendered":"http:\/\/www.portaldelolleria.es\/?p=22117"},"modified":"2018-12-18T15:07:42","modified_gmt":"2018-12-18T13:07:42","slug":"ceip-manuel-sanchis-guarner-nadal-a-la-residencia-dancianes","status":"publish","type":"post","link":"http:\/\/www.portaldelolleria.es\/?p=22117","title":{"rendered":"CEIP Manuel Sanchis Guarner: Nadal a la Resid\u00e8ncia d&#8217;ancianes"},"content":{"rendered":"<p><a href=\"http:\/\/www.portaldelolleria.es\/wp-content\/uploads\/2018\/12\/2018-12-18-11.51.06.jpg\"><img loading=\"lazy\" class=\"aligncenter size-full wp-image-22121\" title=\"2018-12-18 11.51.06\" src=\"http:\/\/www.portaldelolleria.es\/wp-content\/uploads\/2018\/12\/2018-12-18-11.51.06.jpg\" alt=\"\" width=\"598\" height=\"403\" srcset=\"http:\/\/www.portaldelolleria.es\/wp-content\/uploads\/2018\/12\/2018-12-18-11.51.06.jpg 598w, http:\/\/www.portaldelolleria.es\/wp-content\/uploads\/2018\/12\/2018-12-18-11.51.06-300x202.jpg 300w\" sizes=\"(max-width: 598px) 100vw, 598px\" \/><\/a><\/p>\n<p><span style=\"color: #333333;\"><em>CEIP Manuel Sanchis Guarner, 18\/12\/2018<\/em><\/span><\/p>\n<p style=\"text-align: justify;\">Com ja s&#8217;acosta el Nadal, des del CEIP Manuel Sanchis Guarner hem volgut posar un somriure i unes notes musicals a la resid\u00e8ncia d&#8217;ancians de l&#8217;Olleria, i \u00e9s per aix\u00f2 que el passat dilluns, dia 17 de Desembre, els cursos de 4t, 5\u00e9 i 6\u00e9 els vam fer una visita. Vam tenir doncs l&#8217;oportunitat de cantar unes nadales i compartir l&#8217;ambient nadalenc amb els majors de la resid\u00e8ncia de l&#8217;Olleria. Gr\u00e0cies als nostres alumnes i a Marta, la mestra de m\u00fasica, per tan bonica i entranyable activitat.<\/p>\n<p style=\"text-align: justify;\">________________________________________<\/p>\n<p style=\"text-align: justify;\"><span style=\"color: #003366;\">Como ya se acerca la Navidad, desde el CEIP Manuel Sanchis Guarner hemos querido poner una sonrisa y unas notas musicales a la residencia de ancianos de l&#8217;Oller\u00eda, y es por eso que el pasado lunes, d\u00eda 17 de Diciembre, los cursos de 4\u00ba, 5\u00ba y 6\u00ba les hicimos una visita. Tuvimos pues la oportunidad de cantar unos villancicos y compartir el ambiente navide\u00f1o con los mayores de la residencia de l&#8217;Olleria. Gracias a nuestros alumnos y a Marta, la maestra de m\u00fasica, por tan bonita y entra\u00f1able actividad.<\/span><\/p>\n<p><a href=\"http:\/\/www.portaldelolleria.es\/wp-content\/uploads\/2018\/12\/FOTO-1.jpg\"><img loading=\"lazy\" class=\"aligncenter size-full wp-image-22118\" title=\"FOTO 1\" src=\"http:\/\/www.portaldelolleria.es\/wp-content\/uploads\/2018\/12\/FOTO-1.jpg\" alt=\"\" width=\"598\" height=\"485\" srcset=\"http:\/\/www.portaldelolleria.es\/wp-content\/uploads\/2018\/12\/FOTO-1.jpg 598w, http:\/\/www.portaldelolleria.es\/wp-content\/uploads\/2018\/12\/FOTO-1-300x243.jpg 300w\" sizes=\"(max-width: 598px) 100vw, 598px\" \/><\/a><\/p>\n<p>&nbsp;<\/p>\n<p><a href=\"http:\/\/www.portaldelolleria.es\/wp-content\/uploads\/2018\/12\/foto-2.jpg\"><img loading=\"lazy\" class=\"aligncenter size-full wp-image-22119\" title=\"foto 2\" src=\"http:\/\/www.portaldelolleria.es\/wp-content\/uploads\/2018\/12\/foto-2.jpg\" alt=\"\" width=\"598\" height=\"262\" srcset=\"http:\/\/www.portaldelolleria.es\/wp-content\/uploads\/2018\/12\/foto-2.jpg 598w, http:\/\/www.portaldelolleria.es\/wp-content\/uploads\/2018\/12\/foto-2-300x131.jpg 300w\" sizes=\"(max-width: 598px) 100vw, 598px\" \/><\/a><\/p>\n<p>&nbsp;<\/p>\n<p><a href=\"http:\/\/www.portaldelolleria.es\/wp-content\/uploads\/2018\/12\/foto-4.jpg\"><img loading=\"lazy\" class=\"aligncenter size-full wp-image-22120\" title=\"foto 4\" src=\"http:\/\/www.portaldelolleria.es\/wp-content\/uploads\/2018\/12\/foto-4.jpg\" alt=\"\" width=\"598\" height=\"356\" srcset=\"http:\/\/www.portaldelolleria.es\/wp-content\/uploads\/2018\/12\/foto-4.jpg 598w, http:\/\/www.portaldelolleria.es\/wp-content\/uploads\/2018\/12\/foto-4-300x178.jpg 300w\" sizes=\"(max-width: 598px) 100vw, 598px\" \/><\/a><\/p>\n","protected":false},"excerpt":{"rendered":"<p>CEIP Manuel Sanchis Guarner, 18\/12\/2018 Com ja s&#8217;acosta el Nadal, des del CEIP Manuel Sanchis Guarner hem volgut posar un somriure i unes notes musicals a la resid\u00e8ncia d&#8217;ancians de l&#8217;Olleria, i \u00e9s per aix\u00f2 que el passat dilluns, dia 17 de Desembre, els cursos de 4t, 5\u00e9 i 6\u00e9 els vam fer una visita. [&hellip;]<\/p>\n","protected":false},"author":1,"featured_media":0,"comment_status":"closed","ping_status":"open","sticky":false,"template":"","format":"standard","meta":{"_monsterinsights_skip_tracking":false,"_monsterinsights_sitenote_active":false,"_monsterinsights_sitenote_note":"","_monsterinsights_sitenote_category":0},"categories":[16,12],"tags":[],"_links":{"self":[{"href":"http:\/\/www.portaldelolleria.es\/index.php?rest_route=\/wp\/v2\/posts\/22117"}],"collection":[{"href":"http:\/\/www.portaldelolleria.es\/index.php?rest_route=\/wp\/v2\/posts"}],"about":[{"href":"http:\/\/www.portaldelolleria.es\/index.php?rest_route=\/wp\/v2\/types\/post"}],"author":[{"embeddable":true,"href":"http:\/\/www.portaldelolleria.es\/index.php?rest_route=\/wp\/v2\/users\/1"}],"replies":[{"embeddable":true,"href":"http:\/\/www.portaldelolleria.es\/index.php?rest_route=%2Fwp%2Fv2%2Fcomments&post=22117"}],"version-history":[{"count":2,"href":"http:\/\/www.portaldelolleria.es\/index.php?rest_route=\/wp\/v2\/posts\/22117\/revisions"}],"predecessor-version":[{"id":22123,"href":"http:\/\/www.portaldelolleria.es\/index.php?rest_route=\/wp\/v2\/posts\/22117\/revisions\/22123"}],"wp:attachment":[{"href":"http:\/\/www.portaldelolleria.es\/index.php?rest_route=%2Fwp%2Fv2%2Fmedia&parent=22117"}],"wp:term":[{"taxonomy":"category","embeddable":true,"href":"http:\/\/www.portaldelolleria.es\/index.php?rest_route=%2Fwp%2Fv2%2Fcategories&post=22117"},{"taxonomy":"post_tag","embeddable":true,"href":"http:\/\/www.portaldelolleria.es\/index.php?rest_route=%2Fwp%2Fv2%2Ftags&post=22117"}],"curies":[{"name":"wp","href":"https:\/\/api.w.org\/{rel}","templated":true}]}}