{"id":22125,"date":"2018-12-21T11:10:07","date_gmt":"2018-12-21T09:10:07","guid":{"rendered":"http:\/\/www.portaldelolleria.es\/?p=22125"},"modified":"2018-12-21T11:11:00","modified_gmt":"2018-12-21T09:11:00","slug":"este-domingo-llega-el-emisario-real","status":"publish","type":"post","link":"http:\/\/www.portaldelolleria.es\/?p=22125","title":{"rendered":"Este domingo llega el Emisario Real"},"content":{"rendered":"<p><a href=\"http:\/\/www.portaldelolleria.es\/wp-content\/uploads\/2018\/12\/visirreal2.jpg\"><img loading=\"lazy\" class=\"aligncenter size-full wp-image-22126\" title=\"visirreal2\" src=\"http:\/\/www.portaldelolleria.es\/wp-content\/uploads\/2018\/12\/visirreal2.jpg\" alt=\"\" width=\"598\" height=\"398\" srcset=\"http:\/\/www.portaldelolleria.es\/wp-content\/uploads\/2018\/12\/visirreal2.jpg 598w, http:\/\/www.portaldelolleria.es\/wp-content\/uploads\/2018\/12\/visirreal2-300x199.jpg 300w\" sizes=\"(max-width: 598px) 100vw, 598px\" \/><\/a><\/p>\n<p style=\"text-align: justify;\">Este domingo, 23 de diciembre,\u00a0 llega a l\u2019Olleria el Emisrio Real para recoger las peticiones de los m\u00e1s peque\u00f1os. El emisario trasladar\u00e1 despu\u00e9s las propuestas a SSMM Los Reyes Magos, que no faltar\u00e1n a su cita la tarde noche del 5 de enero.<\/p>\n<p style=\"text-align: justify;\">La recepci\u00f3n del Emisario Real se celebrar\u00e1 como viene siendo costumbre en los bajos del mercado municipal a partir de las <strong>18:00 h<\/strong>.\u00a0 Para los m\u00e1s mayores es uno de los momentos m\u00e1s espl\u00e9ndidos de la navidad, ya que resulta muy gratificante sentir tanta ilusi\u00f3n reunida en un mismo espacio.\u00a0 Para los m\u00e1s peque\u00f1os es la cuenta atr\u00e1s hacia ese gran d\u00eda que l\u2019Olleria recibe a la comitiva real.<\/p>\n<p style=\"text-align: justify;\">__________________________________<\/p>\n<p style=\"text-align: justify;\"><span style=\"color: #003366;\">Aquest diumenge, 23 de desembre, arriba a l\u2019Olleria l&#8217;Emissari Reial per recollir les peticions dels m\u00e9s xicotets. L\u2019emissari traslladar\u00e0 despr\u00e9s les propostes a SSMM Els Reis d\u2019Orient, que no faltaran a la seua cita a la\u00a0 nit del 5 de gener.<\/span><\/p>\n<p style=\"text-align: justify;\"><span style=\"color: #003366;\">La recepci\u00f3 de l\u2019Emissari Reial se celebrar\u00e0 com \u00e9s costum en els baixos del mercat municipal a partir de les <strong>18:00 h<\/strong>. Per als m\u00e9s grans \u00e9s un dels moments m\u00e9s espl\u00e8ndids del nadal, ja que resulta molt gratificant sentir tanta il\u00b7lusi\u00f3 reunida en un mateix espai. Per als m\u00e9s petits \u00e9s el compte enrere cap a aquest gran dia que l\u2019Olleria rep la comitiva reial<\/span><\/p>\n","protected":false},"excerpt":{"rendered":"<p>Este domingo, 23 de diciembre,\u00a0 llega a l\u2019Olleria el Emisrio Real para recoger las peticiones de los m\u00e1s peque\u00f1os. El emisario trasladar\u00e1 despu\u00e9s las propuestas a SSMM Los Reyes Magos, que no faltar\u00e1n a su cita la tarde noche del 5 de enero. La recepci\u00f3n del Emisario Real se celebrar\u00e1 como viene siendo costumbre en [&hellip;]<\/p>\n","protected":false},"author":1,"featured_media":0,"comment_status":"closed","ping_status":"open","sticky":false,"template":"","format":"standard","meta":{"_monsterinsights_skip_tracking":false,"_monsterinsights_sitenote_active":false,"_monsterinsights_sitenote_note":"","_monsterinsights_sitenote_category":0},"categories":[16,12],"tags":[],"_links":{"self":[{"href":"http:\/\/www.portaldelolleria.es\/index.php?rest_route=\/wp\/v2\/posts\/22125"}],"collection":[{"href":"http:\/\/www.portaldelolleria.es\/index.php?rest_route=\/wp\/v2\/posts"}],"about":[{"href":"http:\/\/www.portaldelolleria.es\/index.php?rest_route=\/wp\/v2\/types\/post"}],"author":[{"embeddable":true,"href":"http:\/\/www.portaldelolleria.es\/index.php?rest_route=\/wp\/v2\/users\/1"}],"replies":[{"embeddable":true,"href":"http:\/\/www.portaldelolleria.es\/index.php?rest_route=%2Fwp%2Fv2%2Fcomments&post=22125"}],"version-history":[{"count":2,"href":"http:\/\/www.portaldelolleria.es\/index.php?rest_route=\/wp\/v2\/posts\/22125\/revisions"}],"predecessor-version":[{"id":22128,"href":"http:\/\/www.portaldelolleria.es\/index.php?rest_route=\/wp\/v2\/posts\/22125\/revisions\/22128"}],"wp:attachment":[{"href":"http:\/\/www.portaldelolleria.es\/index.php?rest_route=%2Fwp%2Fv2%2Fmedia&parent=22125"}],"wp:term":[{"taxonomy":"category","embeddable":true,"href":"http:\/\/www.portaldelolleria.es\/index.php?rest_route=%2Fwp%2Fv2%2Fcategories&post=22125"},{"taxonomy":"post_tag","embeddable":true,"href":"http:\/\/www.portaldelolleria.es\/index.php?rest_route=%2Fwp%2Fv2%2Ftags&post=22125"}],"curies":[{"name":"wp","href":"https:\/\/api.w.org\/{rel}","templated":true}]}}