{"id":22129,"date":"2018-12-21T19:36:56","date_gmt":"2018-12-21T17:36:56","guid":{"rendered":"http:\/\/www.portaldelolleria.es\/?p=22129"},"modified":"2018-12-21T19:37:55","modified_gmt":"2018-12-21T17:37:55","slug":"campana-de-recogida-de-alimentos-2","status":"publish","type":"post","link":"http:\/\/www.portaldelolleria.es\/?p=22129","title":{"rendered":"Campa\u00f1a de recogida de alimentos"},"content":{"rendered":"<p><a href=\"http:\/\/www.portaldelolleria.es\/wp-content\/uploads\/2018\/12\/caritas3.jpg\"><img loading=\"lazy\" class=\"aligncenter size-full wp-image-22130\" title=\"caritas3\" src=\"http:\/\/www.portaldelolleria.es\/wp-content\/uploads\/2018\/12\/caritas3.jpg\" alt=\"\" width=\"598\" height=\"398\" srcset=\"http:\/\/www.portaldelolleria.es\/wp-content\/uploads\/2018\/12\/caritas3.jpg 598w, http:\/\/www.portaldelolleria.es\/wp-content\/uploads\/2018\/12\/caritas3-300x199.jpg 300w\" sizes=\"(max-width: 598px) 100vw, 598px\" \/><\/a><\/p>\n<p>&nbsp;<\/p>\n<p style=\"text-align: justify;\">La campa\u00f1a de recogida de alimentos, se intensifica en esta fechas navide\u00f1as,\u00a0 aunque se pueden aportar durante todo el a\u00f1o. Adem\u00e1s de las diferentes iniciativas de eventos particulares,\u00a0 C\u00e1ritas pedir\u00e1 la ayuda voluntaria a todos los vecinos del pueblo este s\u00e1bado\u00a0 para aportar alimentos directamente\u00a0 para lo m\u00e1s necesitados.\u00a0 Para ello se establecer\u00e1 un puesto en la Plaza de Loreto a cargo de los grupos de Confirmaci\u00f3n, estar\u00e1n desde las 10 de la ma\u00f1ana hasta las 17:00 h recogiendo productos.<\/p>\n<p style=\"text-align: justify;\">Recuerde que los alimentos que se pueden aportar, no deben ser perecederos (frescos) y que no necesiten cadena de frio.\u00a0 Tambi\u00e9n se aceptan productos de higi\u00e9ne.\u00a0 Se ruega m\u00e1xima colaboraci\u00f3n.<\/p>\n<p style=\"text-align: justify;\">________________________________<\/p>\n<p style=\"text-align: justify;\"><span style=\"color: #003366;\">La campanya de recollida d&#8217;aliments, s&#8217;intensifica en aquesta dates nadalenques, tot i que es poden aportar durant tot l&#8217;any. A m\u00e9s de les diferents iniciatives d&#8217;esdeveniments particulars, C\u00e0ritas demanar\u00e0 l&#8217;ajuda volunt\u00e0ria a tots els ve\u00efns del poble aquest dissabte per aportar aliments directament per el m\u00e9s necessitats. Per a aix\u00f2 s&#8217;establir\u00e0 un lloc a la Pla\u00e7a de Loreto a c\u00e0rrec dels grups de Confirmaci\u00f3, estaran des de les 10 del mat\u00ed fins a les 17:00 h recollint productes.<\/span><\/p>\n<p><span style=\"color: #003366;\">Recordeu que els aliments que es poden aportar, no han de ser peribles (frescos) i que no necessitin cadena de fred. Tamb\u00e9 s&#8217;accepten productes d&#8217;higiene. Es prega m\u00e0xima col\u00b7laboraci\u00f3.<\/span><\/p>\n","protected":false},"excerpt":{"rendered":"<p>&nbsp; La campa\u00f1a de recogida de alimentos, se intensifica en esta fechas navide\u00f1as,\u00a0 aunque se pueden aportar durante todo el a\u00f1o. Adem\u00e1s de las diferentes iniciativas de eventos particulares,\u00a0 C\u00e1ritas pedir\u00e1 la ayuda voluntaria a todos los vecinos del pueblo este s\u00e1bado\u00a0 para aportar alimentos directamente\u00a0 para lo m\u00e1s necesitados.\u00a0 Para ello se establecer\u00e1 un [&hellip;]<\/p>\n","protected":false},"author":1,"featured_media":0,"comment_status":"closed","ping_status":"open","sticky":false,"template":"","format":"standard","meta":{"_monsterinsights_skip_tracking":false,"_monsterinsights_sitenote_active":false,"_monsterinsights_sitenote_note":"","_monsterinsights_sitenote_category":0},"categories":[3,12],"tags":[],"_links":{"self":[{"href":"http:\/\/www.portaldelolleria.es\/index.php?rest_route=\/wp\/v2\/posts\/22129"}],"collection":[{"href":"http:\/\/www.portaldelolleria.es\/index.php?rest_route=\/wp\/v2\/posts"}],"about":[{"href":"http:\/\/www.portaldelolleria.es\/index.php?rest_route=\/wp\/v2\/types\/post"}],"author":[{"embeddable":true,"href":"http:\/\/www.portaldelolleria.es\/index.php?rest_route=\/wp\/v2\/users\/1"}],"replies":[{"embeddable":true,"href":"http:\/\/www.portaldelolleria.es\/index.php?rest_route=%2Fwp%2Fv2%2Fcomments&post=22129"}],"version-history":[{"count":2,"href":"http:\/\/www.portaldelolleria.es\/index.php?rest_route=\/wp\/v2\/posts\/22129\/revisions"}],"predecessor-version":[{"id":22132,"href":"http:\/\/www.portaldelolleria.es\/index.php?rest_route=\/wp\/v2\/posts\/22129\/revisions\/22132"}],"wp:attachment":[{"href":"http:\/\/www.portaldelolleria.es\/index.php?rest_route=%2Fwp%2Fv2%2Fmedia&parent=22129"}],"wp:term":[{"taxonomy":"category","embeddable":true,"href":"http:\/\/www.portaldelolleria.es\/index.php?rest_route=%2Fwp%2Fv2%2Fcategories&post=22129"},{"taxonomy":"post_tag","embeddable":true,"href":"http:\/\/www.portaldelolleria.es\/index.php?rest_route=%2Fwp%2Fv2%2Ftags&post=22129"}],"curies":[{"name":"wp","href":"https:\/\/api.w.org\/{rel}","templated":true}]}}