{"id":22165,"date":"2019-01-02T20:52:41","date_gmt":"2019-01-02T18:52:41","guid":{"rendered":"http:\/\/www.portaldelolleria.es\/?p=22165"},"modified":"2019-01-03T20:59:00","modified_gmt":"2019-01-03T18:59:00","slug":"primer-nacimiento-del-ano-en-el-lluis-alcanyis","status":"publish","type":"post","link":"http:\/\/www.portaldelolleria.es\/?p=22165","title":{"rendered":"Primer nacimiento del a\u00f1o en el Llu\u00eds Alcany\u00eds"},"content":{"rendered":"<p style=\"text-align: justify;\"><a href=\"http:\/\/www.portaldelolleria.es\/wp-content\/uploads\/2019\/01\/primer-neixement-2019-HX-02.jpg\"><img loading=\"lazy\" class=\"aligncenter size-full wp-image-22166\" title=\"primer neixement 2019 HX 02\" src=\"http:\/\/www.portaldelolleria.es\/wp-content\/uploads\/2019\/01\/primer-neixement-2019-HX-02.jpg\" alt=\"\" width=\"598\" height=\"409\" srcset=\"http:\/\/www.portaldelolleria.es\/wp-content\/uploads\/2019\/01\/primer-neixement-2019-HX-02.jpg 598w, http:\/\/www.portaldelolleria.es\/wp-content\/uploads\/2019\/01\/primer-neixement-2019-HX-02-300x205.jpg 300w\" sizes=\"(max-width: 598px) 100vw, 598px\" \/><\/a><\/p>\n<p style=\"text-align: justify;\"><span style=\"color: #333333;\"><em>Departament Salut X\u00e0tiva-Ontinyent 2\/1\/2019<\/em><\/span><\/p>\n<p style=\"text-align: justify;\">El Equipo directivo del Departamento de Salud X\u00e0tiva-Ontinyent ha hecho entrega de un ramo de flores a los padres de Mar\u00eda, la ni\u00f1a de Sant Joanet (La Ribera Alta) que ha sido el primer nacimiento del a\u00f1o 2019 en nuestro Departamento de salud. Mar\u00eda naci\u00f3 ayer al mediod\u00eda en el Hospital Llu\u00eds Alcany\u00eds de X\u00e0tiva. Sus padres, Lucia y Jose han recibido y agradecido la visita de la direcci\u00f3n del centro.<\/p>\n<p>En la foto, el equipo directivo, de izquierda a derecha: Ricardo Garc\u00eda, Director de Atenci\u00f3n Primaria, Gerardo Ferrer director m\u00e9dico, Rosa Antonio directora de enfermer\u00eda y Concepci\u00f3n Albert directora econ\u00f3mica del Departamento de Salud X\u00e0tiva Ontinyent. Junto a ellos Los padres de Mar\u00eda: Jose y Lucia.<\/p>\n<p style=\"text-align: justify;\">_____________________________________<\/p>\n<p style=\"text-align: justify;\"><span style=\"color: #000080;\">L\u2019Equip directiu del Departament de Salut X\u00e0tiva-Ontinyent ha fet lliurament d\u2019un ram de flors als pares de Maria, la xiqueta de Sant Joanet (La Ribera Alta) que ha estat el primer naixement de l\u2019any 2019 al nostre Departament de Salut. Maria va n\u00e0ixer ahir al migdia a l\u2019Hospital Llu\u00eds Alcany\u00eds de X\u00e0tiva. Els seus pares, Lucia i Jose han rebut i han agr\u00eft la visita de la direcci\u00f3 del centre.<\/span><\/p>\n<p style=\"text-align: justify;\"><span style=\"color: #000080;\">En la foto, l\u2019equip directiu, d\u2019esquerra a dreta: Ricardo Garc\u00eda, Director d\u2019Atenci\u00f3 Prim\u00e0ria, Gerardo Ferrer director m\u00e8dic, Rosa Antonio directora d\u2019infermeria i Concepci\u00f3 Albert directora econ\u00f3mica del Departament de Salut X\u00e0tiva Ontinyent. Junt a ells Els pares de Maria: Jose i Lucia.<\/span><\/p>\n","protected":false},"excerpt":{"rendered":"<p>Departament Salut X\u00e0tiva-Ontinyent 2\/1\/2019 El Equipo directivo del Departamento de Salud X\u00e0tiva-Ontinyent ha hecho entrega de un ramo de flores a los padres de Mar\u00eda, la ni\u00f1a de Sant Joanet (La Ribera Alta) que ha sido el primer nacimiento del a\u00f1o 2019 en nuestro Departamento de salud. Mar\u00eda naci\u00f3 ayer al mediod\u00eda en el Hospital [&hellip;]<\/p>\n","protected":false},"author":1,"featured_media":0,"comment_status":"closed","ping_status":"open","sticky":false,"template":"","format":"standard","meta":{"_monsterinsights_skip_tracking":false,"_monsterinsights_sitenote_active":false,"_monsterinsights_sitenote_note":"","_monsterinsights_sitenote_category":0},"categories":[3,12],"tags":[],"_links":{"self":[{"href":"http:\/\/www.portaldelolleria.es\/index.php?rest_route=\/wp\/v2\/posts\/22165"}],"collection":[{"href":"http:\/\/www.portaldelolleria.es\/index.php?rest_route=\/wp\/v2\/posts"}],"about":[{"href":"http:\/\/www.portaldelolleria.es\/index.php?rest_route=\/wp\/v2\/types\/post"}],"author":[{"embeddable":true,"href":"http:\/\/www.portaldelolleria.es\/index.php?rest_route=\/wp\/v2\/users\/1"}],"replies":[{"embeddable":true,"href":"http:\/\/www.portaldelolleria.es\/index.php?rest_route=%2Fwp%2Fv2%2Fcomments&post=22165"}],"version-history":[{"count":2,"href":"http:\/\/www.portaldelolleria.es\/index.php?rest_route=\/wp\/v2\/posts\/22165\/revisions"}],"predecessor-version":[{"id":22168,"href":"http:\/\/www.portaldelolleria.es\/index.php?rest_route=\/wp\/v2\/posts\/22165\/revisions\/22168"}],"wp:attachment":[{"href":"http:\/\/www.portaldelolleria.es\/index.php?rest_route=%2Fwp%2Fv2%2Fmedia&parent=22165"}],"wp:term":[{"taxonomy":"category","embeddable":true,"href":"http:\/\/www.portaldelolleria.es\/index.php?rest_route=%2Fwp%2Fv2%2Fcategories&post=22165"},{"taxonomy":"post_tag","embeddable":true,"href":"http:\/\/www.portaldelolleria.es\/index.php?rest_route=%2Fwp%2Fv2%2Ftags&post=22165"}],"curies":[{"name":"wp","href":"https:\/\/api.w.org\/{rel}","templated":true}]}}