{"id":22178,"date":"2019-01-03T22:30:53","date_gmt":"2019-01-03T20:30:53","guid":{"rendered":"http:\/\/www.portaldelolleria.es\/?p=22178"},"modified":"2019-01-03T22:33:57","modified_gmt":"2019-01-03T20:33:57","slug":"iii-edicion-concurso-ideat-kids-incripciones-hasta-el-10-de-enero","status":"publish","type":"post","link":"http:\/\/www.portaldelolleria.es\/?p=22178","title":{"rendered":"III Edici\u00f3n Concurso ideaT-kids, incripciones hasta el 10 de enero"},"content":{"rendered":"<p><a href=\"http:\/\/www.portaldelolleria.es\/wp-content\/uploads\/2019\/01\/popdueqk.jpg\"><img loading=\"lazy\" class=\"aligncenter size-full wp-image-22179\" title=\"popdueqk\" src=\"http:\/\/www.portaldelolleria.es\/wp-content\/uploads\/2019\/01\/popdueqk.jpg\" alt=\"\" width=\"598\" height=\"370\" srcset=\"http:\/\/www.portaldelolleria.es\/wp-content\/uploads\/2019\/01\/popdueqk.jpg 598w, http:\/\/www.portaldelolleria.es\/wp-content\/uploads\/2019\/01\/popdueqk-300x185.jpg 300w\" sizes=\"(max-width: 598px) 100vw, 598px\" \/><\/a><\/p>\n<p><span style=\"color: #888888;\"><em>\u00a0UPV &#8211; Campus Alcoi\u00a0 3\/1\/2019<\/em><\/span><\/p>\n<h3>III Edici\u00f3n Concurso ideaT-kids<\/h3>\n<h4>IdeaT-kids, un concurso emprendedor para ni\u00f1os de 5\u00ba y 6\u00ba de Primaria, en el que se desarrollan competencias, habilidades, capacidades y aptitudes en materia de emprendimiento.<\/h4>\n<p style=\"text-align: justify;\">El Campus d\u2019Alcoi de la Universitat Polit\u00e8cnica de Val\u00e8ncia convoca para el presente curso acad\u00e9mico 2018-2019 la tercera edici\u00f3n del concurso \u201c<strong><em>ideaT-kids UPV Campus d\u00b4Alcoi<\/em><\/strong>\u201d para los alumnos de centros educativos que estudien 5\u00ba o 6\u00ba curso de Educaci\u00f3n Primaria.<\/p>\n<p style=\"text-align: justify;\">Del <strong>3 de diciembre de 2018 al 10 de enero de 2019<\/strong> se debe presentar la Solicitud de participaci\u00f3n.<\/p>\n<p style=\"text-align: justify;\">Se\u00f1alar que al igual que la edici\u00f3n pasada, las ideas de negocio deben tener una vertiente SOSTENIBLE o SOLIDARIA que ayuden a fomentar el emprendimiento social, \u00e9tico y ecol\u00f3gico.<\/p>\n<p style=\"text-align: justify;\">En la pasada edici\u00f3n participaron un total de 441 alumnos de 7 centros educativos: 6 de Alcoy y 1 de L&#8217;Oller\u00eda, destacando la gran implicaci\u00f3n de todos los profesores y alumnos participantes, as\u00ed como el gran nivel de todos los proyectos e ideas de negocio que se presentaron.<\/p>\n<p style=\"text-align: justify;\">Para que un centro pueda participar en el concurso deber\u00e1 inscribir al menos a un profesor al concurso mediante la ficha de participaci\u00f3n del ANEXO I y a un taller presencial opcional sobre emprendimiento que se impartir\u00e1 en el Campus d\u2019Alcoi de la UPV. La inscripci\u00f3n al curso es gratuita. El curso se impartir\u00e1 durante el mes de enero 2019.<\/p>\n<p style=\"text-align: justify;\">El presente concurso tiene por objeto incentivar entre los alumnos de primaria el desarrollo de competencias, habilidades, capacidades y aptitudes en materia de emprendimiento social, as\u00ed como favorecer el desarrollo de habilidades sociales y comunicativas<\/p>\n<p style=\"text-align: justify;\"><strong><a href=\"http:\/\/www.epsa.upv.es\/news\/bases_idea_kids_2018.pdf\" target=\"_blank\">VER BASES<\/a><\/strong><\/p>\n<p style=\"text-align: justify;\">___________________________________<\/p>\n<h4 style=\"text-align: justify;\"><span style=\"color: #000080;\">IdeaT-kids, un concurs emprenedor per a xiquets de 5\u00e9 i 6\u00e9 de Prim\u00e0ria, en el qual es desenvolupen compet\u00e8ncies, habilitats, capacitats i aptituds en mat\u00e8ria d&#8217;empreniment.<\/span><\/h4>\n<p style=\"text-align: justify;\"><span style=\"color: #000080;\">El Campus d\u2019Alcoi de la Universitat Polit\u00e8cnica de Val\u00e8ncia convoca per al present curs acad\u00e8mic 2018-2019 la tercera edici\u00f3 del concurs \u201c<strong><em>ideaT-kids UPV Campus d\u00b4Alcoi<\/em><\/strong>\u201d per als alumnes de centres educatius que estudien 5\u00e8 o 6\u00e8 curs d&#8217;Educaci\u00f3 Prim\u00e0ria.<\/span><\/p>\n<p style=\"text-align: justify;\"><span style=\"color: #000080;\">Del <strong>3 de desembre de 2018 al 10 de gener de 2019<\/strong> s&#8217;ha de presentar la Sol\u00b7licitud de participaci\u00f3.<\/span><\/p>\n<p style=\"text-align: justify;\"><span style=\"color: #000080;\">Assenyalar que igual que l&#8217;edici\u00f3 passada, les idees de negoci han de tindre un vessant SOSTENIBLE o SOLIDARI que ajuden a fomentar l&#8217;emprenedoria social, \u00e8tic i ecol\u00f2gic.<\/span><\/p>\n<p style=\"text-align: justify;\"><span style=\"color: #000080;\">En la passada edici\u00f3 van participar un total de 441 alumnes de 7 centres educatius: 6 d&#8217;Alcoi i 1 de L&#8217;l&#8217;Olleria, destacant la gran implicaci\u00f3 de tots els professors i alumnes participants, aix\u00ed com el gran nivell de tots els projectes i idees de negoci que es van presentar.<\/span><\/p>\n<p style=\"text-align: justify;\"><span style=\"color: #000080;\">Perqu\u00e8 un centre puga participar en el concurs haur\u00e0 d&#8217;inscriure almenys a un professor al concurs mitjan\u00e7ant la fitxa de participaci\u00f3 de l&#8217;ANNEX I i a un taller presencial opcional sobre emprenedoria que s&#8217;impartir\u00e0 al Campus d\u2019Alcoi de la UPV. La inscripci\u00f3 al curs \u00e9s gratu\u00efta. El curs s&#8217;impartir\u00e0 durant el mes de gener 2019.<\/span><\/p>\n<p style=\"text-align: justify;\"><span style=\"color: #000080;\">El present concurs t\u00e9 per objecte incentivar entre els alumnes de prim\u00e0ria el desenvolupament de compet\u00e8ncies, habilitats, capacitats i aptituds en mat\u00e8ria d&#8217;emprenedoria social, aix\u00ed com afavorir el desenvolupament d&#8217;habilitats socials i comunicatives.<\/span><\/p>\n<p><span style=\"color: #000080;\"><strong><a href=\"http:\/\/www.epsa.upv.es\/news\/bases_idea_kids_2018.pdf\" target=\"_blank\"><span style=\"color: #000080;\">VER BASES<\/span><\/a><\/strong><\/span><\/p>\n","protected":false},"excerpt":{"rendered":"<p>\u00a0UPV &#8211; Campus Alcoi\u00a0 3\/1\/2019 III Edici\u00f3n Concurso ideaT-kids IdeaT-kids, un concurso emprendedor para ni\u00f1os de 5\u00ba y 6\u00ba de Primaria, en el que se desarrollan competencias, habilidades, capacidades y aptitudes en materia de emprendimiento. El Campus d\u2019Alcoi de la Universitat Polit\u00e8cnica de Val\u00e8ncia convoca para el presente curso acad\u00e9mico 2018-2019 la tercera edici\u00f3n del [&hellip;]<\/p>\n","protected":false},"author":1,"featured_media":0,"comment_status":"closed","ping_status":"open","sticky":false,"template":"","format":"standard","meta":{"_monsterinsights_skip_tracking":false,"_monsterinsights_sitenote_active":false,"_monsterinsights_sitenote_note":"","_monsterinsights_sitenote_category":0},"categories":[10,12,1058],"tags":[],"_links":{"self":[{"href":"http:\/\/www.portaldelolleria.es\/index.php?rest_route=\/wp\/v2\/posts\/22178"}],"collection":[{"href":"http:\/\/www.portaldelolleria.es\/index.php?rest_route=\/wp\/v2\/posts"}],"about":[{"href":"http:\/\/www.portaldelolleria.es\/index.php?rest_route=\/wp\/v2\/types\/post"}],"author":[{"embeddable":true,"href":"http:\/\/www.portaldelolleria.es\/index.php?rest_route=\/wp\/v2\/users\/1"}],"replies":[{"embeddable":true,"href":"http:\/\/www.portaldelolleria.es\/index.php?rest_route=%2Fwp%2Fv2%2Fcomments&post=22178"}],"version-history":[{"count":4,"href":"http:\/\/www.portaldelolleria.es\/index.php?rest_route=\/wp\/v2\/posts\/22178\/revisions"}],"predecessor-version":[{"id":22183,"href":"http:\/\/www.portaldelolleria.es\/index.php?rest_route=\/wp\/v2\/posts\/22178\/revisions\/22183"}],"wp:attachment":[{"href":"http:\/\/www.portaldelolleria.es\/index.php?rest_route=%2Fwp%2Fv2%2Fmedia&parent=22178"}],"wp:term":[{"taxonomy":"category","embeddable":true,"href":"http:\/\/www.portaldelolleria.es\/index.php?rest_route=%2Fwp%2Fv2%2Fcategories&post=22178"},{"taxonomy":"post_tag","embeddable":true,"href":"http:\/\/www.portaldelolleria.es\/index.php?rest_route=%2Fwp%2Fv2%2Ftags&post=22178"}],"curies":[{"name":"wp","href":"https:\/\/api.w.org\/{rel}","templated":true}]}}