{"id":22186,"date":"2019-01-04T19:46:10","date_gmt":"2019-01-04T17:46:10","guid":{"rendered":"http:\/\/www.portaldelolleria.es\/?p=22186"},"modified":"2019-01-04T19:52:02","modified_gmt":"2019-01-04T17:52:02","slug":"los-bomberos-visitan-a-los-ninosas-ingresados-en-el-lluis-alcanyis","status":"publish","type":"post","link":"http:\/\/www.portaldelolleria.es\/?p=22186","title":{"rendered":"Los bomberos visitan a los ni\u00f1os\/as ingresados en el Llu\u00eds Alcany\u00eds"},"content":{"rendered":"<p><a href=\"http:\/\/www.portaldelolleria.es\/wp-content\/uploads\/2019\/01\/bombers-a-pdt-hx031.jpg\"><img loading=\"lazy\" class=\"aligncenter size-full wp-image-22191\" title=\"?????????\" src=\"http:\/\/www.portaldelolleria.es\/wp-content\/uploads\/2019\/01\/bombers-a-pdt-hx031.jpg\" alt=\"\" width=\"598\" height=\"400\" srcset=\"http:\/\/www.portaldelolleria.es\/wp-content\/uploads\/2019\/01\/bombers-a-pdt-hx031.jpg 598w, http:\/\/www.portaldelolleria.es\/wp-content\/uploads\/2019\/01\/bombers-a-pdt-hx031-300x200.jpg 300w\" sizes=\"(max-width: 598px) 100vw, 598px\" \/><\/a><\/p>\n<p style=\"text-align: justify;\">Dentro del programa de actividades navide\u00f1as del Hospital Llu\u00eds Alcany\u00eds hoy han visitado el centro una representaci\u00f3n del parque de bomberos del consorcio provincial. Bomberos\u00a0 han visitado la planta de pediatr\u00eda y han entregado regalos a ni\u00f1os y ni\u00f1as ingresadas.<\/p>\n<p style=\"text-align: justify;\">Ma\u00f1ana al mediod\u00eda est\u00e1 previsto la llegada de los Reyes Magos de Oriente que har\u00e1n un recorrido similar al Hospital Llu\u00eds Alcany\u00eds.<\/p>\n<p style=\"text-align: justify;\">Durante todo el fin de semana el Departamento de Salud volver\u00e1 a publicar para redes sociales los dibujos del Exposici\u00f3n de felicitaciones de Navidad que han realizado los ni\u00f1os y ni\u00f1as a la Unidad Pedag\u00f3gica Hospitalaria y que se pueden ver en la entrada del Hospital.<\/p>\n<p style=\"text-align: justify;\">Estas actividades se encuadran en el Programa de Humanizaci\u00f3n de la sanidad p\u00fablica que est\u00e1 llevando a cabo el Departamento de Salud.<\/p>\n<p style=\"text-align: justify;\">______________________________<\/p>\n<p style=\"text-align: justify;\"><span style=\"color: #000080;\">Dins el programa d\u2019activitats nadalenques del Hospital Llu\u00eds Alcany\u00eds hui han visitat el centre una representaci\u00f3 del parc de bombers del consorci provincial. Bombers i bomberes han visitat la planta de pediatr\u00eda i han lliurat regals a xiquets i xiquetes ingressades.<\/span><\/p>\n<p style=\"text-align: justify;\"><span style=\"color: #000080;\">Dem\u00e0 al migdia est\u00e0 previst l\u2019arribada dels Reis Mags d\u2019Orient que faran un recorregut semblant a l\u2019Hospital Llu\u00eds Alcany\u00eds.<\/span><\/p>\n<p style=\"text-align: justify;\"><span style=\"color: #000080;\">Durant tot el cap de setmana el Departament de Salut tornar\u00e0 a publicar per xarxes socials els dibuixos de l\u2019expossici\u00f3 de felicitacions de Nadal que han realitzat els xiquets i xiquetes a la Unitat Pedag\u00f2gica Hospital\u00e0ria i que es poden veure a l\u2019entrada de l\u2019Hospital.<\/span><\/p>\n<p style=\"text-align: justify;\"><span style=\"color: #000080;\">Aquestes activitats s\u2019enquadren en el Programa d\u2019Humanitzaci\u00f3 de la sanitat p\u00fablica que est\u00e0 duent a terme el Departament de Salut.<\/span><\/p>\n<p style=\"text-align: justify;\"><a href=\"http:\/\/www.portaldelolleria.es\/wp-content\/uploads\/2019\/01\/bombers-a-pdt-hx01-21.jpg\"><img loading=\"lazy\" class=\"aligncenter size-full wp-image-22190\" title=\"?????????\" src=\"http:\/\/www.portaldelolleria.es\/wp-content\/uploads\/2019\/01\/bombers-a-pdt-hx01-21.jpg\" alt=\"\" width=\"598\" height=\"430\" srcset=\"http:\/\/www.portaldelolleria.es\/wp-content\/uploads\/2019\/01\/bombers-a-pdt-hx01-21.jpg 598w, http:\/\/www.portaldelolleria.es\/wp-content\/uploads\/2019\/01\/bombers-a-pdt-hx01-21-300x215.jpg 300w\" sizes=\"(max-width: 598px) 100vw, 598px\" \/><\/a><\/p>\n","protected":false},"excerpt":{"rendered":"<p>Dentro del programa de actividades navide\u00f1as del Hospital Llu\u00eds Alcany\u00eds hoy han visitado el centro una representaci\u00f3n del parque de bomberos del consorcio provincial. Bomberos\u00a0 han visitado la planta de pediatr\u00eda y han entregado regalos a ni\u00f1os y ni\u00f1as ingresadas. Ma\u00f1ana al mediod\u00eda est\u00e1 previsto la llegada de los Reyes Magos de Oriente que har\u00e1n [&hellip;]<\/p>\n","protected":false},"author":1,"featured_media":0,"comment_status":"closed","ping_status":"open","sticky":false,"template":"","format":"standard","meta":{"_monsterinsights_skip_tracking":false,"_monsterinsights_sitenote_active":false,"_monsterinsights_sitenote_note":"","_monsterinsights_sitenote_category":0},"categories":[3,12],"tags":[],"_links":{"self":[{"href":"http:\/\/www.portaldelolleria.es\/index.php?rest_route=\/wp\/v2\/posts\/22186"}],"collection":[{"href":"http:\/\/www.portaldelolleria.es\/index.php?rest_route=\/wp\/v2\/posts"}],"about":[{"href":"http:\/\/www.portaldelolleria.es\/index.php?rest_route=\/wp\/v2\/types\/post"}],"author":[{"embeddable":true,"href":"http:\/\/www.portaldelolleria.es\/index.php?rest_route=\/wp\/v2\/users\/1"}],"replies":[{"embeddable":true,"href":"http:\/\/www.portaldelolleria.es\/index.php?rest_route=%2Fwp%2Fv2%2Fcomments&post=22186"}],"version-history":[{"count":3,"href":"http:\/\/www.portaldelolleria.es\/index.php?rest_route=\/wp\/v2\/posts\/22186\/revisions"}],"predecessor-version":[{"id":22192,"href":"http:\/\/www.portaldelolleria.es\/index.php?rest_route=\/wp\/v2\/posts\/22186\/revisions\/22192"}],"wp:attachment":[{"href":"http:\/\/www.portaldelolleria.es\/index.php?rest_route=%2Fwp%2Fv2%2Fmedia&parent=22186"}],"wp:term":[{"taxonomy":"category","embeddable":true,"href":"http:\/\/www.portaldelolleria.es\/index.php?rest_route=%2Fwp%2Fv2%2Fcategories&post=22186"},{"taxonomy":"post_tag","embeddable":true,"href":"http:\/\/www.portaldelolleria.es\/index.php?rest_route=%2Fwp%2Fv2%2Ftags&post=22186"}],"curies":[{"name":"wp","href":"https:\/\/api.w.org\/{rel}","templated":true}]}}