{"id":22198,"date":"2019-01-08T21:10:35","date_gmt":"2019-01-08T19:10:35","guid":{"rendered":"http:\/\/www.portaldelolleria.es\/?p=22198"},"modified":"2019-01-08T21:18:24","modified_gmt":"2019-01-08T19:18:24","slug":"ola-de-frio-a-partir-del-jueves","status":"publish","type":"post","link":"http:\/\/www.portaldelolleria.es\/?p=22198","title":{"rendered":"Valencia recibe una ola de frio con temperaturas bajo cero"},"content":{"rendered":"<p><a href=\"http:\/\/www.portaldelolleria.es\/wp-content\/uploads\/2019\/01\/frio.jpg\"><img loading=\"lazy\" class=\"aligncenter size-full wp-image-22199\" title=\"frio\" src=\"http:\/\/www.portaldelolleria.es\/wp-content\/uploads\/2019\/01\/frio.jpg\" alt=\"\" width=\"598\" height=\"396\" srcset=\"http:\/\/www.portaldelolleria.es\/wp-content\/uploads\/2019\/01\/frio.jpg 598w, http:\/\/www.portaldelolleria.es\/wp-content\/uploads\/2019\/01\/frio-300x198.jpg 300w\" sizes=\"(max-width: 598px) 100vw, 598px\" \/><\/a><\/p>\n<p>&nbsp;<\/p>\n<p style=\"text-align: justify;\">La <strong>Agencia Estatal de Meteorolog\u00eda<\/strong> (Aemet) advierte que esta semana Valencia vivir\u00e1 jornadas con m\u00ednimas bajo cero o cercanas a 0\u00baC. La entrada de una masa de aire polar continental el pr\u00f3ximo jueves 10 de enero tiene la culpa.<\/p>\n<p style=\"text-align: justify;\">Seg\u00fan Aemet, las m\u00ednimas <strong>rondar\u00e1n los 0\u00ba C el pr\u00f3ximo jueves<\/strong> y las m\u00e1ximas no subir\u00e1n de los 10 grados hacia finales de semana. Pero antes de que esto suceda, ma\u00f1ana mismo podr\u00edamos vivir una jornada con el mercurio rozando los 20 grados, un fen\u00f3meno casi paranormal para lo que se nos viene encima.<\/p>\n<p style=\"text-align: justify;\">Entre la noche del jueves al viernes hay predicciones que anuncian m\u00ednimas de hasta -1\u00baC en el \u201ccap i casal\u201d, pero habr\u00e1 que esperar para ver c\u00f3mo evoluciona la semana.<\/p>\n<p style=\"text-align: justify;\"><strong>En puntos del interior de Valencia <\/strong>se esperan valores de hasta -7\u00baC, como es el caso de Utiel y Requena. Para el viernes y s\u00e1bado, en lugares como\u00a0X\u00e0tiva\u00a0se esperan -3\u00baC y -4\u00baC.\u00a0Durante la ola de fr\u00edo, puntos de la costa como Sagunto y Gand\u00eda vivir\u00e1n temperaturas similares a las de Valencia.\u00a0<strong> En l&#8217;Olleria la previsi\u00f3n para el jueves y el viernes oscila entre los 9\u00ba de m\u00e1xima y los -2\u00baC de m\u00ednima.<\/strong><\/p>\n<p style=\"text-align: justify;\">______________________________________<\/p>\n<p style=\"text-align: justify;\"><span style=\"color: #003366;\">L&#8217;Ag\u00e8ncia Estatal de Meteorologia (Aemet) adverteix que aquesta setmana Val\u00e8ncia viur\u00e0 jornades amb m\u00ednimes sota zero o properes a 0\u00baC. L&#8217;entrada d&#8217;una massa d&#8217;aire polar continental el proper dijous 10 de gener t\u00e9 la culpa.<\/span><\/p>\n<p><span style=\"color: #003366;\">Segons Aemet, les m\u00ednimes rondaran els 0\u00ba C dijous que ve i les m\u00e0ximes no pujaran dels 10 graus cap a finals de setmana. Per\u00f2 abans que aix\u00f2 passi, dem\u00e0 mateix podr\u00edem viure una jornada amb el mercuri fregant els 20 graus, un fenomen gaireb\u00e9 paranormal per al que se&#8217;ns ve a sobre.<\/span><\/p>\n<p><span style=\"color: #003366;\">Entre la nit de dijous a divendres hi ha prediccions que anuncien m\u00ednimes de fins -1\u00baC al \u00abcap i casal\u00bb, per\u00f2 caldr\u00e0 esperar per veure com evoluciona la setmana.<\/span><\/p>\n<p><span style=\"color: #003366;\">En punts de l&#8217;interior de Val\u00e8ncia s&#8217;esperen valors de fins a -7\u00baC, com \u00e9s el cas d&#8217;Utiel i Requena. Per divendres i dissabte, en llocs com X\u00e0tiva s&#8217;esperen -3\u00baC i -4\u00baC. Durant l&#8217;onada de fred, punts de la costa com Sagunt i Gandia viuran temperatures similars a les de Val\u00e8ncia. <strong>En l&#8217;Olleria la previsi\u00f3 per dijous i divendres oscil\u00b7la entre els 9\u00ba de m\u00e0xima i els -2\u00baC de m\u00ednima.<\/strong><\/span><\/p>\n","protected":false},"excerpt":{"rendered":"<p>&nbsp; La Agencia Estatal de Meteorolog\u00eda (Aemet) advierte que esta semana Valencia vivir\u00e1 jornadas con m\u00ednimas bajo cero o cercanas a 0\u00baC. La entrada de una masa de aire polar continental el pr\u00f3ximo jueves 10 de enero tiene la culpa. Seg\u00fan Aemet, las m\u00ednimas rondar\u00e1n los 0\u00ba C el pr\u00f3ximo jueves y las m\u00e1ximas no [&hellip;]<\/p>\n","protected":false},"author":1,"featured_media":0,"comment_status":"closed","ping_status":"open","sticky":false,"template":"","format":"standard","meta":{"_monsterinsights_skip_tracking":false,"_monsterinsights_sitenote_active":false,"_monsterinsights_sitenote_note":"","_monsterinsights_sitenote_category":0},"categories":[3,12],"tags":[],"_links":{"self":[{"href":"http:\/\/www.portaldelolleria.es\/index.php?rest_route=\/wp\/v2\/posts\/22198"}],"collection":[{"href":"http:\/\/www.portaldelolleria.es\/index.php?rest_route=\/wp\/v2\/posts"}],"about":[{"href":"http:\/\/www.portaldelolleria.es\/index.php?rest_route=\/wp\/v2\/types\/post"}],"author":[{"embeddable":true,"href":"http:\/\/www.portaldelolleria.es\/index.php?rest_route=\/wp\/v2\/users\/1"}],"replies":[{"embeddable":true,"href":"http:\/\/www.portaldelolleria.es\/index.php?rest_route=%2Fwp%2Fv2%2Fcomments&post=22198"}],"version-history":[{"count":4,"href":"http:\/\/www.portaldelolleria.es\/index.php?rest_route=\/wp\/v2\/posts\/22198\/revisions"}],"predecessor-version":[{"id":22205,"href":"http:\/\/www.portaldelolleria.es\/index.php?rest_route=\/wp\/v2\/posts\/22198\/revisions\/22205"}],"wp:attachment":[{"href":"http:\/\/www.portaldelolleria.es\/index.php?rest_route=%2Fwp%2Fv2%2Fmedia&parent=22198"}],"wp:term":[{"taxonomy":"category","embeddable":true,"href":"http:\/\/www.portaldelolleria.es\/index.php?rest_route=%2Fwp%2Fv2%2Fcategories&post=22198"},{"taxonomy":"post_tag","embeddable":true,"href":"http:\/\/www.portaldelolleria.es\/index.php?rest_route=%2Fwp%2Fv2%2Ftags&post=22198"}],"curies":[{"name":"wp","href":"https:\/\/api.w.org\/{rel}","templated":true}]}}