{"id":22207,"date":"2019-01-09T12:21:57","date_gmt":"2019-01-09T10:21:57","guid":{"rendered":"http:\/\/www.portaldelolleria.es\/?p=22207"},"modified":"2019-01-09T12:21:57","modified_gmt":"2019-01-09T10:21:57","slug":"ajuntament-de-lolleria-projecte-elles","status":"publish","type":"post","link":"http:\/\/www.portaldelolleria.es\/?p=22207","title":{"rendered":"Ajuntament de l&#8217;Olleria: \u00abProjecte Elles\u00bb"},"content":{"rendered":"<p>&nbsp;<\/p>\n<p><a href=\"http:\/\/www.portaldelolleria.es\/wp-content\/uploads\/2019\/01\/elles2.jpg\"><img loading=\"lazy\" class=\"aligncenter size-full wp-image-22209\" title=\"elles2\" src=\"http:\/\/www.portaldelolleria.es\/wp-content\/uploads\/2019\/01\/elles2.jpg\" alt=\"\" width=\"598\" height=\"396\" srcset=\"http:\/\/www.portaldelolleria.es\/wp-content\/uploads\/2019\/01\/elles2.jpg 598w, http:\/\/www.portaldelolleria.es\/wp-content\/uploads\/2019\/01\/elles2-300x198.jpg 300w\" sizes=\"(max-width: 598px) 100vw, 598px\" \/><\/a><\/p>\n<div>\n<div><em><br \/>\n<\/em><\/div>\n<\/div>\n<p><span style=\"color: #333333;\"><em>Ajuntament de l&#8217;Olleria, 9\/1\/2019<\/em><\/span><\/p>\n<p>&nbsp;<\/p>\n<p align=\"center\"><span style=\"color: #000080;\"><em>La programaci\u00f3 comen\u00e7a el 12 de gener i finalitza el 31 de mar\u00e7<\/em><\/span><\/p>\n<p align=\"center\"><span style=\"color: #000080;\"><strong>El projecte \u201cElles\u201d posa en valor el treball de les dones creadores<\/strong><\/span><\/p>\n<p style=\"text-align: justify;\"><span style=\"color: #000080;\">L\u2019Ajuntament de l\u2019Olleria posa en valor el treball de les dones creadores amb el projecte <strong>\u201cElles\u201d<\/strong>, una programaci\u00f3 amb artistes de carreres consolidades i altres emergents que mostraran les seues creacions culturals. La majoria de les protagonistes que conformen el cicle s\u00f3n de l\u2019Olleria o estan vinculades d\u2019alguna manera a la localitat.<\/span><\/p>\n<p style=\"text-align: justify;\"><span style=\"color: #000080;\">La regidora de Cultura i Benestar Social, Gloria Mic\u00f3, ha explicat que es tracta d\u2019una col\u00b7laboraci\u00f3 entre les dues regidories, ja que <em>\u201cl\u2019any passat es va aprovar el Pla d\u2019Igualtat Municipal i ens vam adonar que, de manera inconscient, a la programaci\u00f3 cultural hi ha molt poca pres\u00e8ncia de dones\u201d<\/em>.<\/span><\/p>\n<p style=\"text-align: justify;\"><span style=\"color: #000080;\"><strong>\u201cElles\u201d<\/strong> comen\u00e7a el dissabte 12 de gener amb el <strong>recital de cant de Maia<\/strong> a les 20h al Teatre Goya. El 17 de gener tindr\u00e0 lloc la <strong>xerrada \u201cObrim una finestra a la societat: dones en ci\u00e8ncia\u201d, amb Clara Garc\u00eda i Marga Vadillo<\/strong>, a les 19h a la Biblioteca Municipal. Durant el mes de gener hi haur\u00e0 una altra proposta per al dia 26 amb la <strong>presentaci\u00f3 del disc \u201cQuan abril era abril\u201d d\u2019Eva D\u00e9nia acompanyada per Merxe Mart\u00ednez<\/strong>, a les 20h al Teatre Goya. El 15 de febrer es projectar\u00e0 el <strong>documental \u201cMilicianes\u201d<\/strong> a les 20h a la Biblioteca Municipal, dirigit per T\u00e0nia Ball\u00f3 i Jaume Mir\u00f3, i en qu\u00e8 una de les milicianes \u00e9s Mar\u00eda Garc\u00eda Sanchis, natural de l\u2019Olleria.\u00a0 El 16 de febrer, la vocalista i instrumentista <strong>Noe presenta el seu treball \u201cL\u2019hora violeta\u201d<\/strong> a les 20h al Teatre Goya. Per al mes de mar\u00e7 tamb\u00e9 s\u2019han programat diferents activitats, la primera d\u2019elles el dia 9 amb <strong>la cantant olleriana Eva Romero que ofereix \u201cEst\u00e0ndards d\u2019elles\u201d<\/strong> a les 20h al Teatre Goya. El dia 10 de mar\u00e7 a les 18h, <strong>Paula Lloren\u00e7 interpretar\u00e0 el mon\u00f2leg \u201cHistoria de una maestra\u201d <\/strong>al Teatre Goya. El 16 de mar\u00e7 <strong>\u201cLes XL\u201d (N\u00eda Mas i Marta Sitj\u00e0) representaran l\u2019obra \u201cAband\u00f3nate mucho\u201d<\/strong> a les 20h al Teatre Goya. I finalment, del 4 al 31 de mar\u00e7 podrem gaudir de l\u2019<strong>exposici\u00f3 fotogr\u00e0fica \u201cEndinsar-nos\u201d de Paula Lape\u00f1a<\/strong> al Teatre Goya.<\/span><\/p>\n<p style=\"text-align: justify;\"><span style=\"color: #000080;\"><em>\u201cDurant l\u2019any hi haur\u00e0 m\u00e9s actuacions protagonitzades per dones perqu\u00e8 aquest \u00e9s sols un primer pas dins la programaci\u00f3 cultural, per\u00f2 la igualtat \u00e9s molt m\u00e9s \u00e0mplia\u201d<\/em>, ha assegurat la regidora de Cultura i Benestar Social.<\/span><\/p>\n<p style=\"text-align: justify;\"><span style=\"color: #000080;\">Les entrades per als espectacles del Teatre Goya tindran un cost d\u2019entre 1 i 3 euros.<\/span><\/p>\n<p>___________________________________________<\/p>\n<p>&nbsp;<\/p>\n<p style=\"text-align: justify;\"><em>La programaci\u00f3n comienza el 12 de enero y finaliza el 31 de marzo<\/em><br \/>\n<strong>El proyecto \u00abEllas\u00bb pone en valor el trabajo de las mujeres creadoras<\/strong><\/p>\n<p style=\"text-align: justify;\"><strong><\/strong><br \/>\nEl Ayuntamiento de l&#8217;Olleria pone en valor el trabajo de las mujeres creadoras con el proyecto \u00abElles\u00bb, una programaci\u00f3n con artistas de carreras consolidadas y otros emergentes que mostrar\u00e1n sus creaciones culturales. La mayor\u00eda de las protagonistas que conforman el ciclo son de l&#8217;Oller\u00eda o est\u00e1n vinculadas de alguna manera a la localidad.<br \/>\nLa concejala de Cultura y Bienestar Social, <strong>Gloria Mic\u00f3<\/strong>, ha explicado que se trata de una colaboraci\u00f3n entre las dos concejal\u00edas, ya que \u00ab<em>el a\u00f1o pasado se aprob\u00f3 el Plan de Igualdad Municipal y nos dimos cuenta de que, de manera inconsciente, a la programaci\u00f3n cultural hay muy poca presencia de mujeres<\/em> \u00ab.<br \/>\n\u00abElles\u00bb comienza el s\u00e1bado 12 de enero con el recital de canto de Maia a las 20h en el Teatro Goya. El 17 de enero tendr\u00e1 lugar la charla \u00abAbrimos una ventana a la sociedad: mujeres en ciencia\u00bb, con Clara Garc\u00eda y Marga Vadillo, a las 19h en la Biblioteca Municipal. Durante el mes de enero habr\u00e1 otra propuesta para el d\u00eda 26 con la presentaci\u00f3n del disco \u00abCuando abril era abril\u00bb de Eva D\u00e9nia acompa\u00f1ada por Merxe Mart\u00ednez, a las 20h en el Teatro Goya. El 15 de febrero se proyectar\u00e1 el documental \u00abmilicianos\u00bb a las 20h en la Biblioteca Municipal, dirigido por T\u00e0nia Ball\u00f3 y Jaume Mir\u00f3, y en el que una de las milicianas \u00e9s Mar\u00eda Garc\u00eda Sanchis, natural de l&#8217;Olleria. El 16 de febrero, la vocalista e instrumentista Noe presenta su trabajo \u00abLa hora violeta\u00bb a las 20h en el Teatro Goya. Para el mes de marzo tambi\u00e9n se han programado diferentes actividades, la primera de ellas el d\u00eda 9 con la cantante olleriense Eva Romero que ofrece \u00abEst\u00e0ndards d\u2019elles\u00bb a las 20h en el Teatro Goya. El d\u00eda 10 de marzo a las 18h, Paula Lorenzo interpretar\u00e1 el mon\u00f3logo \u00abHistoria de una maestra\u00bb en el Teatro Goya. El 16 de marzo \u00abLas XL\u00bb (N\u00eda Mas y Marta Sitj\u00e0) representar\u00e1n la obra \u00abAband\u00f3nate mucho\u00bb a las 20h en el Teatro Goya. Y por \u00faltimo, del 4 al 31 de marzo podremos disfrutar de la exposici\u00f3n fotogr\u00e1fica \u00abEndinsar-nos\u00bb de Paula Lape\u00f1a en el Teatro Goya.<br \/>\n\u00abDurante el a\u00f1o habr\u00e1 m\u00e1s actuaciones protagonizadas por mujeres porque este es s\u00f3lo un primer paso dentro de la programaci\u00f3n cultural, pero la igualdad es mucho m\u00e1s amplia\u00bb, ha asegurado la concejala de Cultura y Bienestar Social.<br \/>\nLas entradas para los espect\u00e1culos del Teatro Goya tendr\u00e1n un coste de entre 1 y 3 euros.<\/p>\n<p style=\"text-align: justify;\"><a href=\"http:\/\/www.portaldelolleria.es\/wp-content\/uploads\/2019\/01\/elles.jpg\"><img loading=\"lazy\" class=\"aligncenter size-full wp-image-22208\" title=\"elles\" src=\"http:\/\/www.portaldelolleria.es\/wp-content\/uploads\/2019\/01\/elles.jpg\" alt=\"\" width=\"598\" height=\"846\" srcset=\"http:\/\/www.portaldelolleria.es\/wp-content\/uploads\/2019\/01\/elles.jpg 598w, http:\/\/www.portaldelolleria.es\/wp-content\/uploads\/2019\/01\/elles-212x300.jpg 212w\" sizes=\"(max-width: 598px) 100vw, 598px\" \/><\/a><\/p>\n","protected":false},"excerpt":{"rendered":"<p>&nbsp; Ajuntament de l&#8217;Olleria, 9\/1\/2019 &nbsp; La programaci\u00f3 comen\u00e7a el 12 de gener i finalitza el 31 de mar\u00e7 El projecte \u201cElles\u201d posa en valor el treball de les dones creadores L\u2019Ajuntament de l\u2019Olleria posa en valor el treball de les dones creadores amb el projecte \u201cElles\u201d, una programaci\u00f3 amb artistes de carreres consolidades i [&hellip;]<\/p>\n","protected":false},"author":1,"featured_media":0,"comment_status":"closed","ping_status":"open","sticky":false,"template":"","format":"standard","meta":{"_monsterinsights_skip_tracking":false,"_monsterinsights_sitenote_active":false,"_monsterinsights_sitenote_note":"","_monsterinsights_sitenote_category":0},"categories":[16,12],"tags":[],"_links":{"self":[{"href":"http:\/\/www.portaldelolleria.es\/index.php?rest_route=\/wp\/v2\/posts\/22207"}],"collection":[{"href":"http:\/\/www.portaldelolleria.es\/index.php?rest_route=\/wp\/v2\/posts"}],"about":[{"href":"http:\/\/www.portaldelolleria.es\/index.php?rest_route=\/wp\/v2\/types\/post"}],"author":[{"embeddable":true,"href":"http:\/\/www.portaldelolleria.es\/index.php?rest_route=\/wp\/v2\/users\/1"}],"replies":[{"embeddable":true,"href":"http:\/\/www.portaldelolleria.es\/index.php?rest_route=%2Fwp%2Fv2%2Fcomments&post=22207"}],"version-history":[{"count":1,"href":"http:\/\/www.portaldelolleria.es\/index.php?rest_route=\/wp\/v2\/posts\/22207\/revisions"}],"predecessor-version":[{"id":22210,"href":"http:\/\/www.portaldelolleria.es\/index.php?rest_route=\/wp\/v2\/posts\/22207\/revisions\/22210"}],"wp:attachment":[{"href":"http:\/\/www.portaldelolleria.es\/index.php?rest_route=%2Fwp%2Fv2%2Fmedia&parent=22207"}],"wp:term":[{"taxonomy":"category","embeddable":true,"href":"http:\/\/www.portaldelolleria.es\/index.php?rest_route=%2Fwp%2Fv2%2Fcategories&post=22207"},{"taxonomy":"post_tag","embeddable":true,"href":"http:\/\/www.portaldelolleria.es\/index.php?rest_route=%2Fwp%2Fv2%2Ftags&post=22207"}],"curies":[{"name":"wp","href":"https:\/\/api.w.org\/{rel}","templated":true}]}}