{"id":22236,"date":"2019-01-15T15:38:16","date_gmt":"2019-01-15T13:38:16","guid":{"rendered":"http:\/\/www.portaldelolleria.es\/?p=22236"},"modified":"2019-01-16T22:20:07","modified_gmt":"2019-01-16T20:20:07","slug":"este-miercoles-comienzan-los-actos-de-celebracion-de-sant-antoni","status":"publish","type":"post","link":"http:\/\/www.portaldelolleria.es\/?p=22236","title":{"rendered":"Este miercoles comienzan los actos de celebraci\u00f3n de \u00abSant Antoni\u00bb"},"content":{"rendered":"<p><a href=\"http:\/\/www.portaldelolleria.es\/wp-content\/uploads\/2019\/01\/san_antoni.jpg\"><img loading=\"lazy\" class=\"aligncenter size-full wp-image-22238\" title=\"san_antoni\" src=\"http:\/\/www.portaldelolleria.es\/wp-content\/uploads\/2019\/01\/san_antoni.jpg\" alt=\"\" width=\"598\" height=\"396\" srcset=\"http:\/\/www.portaldelolleria.es\/wp-content\/uploads\/2019\/01\/san_antoni.jpg 598w, http:\/\/www.portaldelolleria.es\/wp-content\/uploads\/2019\/01\/san_antoni-300x198.jpg 300w\" sizes=\"(max-width: 598px) 100vw, 598px\" \/><\/a><\/p>\n<p>&nbsp;<\/p>\n<p style=\"text-align: justify;\">Este fin de semana, l\u2019Olleria celebrar\u00e1 la tradicional fiesta de<strong> Sant Antoni<\/strong>. Los actos comienzan el <strong>miercoles 16 a las 20h con\u00a0 el encendido de la hoguera<\/strong> sita en la propia calle Sant Antoni. <strong>La misa (de campa\u00f1a) ser\u00e1 el jueves a las 11h<\/strong> como mistela y pan bendecido para los asistentes.\u00a0 <strong>El s\u00e1bado 19<\/strong> alrededor de las 22 h \u00ab<strong>sopar per als ve\u00efns del carrer<\/strong>\u00bb y <strong>el domingo a partir de las 12:15h<\/strong>, desde la<strong> salida<\/strong> del CEIP Isabel la Cat\u00f3lica donde <strong>El Revol de l&#8217;Olleria<\/strong> realizar\u00e1 sus bailes tradicionales para dar paso al pasacalles de mascotas hac\u00eda la avda Jaume I,\u00a0 para dirigirse a la calle Sant Antoni, donde se realizar\u00e1 la tradicional bendici\u00f3n. Los visitantes, podr\u00e1n disfrutar de la invitaci\u00f3n de panes y mistela cortes\u00eda de los vecinos de la calle.\u00a0 Adem\u00e1s de \u00abEl Revol\u00bb,\u00a0 \u00ab<strong>Colla La Morralla<\/strong>\u00bb y la<strong> Banda de Cornetas y Tambores<\/strong>, pondr\u00e1n las melod\u00edas para un d\u00eda tan se\u00f1alado.<\/p>\n<p>________________________<\/p>\n<p style=\"text-align: justify;\"><span style=\"color: #003366;\">Aquest cap de setmana, l&#8217;Olleria celebrar\u00e0 la tradicional festa de Sant Antoni. Els actes comencen el dimecres 16 a les 20h amb l&#8217;encesa de la foguera situada en el propi carrer Sant Antoni. La missa (de campanya) ser\u00e0 el dijous a les 11h com mistela i pa bene\u00eft per als assistents. Dissabte 19 al voltant de les 22 h \u00absopar para los Ve\u00efns del carrer\u00bb i el diumenge a partir de les 12: 15h, des de la sortida del CEIP Isabel la Cat\u00f2lica on El Revol de l&#8217;Olleria realitzar\u00e0 els seus balls tradicionals per donar pas al cercaviles de mascotes feia l&#8217;av Jaume I, per dirigir-se a carrer Sant Antoni, on es realitzar\u00e0 la tradicional benedicci\u00f3. Els visitants, podran gaudir de la invitaci\u00f3 de pans i mistela cortesia dels ve\u00efns del carrer. A m\u00e9s de \u00abEl Revol\u00bb, \u00abColla La Morralla\u00bb i la Banda de Cornetes i Tambors, posaran les melodies per a un dia tan assenyalat.<br \/>\n<\/span><\/p>\n<p style=\"text-align: justify;\"><a href=\"http:\/\/www.portaldelolleria.es\/wp-content\/uploads\/2019\/01\/san_antoni2.jpg\"><img loading=\"lazy\" class=\"aligncenter size-full wp-image-22237\" title=\"san_antoni2\" src=\"http:\/\/www.portaldelolleria.es\/wp-content\/uploads\/2019\/01\/san_antoni2.jpg\" alt=\"\" width=\"598\" height=\"399\" srcset=\"http:\/\/www.portaldelolleria.es\/wp-content\/uploads\/2019\/01\/san_antoni2.jpg 598w, http:\/\/www.portaldelolleria.es\/wp-content\/uploads\/2019\/01\/san_antoni2-300x200.jpg 300w\" sizes=\"(max-width: 598px) 100vw, 598px\" \/><\/a>\/\/\/\/\/\/\/\/\/\/\/\/\/\/\/\/\/\/\/\/\/\/\/\/\/<\/p>\n<p style=\"text-align: justify;\">Fotos para el recuerdo:<\/p>\n<p style=\"text-align: justify;\"><a href=\"https:\/\/www.flickr.com\/photos\/134123620@N07\/albums\/72157689385534582\" target=\"_blank\"><strong>Encendido hoguera 2018<\/strong><\/a><\/p>\n<p style=\"text-align: justify;\"><a href=\"https:\/\/www.flickr.com\/photos\/134123620@N07\/albums\/72157691495390604\" target=\"_blank\"><strong>Sant Antoni 2018\u00a0 pasacalles<\/strong><\/a><\/p>\n<p style=\"text-align: justify;\">\/\/\/\/\/\/\/\/\/\/\/\/\/\/\/\/\/\/\/\/\/\/\/\/\/<\/p>\n","protected":false},"excerpt":{"rendered":"<p>&nbsp; Este fin de semana, l\u2019Olleria celebrar\u00e1 la tradicional fiesta de Sant Antoni. Los actos comienzan el miercoles 16 a las 20h con\u00a0 el encendido de la hoguera sita en la propia calle Sant Antoni. La misa (de campa\u00f1a) ser\u00e1 el jueves a las 11h como mistela y pan bendecido para los asistentes.\u00a0 El s\u00e1bado [&hellip;]<\/p>\n","protected":false},"author":1,"featured_media":0,"comment_status":"closed","ping_status":"open","sticky":false,"template":"","format":"standard","meta":{"_monsterinsights_skip_tracking":false,"_monsterinsights_sitenote_active":false,"_monsterinsights_sitenote_note":"","_monsterinsights_sitenote_category":0},"categories":[16,12],"tags":[],"_links":{"self":[{"href":"http:\/\/www.portaldelolleria.es\/index.php?rest_route=\/wp\/v2\/posts\/22236"}],"collection":[{"href":"http:\/\/www.portaldelolleria.es\/index.php?rest_route=\/wp\/v2\/posts"}],"about":[{"href":"http:\/\/www.portaldelolleria.es\/index.php?rest_route=\/wp\/v2\/types\/post"}],"author":[{"embeddable":true,"href":"http:\/\/www.portaldelolleria.es\/index.php?rest_route=\/wp\/v2\/users\/1"}],"replies":[{"embeddable":true,"href":"http:\/\/www.portaldelolleria.es\/index.php?rest_route=%2Fwp%2Fv2%2Fcomments&post=22236"}],"version-history":[{"count":4,"href":"http:\/\/www.portaldelolleria.es\/index.php?rest_route=\/wp\/v2\/posts\/22236\/revisions"}],"predecessor-version":[{"id":22240,"href":"http:\/\/www.portaldelolleria.es\/index.php?rest_route=\/wp\/v2\/posts\/22236\/revisions\/22240"}],"wp:attachment":[{"href":"http:\/\/www.portaldelolleria.es\/index.php?rest_route=%2Fwp%2Fv2%2Fmedia&parent=22236"}],"wp:term":[{"taxonomy":"category","embeddable":true,"href":"http:\/\/www.portaldelolleria.es\/index.php?rest_route=%2Fwp%2Fv2%2Fcategories&post=22236"},{"taxonomy":"post_tag","embeddable":true,"href":"http:\/\/www.portaldelolleria.es\/index.php?rest_route=%2Fwp%2Fv2%2Ftags&post=22236"}],"curies":[{"name":"wp","href":"https:\/\/api.w.org\/{rel}","templated":true}]}}