{"id":22255,"date":"2019-01-21T19:36:08","date_gmt":"2019-01-21T17:36:08","guid":{"rendered":"http:\/\/www.portaldelolleria.es\/?p=22255"},"modified":"2019-01-21T19:36:08","modified_gmt":"2019-01-21T17:36:08","slug":"multitudinario-pasacalles-para-celebrar-sant-antoni","status":"publish","type":"post","link":"http:\/\/www.portaldelolleria.es\/?p=22255","title":{"rendered":"Multitudinario pasacalles para celebrar Sant Antoni"},"content":{"rendered":"<p><a href=\"http:\/\/www.portaldelolleria.es\/wp-content\/uploads\/2019\/01\/san_anton3.jpg\"><img loading=\"lazy\" class=\"aligncenter size-full wp-image-22257\" title=\"san_anton3\" src=\"http:\/\/www.portaldelolleria.es\/wp-content\/uploads\/2019\/01\/san_anton3.jpg\" alt=\"\" width=\"598\" height=\"396\" srcset=\"http:\/\/www.portaldelolleria.es\/wp-content\/uploads\/2019\/01\/san_anton3.jpg 598w, http:\/\/www.portaldelolleria.es\/wp-content\/uploads\/2019\/01\/san_anton3-300x198.jpg 300w\" sizes=\"(max-width: 598px) 100vw, 598px\" \/><\/a><\/p>\n<p>&nbsp;<\/p>\n<p style=\"text-align: justify;\">Un a\u00f1o m\u00e1s un multitudinario pasacalles volvi\u00f3 a llenar las calles de animales (mascotas principalmente) caballos y carruajes,\u00a0 en una jornada festiva que acompa\u00f1\u00f3 un frio pero apacible d\u00eda..<\/p>\n<p style=\"text-align: justify;\">El desfile comenz\u00f3 a la altura del colegio Isabel La Cat\u00f3lica con los bailes del grupo de danza <strong>El Revol<\/strong>, desde donde se empredi\u00f3 camino hacia el \u201ccarrer Sant Antoni\u201d,\u00a0 donde sus vecinos con la amabilidad que siempre los ha caracterizado,\u00a0 agasajaban a los visitantes con pan dulce y mistela en el acto de bendici\u00f3n.\u00a0 El \u201cdesfile\u201d cont\u00f3 con la <strong>banda de Cornetas y Tambores del Stmo. Cristo<\/strong> abriendo el paso, y las melod\u00edas de \u201c<strong>Colla La Morralla<\/strong>\u201d.<\/p>\n<p style=\"text-align: justify;\"><span style=\"color: #003366;\">__________________________<\/span><\/p>\n<p style=\"text-align: justify;\"><span style=\"color: #003366;\">\u00a0Un any m\u00e9s un multitudinari cercavila va tornar a omplir els carrers d&#8217;animals (mascotes principalment) cavalls i carruatges, en una jornada festiva que va acompanyar una fred per\u00f2 afable dia ..<\/span><\/p>\n<p style=\"text-align: justify;\"><span style=\"color: #003366;\">La desfilada va comen\u00e7ar a l&#8217;altura del col\u00b7legi Isabel la Cat\u00f2lica amb els balls del grup de dansa <strong>El Revol<\/strong>, des d&#8217;on es empredi\u00f3 cam\u00ed cap al \u00abcarrer Sant Antoni\u00bb, on els seus ve\u00efns amb l&#8217;amabilitat que sempre els ha caracteritzat, complimentaven als visitants amb pa dol\u00e7 i mistela en l&#8217;acte de benedicci\u00f3. El \u00abdesfilada\u00bb va comptar amb la <strong>banda de Cornetes i Tambors del Stm. Crist<\/strong> obrint el pas, i les melodies de \u00ab<strong>Colla La Morralla<\/strong>\u00ab.<\/span><\/p>\n<p>&nbsp;<\/p>\n<p>&nbsp;<\/p>\n<p><a href=\"https:\/\/photos.app.goo.gl\/z3uWJoUKqvMXJo1W9\" target=\"_blank\"><img loading=\"lazy\" class=\"aligncenter size-full wp-image-22256\" title=\"san antoni album\" src=\"http:\/\/www.portaldelolleria.es\/wp-content\/uploads\/2019\/01\/san-antoni-album.jpg\" alt=\"\" width=\"598\" height=\"202\" srcset=\"http:\/\/www.portaldelolleria.es\/wp-content\/uploads\/2019\/01\/san-antoni-album.jpg 598w, http:\/\/www.portaldelolleria.es\/wp-content\/uploads\/2019\/01\/san-antoni-album-300x101.jpg 300w\" sizes=\"(max-width: 598px) 100vw, 598px\" \/><\/a><br \/>\n<iframe loading=\"lazy\" src=\"https:\/\/www.youtube.com\/embed\/ZxT4cjdnqWs\" frameborder=\"0\" width=\"598\" height=\"336\"><\/iframe><\/p>\n","protected":false},"excerpt":{"rendered":"<p>&nbsp; Un a\u00f1o m\u00e1s un multitudinario pasacalles volvi\u00f3 a llenar las calles de animales (mascotas principalmente) caballos y carruajes,\u00a0 en una jornada festiva que acompa\u00f1\u00f3 un frio pero apacible d\u00eda.. El desfile comenz\u00f3 a la altura del colegio Isabel La Cat\u00f3lica con los bailes del grupo de danza El Revol, desde donde se empredi\u00f3 camino [&hellip;]<\/p>\n","protected":false},"author":1,"featured_media":0,"comment_status":"closed","ping_status":"open","sticky":false,"template":"","format":"standard","meta":{"_monsterinsights_skip_tracking":false,"_monsterinsights_sitenote_active":false,"_monsterinsights_sitenote_note":"","_monsterinsights_sitenote_category":0},"categories":[16,12],"tags":[],"_links":{"self":[{"href":"http:\/\/www.portaldelolleria.es\/index.php?rest_route=\/wp\/v2\/posts\/22255"}],"collection":[{"href":"http:\/\/www.portaldelolleria.es\/index.php?rest_route=\/wp\/v2\/posts"}],"about":[{"href":"http:\/\/www.portaldelolleria.es\/index.php?rest_route=\/wp\/v2\/types\/post"}],"author":[{"embeddable":true,"href":"http:\/\/www.portaldelolleria.es\/index.php?rest_route=\/wp\/v2\/users\/1"}],"replies":[{"embeddable":true,"href":"http:\/\/www.portaldelolleria.es\/index.php?rest_route=%2Fwp%2Fv2%2Fcomments&post=22255"}],"version-history":[{"count":1,"href":"http:\/\/www.portaldelolleria.es\/index.php?rest_route=\/wp\/v2\/posts\/22255\/revisions"}],"predecessor-version":[{"id":22258,"href":"http:\/\/www.portaldelolleria.es\/index.php?rest_route=\/wp\/v2\/posts\/22255\/revisions\/22258"}],"wp:attachment":[{"href":"http:\/\/www.portaldelolleria.es\/index.php?rest_route=%2Fwp%2Fv2%2Fmedia&parent=22255"}],"wp:term":[{"taxonomy":"category","embeddable":true,"href":"http:\/\/www.portaldelolleria.es\/index.php?rest_route=%2Fwp%2Fv2%2Fcategories&post=22255"},{"taxonomy":"post_tag","embeddable":true,"href":"http:\/\/www.portaldelolleria.es\/index.php?rest_route=%2Fwp%2Fv2%2Ftags&post=22255"}],"curies":[{"name":"wp","href":"https:\/\/api.w.org\/{rel}","templated":true}]}}