{"id":22294,"date":"2019-02-02T21:20:38","date_gmt":"2019-02-02T19:20:38","guid":{"rendered":"http:\/\/www.portaldelolleria.es\/?p=22294"},"modified":"2019-02-02T21:20:38","modified_gmt":"2019-02-02T19:20:38","slug":"teatro-goya-oscar-tramoyeres-amb-poquet-em-conforme","status":"publish","type":"post","link":"http:\/\/www.portaldelolleria.es\/?p=22294","title":{"rendered":"Teatro Goya:  Oscar Tramoyeres \u00abAmb poquet em conforme\u00bb"},"content":{"rendered":"<p style=\"text-align: justify;\"><a href=\"http:\/\/www.portaldelolleria.es\/wp-content\/uploads\/2019\/02\/tramoyeres.jpg\"><img loading=\"lazy\" class=\"aligncenter size-full wp-image-22296\" title=\"tramoyeres\" src=\"http:\/\/www.portaldelolleria.es\/wp-content\/uploads\/2019\/02\/tramoyeres.jpg\" alt=\"\" width=\"598\" height=\"396\" srcset=\"http:\/\/www.portaldelolleria.es\/wp-content\/uploads\/2019\/02\/tramoyeres.jpg 598w, http:\/\/www.portaldelolleria.es\/wp-content\/uploads\/2019\/02\/tramoyeres-300x198.jpg 300w\" sizes=\"(max-width: 598px) 100vw, 598px\" \/><\/a><\/p>\n<p style=\"text-align: justify;\">Mon\u00f3lgo a cargo de Oscar Tramoyeres,\u00a0 \u00abAmb poquet em conforme\u00bb,\u00a0 organizado por la Fil\u00e0 Llevantins con motivo de su capitan\u00eda.\u00a0 La cita el domingo 3 de febrero en el teatro Goya a partir de las 18 h<\/p>\n<p style=\"text-align: justify;\">Entradas (donativo) 5 euros bien en taquilla o directamente a miembros de la Fil\u00e0.\u00a0 Risas Garantizadas.<\/p>\n<p style=\"text-align: justify;\">\n<p style=\"text-align: justify;\"><strong>Oscar Tramoyeres\u00a0 (curriculum)<\/strong><\/p>\n<p style=\"text-align: justify;\">La verdad es que no recuerdo\u00a0muy bien cuando nac\u00ed\u00a0porque era muy peque\u00f1o, pero seg\u00fan mi madre (y el DNI), nac\u00ed el dia 7-6-1977, a la edad de cero a\u00f1os, despues de la siesta, a eso de las 16h, concretamente en el hospital de la fe de Valencia, mas que\u00a0nada porque queria estar\u00a0cerca de mi madre en el parto.<\/p>\n<p style=\"text-align: justify;\">\u00a0Despues de nacer, (que cansa mucho), estuve dos a\u00f1os durmiendo\u00a0y comiendo, casi sin hablar.\u00a0Estuve\u00a0 haciendo\u00a0lo mismo hasta los veinticinco a\u00f1os, pero ya hablando\u00a0y como hablaba,\u00a0pues a estudiar.<\/p>\n<p style=\"text-align: justify;\">Estudi\u00e9 en un colegio de pago de\u00a0Massamagrell (en las monjas),\u00a0hasta segundo\u00a0de EGB, pero como mi madre pagaba demasiado para\u00a0lo poco que aprendia, pues me pase al colegio p\u00fablico Sant Juan Evangelista, que por lo menos era gratis.<\/p>\n<p style=\"text-align: justify;\">Cuando acab\u00e9 el colegio, estudi\u00e9 FP (Administrativo) que compaginaba trabajando en el bar de mi padre, (El Mes\u00f3n Cervantes). Ah\u00ed descubr\u00ed el alcohol\u00a0y repet\u00ed\u00a02\u00ba de FP, o al rev\u00e9s, no s\u00e9, pero me lo pase muy bien.<\/p>\n<p style=\"text-align: justify;\">Poco tiempo despu\u00e9s, lo dej\u00e9 todo\u00a0y\u00a0\u00a0me fu\u00ed\u00a0a la mili, tube suerte en el sorteo\u00a0y pude hacer la mili en mi regi\u00f3n militar,\u00a0cerca de casa, concretamente\u00a0en Navarra, a 600 Km. De Valencia, de esquiador-escalador.<\/p>\n<p style=\"text-align: justify;\">Cuando\u00a0volv\u00ed del servicio militar\u00a0hice de todo:<\/p>\n<p style=\"text-align: justify;\">trabaje de camarero, de pinxe de cocina, en la obra, collidor (de naranja), en una empresa de limpieza, de repartidor, en leroy merl\u00edn, en carrefour, en un matadero\u00a0colgando pollos vivos (no pregunteis), conduciendo camiones, repartiendo pollos,\u00a0cortando chapas de hierro\u00a0y como comercial, pero desde sempre quise\u00a0dedicarme al espect\u00e1culo.<\/p>\n<p style=\"text-align: justify;\">Por desgracia mis padres no\u00a0hicieron nada\u00a0por evitarlo\u00a0y hoy en dia me dedico al humor como monologuista, comico&#8230; y bebedor de befeeter (como afici\u00f3n).<\/p>\n<p style=\"text-align: justify;\">Todo comenz\u00f3 un dia, despues de hacer muchos a\u00f1os el tonto gratis, y hacer algun \u201cpinito\u201d en cositas del teatro,\u00a0me apunte a un concurso de mon\u00f3logos en un pub de Rafelbunyol (El Pub Colors). Qued\u00e9 de los primeros\u00a0y a partir de aqu\u00ed, a la gente le\u00a0gust\u00f3,\u00a0\u00a0y\u00a0&#8230;. bien, ya\u00a0llevo\u00a0casi 10\u00a0a\u00f1os,\u00a0y cada dia mas trabajo, as\u00ed que continuar\u00e9\u00a0haciendo mon\u00f3logos\u00a0hasta que ya no pueda mas,\u00a0me haga rico, o\u00a0me jubile, o algo, yo que s\u00e9.<\/p>\n<p><a href=\"http:\/\/www.portaldelolleria.es\/wp-content\/uploads\/2019\/02\/tramoyers.jpg\"><img loading=\"lazy\" class=\"aligncenter size-full wp-image-22295\" title=\"tramoyers\" src=\"http:\/\/www.portaldelolleria.es\/wp-content\/uploads\/2019\/02\/tramoyers.jpg\" alt=\"\" width=\"424\" height=\"600\" srcset=\"http:\/\/www.portaldelolleria.es\/wp-content\/uploads\/2019\/02\/tramoyers.jpg 424w, http:\/\/www.portaldelolleria.es\/wp-content\/uploads\/2019\/02\/tramoyers-212x300.jpg 212w\" sizes=\"(max-width: 424px) 100vw, 424px\" \/><\/a><\/p>\n<p><iframe loading=\"lazy\" src=\"https:\/\/www.youtube.com\/embed\/SwDHkJbbkak\" frameborder=\"0\" width=\"598\" height=\"336\"><\/iframe><\/p>\n","protected":false},"excerpt":{"rendered":"<p>Mon\u00f3lgo a cargo de Oscar Tramoyeres,\u00a0 \u00abAmb poquet em conforme\u00bb,\u00a0 organizado por la Fil\u00e0 Llevantins con motivo de su capitan\u00eda.\u00a0 La cita el domingo 3 de febrero en el teatro Goya a partir de las 18 h Entradas (donativo) 5 euros bien en taquilla o directamente a miembros de la Fil\u00e0.\u00a0 Risas Garantizadas. Oscar Tramoyeres\u00a0 [&hellip;]<\/p>\n","protected":false},"author":1,"featured_media":0,"comment_status":"closed","ping_status":"open","sticky":false,"template":"","format":"standard","meta":{"_monsterinsights_skip_tracking":false,"_monsterinsights_sitenote_active":false,"_monsterinsights_sitenote_note":"","_monsterinsights_sitenote_category":0},"categories":[15,12],"tags":[],"_links":{"self":[{"href":"http:\/\/www.portaldelolleria.es\/index.php?rest_route=\/wp\/v2\/posts\/22294"}],"collection":[{"href":"http:\/\/www.portaldelolleria.es\/index.php?rest_route=\/wp\/v2\/posts"}],"about":[{"href":"http:\/\/www.portaldelolleria.es\/index.php?rest_route=\/wp\/v2\/types\/post"}],"author":[{"embeddable":true,"href":"http:\/\/www.portaldelolleria.es\/index.php?rest_route=\/wp\/v2\/users\/1"}],"replies":[{"embeddable":true,"href":"http:\/\/www.portaldelolleria.es\/index.php?rest_route=%2Fwp%2Fv2%2Fcomments&post=22294"}],"version-history":[{"count":2,"href":"http:\/\/www.portaldelolleria.es\/index.php?rest_route=\/wp\/v2\/posts\/22294\/revisions"}],"predecessor-version":[{"id":22298,"href":"http:\/\/www.portaldelolleria.es\/index.php?rest_route=\/wp\/v2\/posts\/22294\/revisions\/22298"}],"wp:attachment":[{"href":"http:\/\/www.portaldelolleria.es\/index.php?rest_route=%2Fwp%2Fv2%2Fmedia&parent=22294"}],"wp:term":[{"taxonomy":"category","embeddable":true,"href":"http:\/\/www.portaldelolleria.es\/index.php?rest_route=%2Fwp%2Fv2%2Fcategories&post=22294"},{"taxonomy":"post_tag","embeddable":true,"href":"http:\/\/www.portaldelolleria.es\/index.php?rest_route=%2Fwp%2Fv2%2Ftags&post=22294"}],"curies":[{"name":"wp","href":"https:\/\/api.w.org\/{rel}","templated":true}]}}