{"id":22303,"date":"2019-02-05T21:22:08","date_gmt":"2019-02-05T19:22:08","guid":{"rendered":"http:\/\/www.portaldelolleria.es\/?p=22303"},"modified":"2019-02-05T23:25:53","modified_gmt":"2019-02-05T21:25:53","slug":"la-vall-dalbaida-recibio-13-millones-de-euros-del-nuevo-modelo-de-servicios-sociales-en-2018","status":"publish","type":"post","link":"http:\/\/www.portaldelolleria.es\/?p=22303","title":{"rendered":"La Vall d&#8217;Albaida recibi\u00f3 1,3 millones de euros del nuevo Modelo de Servicios Sociales en 2018"},"content":{"rendered":"<p style=\"text-align: justify;\"><a href=\"http:\/\/www.portaldelolleria.es\/wp-content\/uploads\/2019\/02\/DSC_7708.jpg\"><img loading=\"lazy\" class=\"aligncenter size-full wp-image-22304\" title=\"DSC_7708\" src=\"http:\/\/www.portaldelolleria.es\/wp-content\/uploads\/2019\/02\/DSC_7708.jpg\" alt=\"\" width=\"598\" height=\"398\" srcset=\"http:\/\/www.portaldelolleria.es\/wp-content\/uploads\/2019\/02\/DSC_7708.jpg 598w, http:\/\/www.portaldelolleria.es\/wp-content\/uploads\/2019\/02\/DSC_7708-300x199.jpg 300w\" sizes=\"(max-width: 598px) 100vw, 598px\" \/><\/a><span style=\"color: #333333;\"><em>Diputaci\u00f3n de Valencia, 05\/02\/2019<\/em><\/span><\/p>\n<p style=\"text-align: justify;\"><strong>La Vall d&#8217;Albaida recibi\u00f3 1,3 millones de euros del nuevo Modelo de Servicios Sociales en 2018<\/strong><\/p>\n<ul style=\"text-align: justify;\">\n<li><strong>13 pueblos de esta comarca se beneficiaron de las ayudas del Nuevo Modelo de Servicios Sociales<\/strong><\/li>\n<li><strong>Montaverner es la localidad que mayor subida ha obtenido desde 2015, superando el 260% de aumento<\/strong><\/li>\n<\/ul>\n<p style=\"text-align: justify;\">La comarca de <strong>La Vall d&#8217;Albaida<\/strong> recibi\u00f3 un total de 1.313.908 euros en concepto del nuevo Modelo de Servicios Sociales de la Diputaci\u00f3n de Valencia en 2018, el cual fue presentado por parte de la Corporaci\u00f3n provincial el pasado mes de septiembre. Esta cantidad supuso el incremento del 184,14% de la aportaci\u00f3n de la Diputaci\u00f3n en la comarca durante el per\u00edodo comprendido entre 2015 y 2018.<\/p>\n<p style=\"text-align: justify;\">La inversi\u00f3n total a trav\u00e9s de este plan de atenci\u00f3n primaria, de m\u00e1s de 12 millones de euros, ha cuadruplicado a lo largo de los \u00faltimos a\u00f1os la partida destinada por el anterior equipo de gobierno a esta asistencia social b\u00e1sica. En el caso de <strong>La Vall d&#8217;Albaida<\/strong> el 2018 supuso una inyecci\u00f3n de 54.732 euros para los vecinos y vecinas de <strong>Agullent<\/strong>, 89.859 para <strong>Aielo de Malferit<\/strong>, 165.145 para <strong>Albaida<\/strong>, 140.345 para <strong>Benig\u00e1nim<\/strong>, 102.994 para <strong>Bocairent<\/strong>, 178.254 para <strong>Castell\u00f3 de Rugat<\/strong>, 47.722 para <strong>Llutxent<\/strong>, 162.874 para <strong>L&#8217;Olleria<\/strong>, 186.144 para <strong>Montaberner<\/strong>, 78.844 para <strong>Palomar<\/strong> y 46.732 para <strong>Quatretonda<\/strong>. Adem\u00e1s, <strong>La Pobla del Duc<\/strong> recibir\u00e1 55.263 euros.<\/p>\n<p style=\"text-align: justify;\"><strong>La actuaci\u00f3n por programas<\/strong><\/p>\n<p style=\"text-align: justify;\">Por programas, los 54.732 euros destinados a <strong>Agullent <\/strong>se dividieron en 27.232 para el reforzamiento del equipo t\u00e9cnico, 3.000 para prestaciones individualizadas, 22.500 para el programa de ayuda a domicilio y 2.000 para actuaciones de prevenci\u00f3n e inserci\u00f3n social. <strong>Aielo de Malferit<\/strong> dedic\u00f3 54.464 euros al reforzamiento del equipo profesional, 1.750 para el centro social, 7.200 para prestaciones econ\u00f3micas individualizadas, 3.900 euros para acabar con el empobrecimiento energ\u00e9tico, 7.545 para el programa de ayuda a domicilio, 2.500 para cooperaci\u00f3n social y 12.500 para actuaciones de intervenci\u00f3n para la prevenci\u00f3n e inserci\u00f3n social. <strong>Albaida<\/strong>, por su parte, invirti\u00f3 91.895 euros para el reforzamiento del equipo profesional, 15.000 para prestaciones econ\u00f3micas individualizadas, 5.000 para acabar con el empobrecimiento energ\u00e9tico, 48.750 para el programa de ayuda a domicilio, 3.500 para cooperaci\u00f3n social y 1.000 para actuaciones de intervenci\u00f3n para la prevenci\u00f3n e inserci\u00f3n social.<\/p>\n<p style=\"text-align: justify;\"><strong>Benig\u00e1nim<\/strong> hizo una inversi\u00f3n de 91.895 para el reforzamiento del equipo t\u00e9cnico, 12.600 para prestaciones econ\u00f3micas individualizadas, 6.300 para acabar con el empobrecimiento energ\u00e9tico, 13.350 para el programa de ayuda a domicilio, 5.000 para el servicio de ayuda a domicilio en dependencia, 1.200 para los llamados clubes de convivencia, 1.500 para cooperaci\u00f3n social y 8.500 para actuaciones de intervenci\u00f3n para la prevenci\u00f3n e inserci\u00f3n social. <strong>Bocairent <\/strong>dedic\u00f3 54.464 euros para el reforzamiento del equipo profesional, 3.750 para prestaciones econ\u00f3micas individualizadas, 10.000 para acabar con el empobrecimiento energ\u00e9tico, 17.460 para el programa de ayuda a domicilio, 900 para los llamados clubes de convivencia, 7.500 para cooperaci\u00f3n social y 8.920 para actuaciones de intervenci\u00f3n para la prevenci\u00f3n e inserci\u00f3n social.<\/p>\n<p style=\"text-align: justify;\">Adem\u00e1s, <strong>Castell\u00f3 de Rugat<\/strong>, invirti\u00f3 109.511 para el reforzamiento del equipo profesional, 1.838 para el centro social, 1.000 para informaci\u00f3n y asesoramiento, 15.000 para prestaciones econ\u00f3micas individualizadas, 29.250 para el programa de ayuda a domicilio, 13.600 para el Servicio de Atenci\u00f3n a Domicilio en dependencia, 6.480 para los llamados clubes de convivencia y 1.575 para actuaciones de intervenci\u00f3n para la prevenci\u00f3n e inserci\u00f3n social. <strong>La Pobla del Duc<\/strong> destin\u00f3 27.232 euros para el reforzamiento del equipo profesional, 250 para informaci\u00f3n y asesoramiento, 4.500 para prestaciones econ\u00f3micas individualizadas, 2.500 para acabar con el empobrecimiento energ\u00e9tico, 13.500 para el programa de ayuda a domicilio, 781 para los llamados clubes de convivencia, 1.500 para cooperaci\u00f3n social y 5.000 para actuaciones de intervenci\u00f3n para la prevenci\u00f3n e inserci\u00f3n social.<\/p>\n<p style=\"text-align: justify;\">Por su parte, <strong>Llutxent<\/strong> recibi\u00f3 27.232 euros para el reforzamiento del equipo profesional, 4.740 para prestaciones econ\u00f3micas individualizadas, 3.000 para hacer frente a la pobreza energ\u00e9tica, 11.250 para el programa de ayuda a domicilio y 1.500 para actuaciones de intervenci\u00f3n para la prevenci\u00f3n e inserci\u00f3n social. <strong>L&#8217;Olleria<\/strong> invirti\u00f3 91.895 euros para el reforzamiento del equipo profesional, 1.275 para el centro social, 19.044 para prestaciones econ\u00f3micas individualizadas, 6.664 para acabar con el empobrecimiento energ\u00e9tico, 22.596 para el programa de ayuda a domicilio, 2.500 para los clubes de convivencia, 8.400 para cooperaci\u00f3n social y 10.500 para actuaciones de intervenci\u00f3n para la prevenci\u00f3n e inserci\u00f3n social.<\/p>\n<p style=\"text-align: justify;\">El municipio de <strong>Montaverner <\/strong>destin\u00f3 109.011 euros para el reforzamiento del equipo profesional, 26.250 para prestaciones econ\u00f3micas individualizadas, 8.650 para acabar con el empobrecimiento energ\u00e9tico, 33.750 para el programa de ayuda a domicilio, 1.983 para los llamados clubes de convivencia, 1.500 para cooperaci\u00f3n social y 5.000 para actuaciones de intervenci\u00f3n para la prevenci\u00f3n e inserci\u00f3n social. <strong>Palomar<\/strong> invirti\u00f3 43.848 euros para el reforzamiento del equipo profesional, 500 para informar y asesorar, 6.834 para prestaciones econ\u00f3micas individualizadas, 16.812 para el programa de ayuda a domicilio, 6.300 para los llamados clubes de convivencia, 1.400 para cooperaci\u00f3n social y 3.150 para actuaciones de intervenci\u00f3n para la prevenci\u00f3n e inserci\u00f3n social.<\/p>\n<p style=\"text-align: justify;\">Por \u00faltimo, <strong>Quatretonda <\/strong>hizo una inyecci\u00f3n de 27.232 euros para el reforzamiento del equipo profesional, 250 para informaci\u00f3n y asesoramiento, 4.500 para prestaciones econ\u00f3micas individualizadas, 1.000 para acabar con el empobrecimiento energ\u00e9tico, 7.500 para el programa de ayuda a domicilio, 1.500 para cooperaci\u00f3n social y 4.750 para actuaciones de intervenci\u00f3n para la prevenci\u00f3n e inserci\u00f3n social.<\/p>\n<p style=\"text-align: justify;\"><strong>La apuesta de la Diputaci\u00f3n de Valencia por los servicios sociales<\/strong><\/p>\n<p style=\"text-align: justify;\">En palabras de la diputada de Inclusi\u00f3n Social, Rosa P\u00e9rez Garijo, \u201cdurante los \u00faltimos a\u00f1os hemos pasado de un sistema asistencial-burocr\u00e1tico a otro de responsabilidad p\u00fablica basado en la prevenci\u00f3n y en la justicia social\u201d. Esta idea se expresa tambi\u00e9n en datos, como el ratio de profesionales de atenci\u00f3n en los Servicios Sociales Municipales, que ha pasado de uno por cada 5.400 habitantes a uno por cada 2.091 habitantes en 2018.<\/p>\n<p style=\"text-align: justify;\">As\u00ed, la titular de Inclusi\u00f3n Social, Rosa P\u00e9rez Garijo, ha hecho balance y ha insistido en \u201cla construcci\u00f3n de una atenci\u00f3n social primaria digna, arraigada al territorio, bien dotada y con capacidad de dar respuesta a las necesidades sociales de todas las personas, sin discriminaci\u00f3n\u201d.<\/p>\n<p style=\"text-align: justify;\">_______________________________<\/p>\n<p style=\"text-align: justify;\"><span style=\"color: #003366;\"><strong>La Vall d\u2019Albaida va rebre 1,3 milions d\u2019euros del nou Model de Serveis Socials en 2018<\/strong><\/span><\/p>\n<p style=\"text-align: justify;\"><span style=\"color: #003366;\"><strong>\u00a0<\/strong><\/span><\/p>\n<ul style=\"text-align: justify;\">\n<li><span style=\"color: #003366;\"><strong>13 pobles d\u2019aquesta comarca es van beneficiar de les ajudes del Nou Model de Serveis Socials<\/strong><\/span><\/li>\n<li><span style=\"color: #003366;\"><strong>Montaverner \u00e9s la localitat que major pujada va obtenir des de 2015, superant el 260% d\u2019augment<\/strong><\/span><\/li>\n<\/ul>\n<p style=\"text-align: justify;\"><span style=\"color: #003366;\">La comarca de <strong>La Vall d\u2019Albaida<\/strong> va rebre un total de 1.313.908 euros en concepte del nou Model de Serveis Socials de la Diputaci\u00f3 de Val\u00e8ncia en 2018, el qual va ser presentat per part de la Corporaci\u00f3 provincial el passat mes de setembre. Aquesta quantitat va suposar l\u2019increment del 184,14% de l\u2019aportaci\u00f3 de la Diputaci\u00f3 en la comarca durant el per\u00edode compr\u00e9s entre 2015 i 2018.<\/span><\/p>\n<p style=\"text-align: justify;\"><span style=\"color: #003366;\">La inversi\u00f3 global a trav\u00e9s d&#8217;aquest pla d&#8217;atenci\u00f3 prim\u00e0ria, de m\u00e9s de 12 milions d&#8217;euros, ha quadruplicat al llarg dels \u00faltims anys la partida destinada per l&#8217;anterior equip de govern a aquesta assist\u00e8ncia social b\u00e0sica. En el cas de <strong>La Vall d\u2019Albaida<\/strong> l\u2019any 2018 va suposar una injecci\u00f3 de 54.732 euros per als ve\u00efns i ve\u00efnes d\u2019<strong>Agullent<\/strong>, 89.859 per a <strong>Aielo de Malferit<\/strong>, 165.145 per a <strong>Albaida<\/strong>, 140.345 per a <strong>Benig\u00e0nim<\/strong>, 102.994 per a <strong>Bocairent<\/strong>, 178.254 per a <strong>Castell\u00f3 de Rugat<\/strong>, 47.722 per a <strong>Llutxent<\/strong>, 162.874 per a <strong>L\u2019Olleria<\/strong>, 186.144 per a <strong>Montaverner<\/strong>, 78.844 per a <strong>Palomar<\/strong> i 46.732 per a <strong>Quatretonda<\/strong>. A m\u00e9s, <strong>La Pobla del Duc<\/strong> va rebre 55.263 euros.<\/span><\/p>\n<p style=\"text-align: justify;\"><span style=\"color: #003366;\"><strong>L\u2019actuaci\u00f3 per programes<\/strong><\/span><\/p>\n<p style=\"text-align: justify;\"><span style=\"color: #003366;\">Per programes, els 54.732 euros destinats a <strong>Agullent <\/strong>es dividiren en 27.232 per al refor\u00e7ament de l\u2019equip t\u00e8cnic, 3.000 per a prestacions individualitzades, 22.500 per al programa d\u2019ajuda a domicili i 2.000 per a actuacions de prevenci\u00f3 i inserci\u00f3 social. <strong>Aielo de Malferit<\/strong> va dedicar 54.464 euros al refor\u00e7ament de l\u2019equip professional, 1.750 per al centre social, 7.200 per a prestacions econ\u00f2miques individualitzades, 3.900 euros per a acabar amb l\u2019empobriment energ\u00e8tic, 7.545 per al programa d\u2019ajuda a domicili, 2.500 per a cooperaci\u00f3 social i 12.500 per a actuacions d\u2019intervenci\u00f3 per a la prevenci\u00f3 i inserci\u00f3 social. \u00a0<strong>Albaida<\/strong>, per la seua banda, invert\u00ed 91.895 euros per al refor\u00e7ament de l\u2019equip professional, 15.000 per a prestacions econ\u00f2miques individualitzades, 5.000 per a acabar amb l\u2019empobriment energ\u00e8tic, 48.750 per al programa d\u2019ajuda a domicili, 3.500 per a cooperaci\u00f3 social i 1.000 per a actuacions d\u2019intervenci\u00f3 per a la prevenci\u00f3 i inserci\u00f3 social.<\/span><\/p>\n<p style=\"text-align: justify;\"><span style=\"color: #003366;\"><strong>Benig\u00e0nim<\/strong> va fer una inversi\u00f3 de 91.895 per al refor\u00e7ament de l\u2019equip t\u00e8cnic, 12.600 per a prestacions econ\u00f2miques individualitzades, 6.300 per a acabar amb l\u2019empobriment energ\u00e8tic, 13.350 per al programa d\u2019ajuda a domicili, 5.000 per al servei d\u2019ajuda domicili\u00e0ria en depend\u00e8ncia, 1.200 per als anomenats clubs de conviv\u00e8ncia, 1.500 per a cooperaci\u00f3 social i 8.500 per a actuacions d\u2019intervenci\u00f3 per a la prevenci\u00f3 i inserci\u00f3 social. <strong>Bocairent <\/strong>dedic\u00e0<strong> <\/strong>54.464 euros per al refor\u00e7ament de l\u2019equip professional, 3.750 per a prestacions econ\u00f2miques individualitzades, 10.000 per a acabar amb l\u2019empobriment energ\u00e8tic, 17.460 per al programa d\u2019ajuda a domicili, 900 per als anomenats clubs de conviv\u00e8ncia, 7.500 per a cooperaci\u00f3 social i 8.920 per a actuacions d\u2019intervenci\u00f3 per a la prevenci\u00f3 i inserci\u00f3 social.<\/span><\/p>\n<p style=\"text-align: justify;\"><span style=\"color: #003366;\">A m\u00e9s, <strong>Castell\u00f3 de Rugat<\/strong> va invertir 109.511 per al refor\u00e7ament de l\u2019equip professional, 1.838 per al centre social, 1.000 per a informaci\u00f3 i assessorament, 15.000 per a prestacions econ\u00f2miques individualitzades, 29.250 per al programa d\u2019ajuda a domicili, 13.600 per al Servei d\u2019Atenci\u00f3 a Domicili en depend\u00e8ncia, 6.480 per als anomenats clubs de conviv\u00e8ncia i 1.575 per a actuacions d\u2019intervenci\u00f3 per a la prevenci\u00f3 i inserci\u00f3 social. <strong>La Pobla del Duc<\/strong> va destinar 27.232 euros per al refor\u00e7ament de l\u2019equip professional, 250 per a informaci\u00f3 i assessorament, 4.500 per a prestacions econ\u00f2miques individualitzades, 2.500 per a acabar amb l\u2019empobriment energ\u00e8tic, 13.500 per al programa d\u2019ajuda a domicili, 781 per als anomenats clubs de conviv\u00e8ncia, 1.500 per a cooperaci\u00f3 social i 5.000 per a actuacions d\u2019intervenci\u00f3 per a la prevenci\u00f3 i inserci\u00f3 social. \u00a0<\/span><\/p>\n<p style=\"text-align: justify;\"><span style=\"color: #003366;\">Per la seua banda, <strong>Llutxent <\/strong>va rebre 27.232 euros per al refor\u00e7ament de l\u2019equip professional, 4.740 per a prestacions econ\u00f2miques individualitzades, 3.000 per fer front a la pobresa energ\u00e8tica, 11.250 per al programa d\u2019ajuda a domicili i 1.500 per a actuacions d\u2019intervenci\u00f3 per a la prevenci\u00f3 i inserci\u00f3 social. <strong>L\u2019Olleria <\/strong>va invertir 91.895 euros per al refor\u00e7ament de l\u2019equip professional, 1.275 per al centre social, 19.044 per a prestacions econ\u00f2miques individualitzades, 6.664 per a acabar amb l\u2019empobriment energ\u00e8tic, 22.596 per al programa d\u2019ajuda a domicili, 2.500 per als clubs de conviv\u00e8ncia, 8.400 per a cooperaci\u00f3 social i 10.500 per a actuacions d\u2019intervenci\u00f3 per a la prevenci\u00f3 i inserci\u00f3 social. \u00a0<\/span><\/p>\n<p style=\"text-align: justify;\"><span style=\"color: #003366;\">El municipi de <strong>Montaverner<\/strong> destin\u00e0 109.011 euros per al refor\u00e7ament de l\u2019equip professional, 26.250 per a prestacions econ\u00f2miques individualitzades, 8.650 per a acabar amb l\u2019empobriment energ\u00e8tic, 33.750 per al programa d\u2019ajuda a domicili, 1.983 per als anomenats clubs de conviv\u00e8ncia, 1.500 per a cooperaci\u00f3 social i 5.000 per a actuacions d\u2019intervenci\u00f3 per a la prevenci\u00f3 i inserci\u00f3 social. \u00a0<strong>Palomar<\/strong> va repartir 43.848 euros per al refor\u00e7ament de l\u2019equip professional, 500 per a informar i assessorar, 6.834 per a prestacions econ\u00f2miques individualitzades, 16.812 per al programa d\u2019ajuda a domicili, 6.300 per als anomenats clubs de conviv\u00e8ncia, 1.400 per a cooperaci\u00f3 social i 3.150 per a actuacions d\u2019intervenci\u00f3 per a la prevenci\u00f3 i inserci\u00f3 social. \u00a0<\/span><\/p>\n<p style=\"text-align: justify;\"><span style=\"color: #003366;\">Per \u00faltim, <strong>Quatretonda<\/strong> va fer una injecci\u00f3 de 27.232 euros per al refor\u00e7ament de l\u2019equip professional, 250 per a informaci\u00f3 i assessorament, 4.500 per a prestacions econ\u00f2miques individualitzades, 1.000 per a acabar amb l\u2019empobriment energ\u00e8tic, 7.500 per al programa d\u2019ajuda a domicili, 1.500 per a cooperaci\u00f3 social i 4.750 per a actuacions d\u2019intervenci\u00f3 per a la prevenci\u00f3 i inserci\u00f3 social. \u00a0<\/span><\/p>\n<p style=\"text-align: justify;\"><span style=\"color: #003366;\"><strong>L\u2019aposta de la Diputaci\u00f3 de Val\u00e8ncia per els serveis socials<\/strong><\/span><\/p>\n<p style=\"text-align: justify;\"><span style=\"color: #003366;\">En paraules de la diputada d&#8217;Inclusi\u00f3 Social, Rosa P\u00e9rez Garijo, \u201cdurant els \u00faltims tres anys hem passat d&#8217;un sistema assistencial-burocr\u00e0tic a un altre de responsabilitat p\u00fablica basat en la prevenci\u00f3 i en la just\u00edcia social\u201d. Aquesta idea s&#8217;expressa tamb\u00e9 en dades, com el r\u00e0tio de professionals d&#8217;atenci\u00f3 en els Serveis Socials Municipals, que va passar d&#8217;un per cada 5.400 habitants en 2015 a un per cada 2.091 habitants en 2018.<\/span><\/p>\n<p style=\"text-align: justify;\"><span style=\"color: #003366;\">Aix\u00ed, la titular d&#8217;Inclusi\u00f3 Social, Rosa P\u00e9rez Garijo, ha fet balan\u00e7 i ha destacat \u00abla construcci\u00f3 d\u2019una atenci\u00f3 social prim\u00e0ria digna, arrelada al territori, ben dotada i amb capacitat de donar resposta a les necessitats socials de totes les persones, sense discriminaci\u00f3\u00bb.<\/span><\/p>\n","protected":false},"excerpt":{"rendered":"<p>Diputaci\u00f3n de Valencia, 05\/02\/2019 La Vall d&#8217;Albaida recibi\u00f3 1,3 millones de euros del nuevo Modelo de Servicios Sociales en 2018 13 pueblos de esta comarca se beneficiaron de las ayudas del Nuevo Modelo de Servicios Sociales Montaverner es la localidad que mayor subida ha obtenido desde 2015, superando el 260% de aumento La comarca de [&hellip;]<\/p>\n","protected":false},"author":1,"featured_media":0,"comment_status":"closed","ping_status":"open","sticky":false,"template":"","format":"standard","meta":{"_monsterinsights_skip_tracking":false,"_monsterinsights_sitenote_active":false,"_monsterinsights_sitenote_note":"","_monsterinsights_sitenote_category":0},"categories":[171,12],"tags":[],"_links":{"self":[{"href":"http:\/\/www.portaldelolleria.es\/index.php?rest_route=\/wp\/v2\/posts\/22303"}],"collection":[{"href":"http:\/\/www.portaldelolleria.es\/index.php?rest_route=\/wp\/v2\/posts"}],"about":[{"href":"http:\/\/www.portaldelolleria.es\/index.php?rest_route=\/wp\/v2\/types\/post"}],"author":[{"embeddable":true,"href":"http:\/\/www.portaldelolleria.es\/index.php?rest_route=\/wp\/v2\/users\/1"}],"replies":[{"embeddable":true,"href":"http:\/\/www.portaldelolleria.es\/index.php?rest_route=%2Fwp%2Fv2%2Fcomments&post=22303"}],"version-history":[{"count":1,"href":"http:\/\/www.portaldelolleria.es\/index.php?rest_route=\/wp\/v2\/posts\/22303\/revisions"}],"predecessor-version":[{"id":22305,"href":"http:\/\/www.portaldelolleria.es\/index.php?rest_route=\/wp\/v2\/posts\/22303\/revisions\/22305"}],"wp:attachment":[{"href":"http:\/\/www.portaldelolleria.es\/index.php?rest_route=%2Fwp%2Fv2%2Fmedia&parent=22303"}],"wp:term":[{"taxonomy":"category","embeddable":true,"href":"http:\/\/www.portaldelolleria.es\/index.php?rest_route=%2Fwp%2Fv2%2Fcategories&post=22303"},{"taxonomy":"post_tag","embeddable":true,"href":"http:\/\/www.portaldelolleria.es\/index.php?rest_route=%2Fwp%2Fv2%2Ftags&post=22303"}],"curies":[{"name":"wp","href":"https:\/\/api.w.org\/{rel}","templated":true}]}}