{"id":22310,"date":"2019-02-07T19:36:22","date_gmt":"2019-02-07T17:36:22","guid":{"rendered":"http:\/\/www.portaldelolleria.es\/?p=22310"},"modified":"2019-02-07T19:36:22","modified_gmt":"2019-02-07T17:36:22","slug":"el-bus-de-la-llengua-fara-parada-en-l%e2%80%99olleria","status":"publish","type":"post","link":"http:\/\/www.portaldelolleria.es\/?p=22310","title":{"rendered":"El Bus de la Llengua far\u00e0 parada en l\u2019Olleria"},"content":{"rendered":"<p><a href=\"http:\/\/www.portaldelolleria.es\/wp-content\/uploads\/2019\/02\/Bus.jpg\"><img loading=\"lazy\" class=\"aligncenter size-full wp-image-22312\" title=\"Bus\" src=\"http:\/\/www.portaldelolleria.es\/wp-content\/uploads\/2019\/02\/Bus.jpg\" alt=\"\" width=\"598\" height=\"338\" srcset=\"http:\/\/www.portaldelolleria.es\/wp-content\/uploads\/2019\/02\/Bus.jpg 598w, http:\/\/www.portaldelolleria.es\/wp-content\/uploads\/2019\/02\/Bus-300x169.jpg 300w\" sizes=\"(max-width: 598px) 100vw, 598px\" \/><\/a><\/p>\n<p>&nbsp;<\/p>\n<p><em>Ajuntament de l&#8217;Olleria\u00a0 07\/02\/2019<\/em><\/p>\n<div>\n<div>\n<div>\n<p style=\"text-align: justify;\">El\u00a0<strong>Bus de la Llengua<\/strong>\u00a0far\u00e0 parada en el parc Beat Pare Ferreres de l\u2019Olleria aquest\u00a0<strong>dissabte 9 de febrer de 12 a 14h i de 16 a 20h<\/strong>. Es tracta d\u2019una activitat que forma part de la campanya \u201cSempre teua. La teua llengua\u201d de la Generalitat Valenciana que t\u00e9 l\u2019objectiu de promocionar socialment el valenci\u00e0.<\/p>\n<p style=\"text-align: justify;\">L\u2019autob\u00fas compta amb la pres\u00e8ncia de dos monitors encarregats de realitzar tallers i activitats l\u00fadiques i educatives per divertir els participants. Est\u00e0 dirigit a tota la societat, especialment als joves i a les fam\u00edlies que vulguen gaudir d\u2019una jornada d\u2019oci en la nostra llengua.<\/p>\n<p style=\"text-align: justify;\">Aprofitant l\u2019ocasi\u00f3 i per complementar les activitats del Bus de la Llengua, l\u2019Ajuntament ha organitzat un conjunt de\u00a0<strong>jocs participatius<\/strong>\u00a0per a totes les edats amb tem\u00e0tica d\u2019aprenentatge en diverses funcions com psicomotricitat, mem\u00f2ria, habilitat\u2026 La regidora d\u2019Educaci\u00f3, Ruth Mart\u00ednez, ha explicat que\u00a0<em>\u201cel divendres tindr\u00e0 lloc la presentaci\u00f3 de la Trobada d\u2019Escoles en Valenci\u00e0, i despr\u00e9s de tot el treball que est\u00e0 realitzant tota la comunitat educativa, volem que l\u2019endem\u00e0 puguen gaudir d\u2019una jornada de festa i diversi\u00f3\u201d<\/em>.<\/p>\n<p style=\"text-align: justify;\">\/\/\/\/\/\/\/\/\/\/\/\/\/\/\/\/\/\/\/\/\/\/\/\/\/\/<\/p>\n<p style=\"text-align: justify;\">El \u00abBus la Llengua\u00bb \u00e9s una iniciativa finan\u00e7ada pel Govern valenci\u00e0 amb 2,3 milions d&#8217;euros, que va recorrent diverses ciutats de la Comunitat Valenciana i impartint sessions a les escoles.<\/p>\n<p style=\"text-align: justify;\">El vehicle per al foment del valenci\u00e0 \u00e9s una \u00abeina m\u00e9s\u00bb de la campanya &#8216;Sempre teua&#8217; que va anunciar la Conselleria en setembre de 2017,\u00a0ha explicat el conseller Vicent Marz\u00e0\u00a0 davant l&#8217;autob\u00fas blanc i descapotable on tant menuts com\u00a0estudiants i fam\u00edlies poden participar en cinc tallers \u00abl\u00fadics\u00bb en qu\u00e8 el valenci\u00e0 \u00e9s la mat\u00e8ria primera del joc.<\/p>\n<p style=\"text-align: justify;\">De moment, l&#8217;autob\u00fas visitar\u00e0 106 pobles, per\u00f2\u00a0el vehicle podr\u00e0 acudir a aquelles localitats que des dels respectius ajuntaments ho sol\u00b7liciten. Aix\u00ed, des de mar\u00e7 de 2018 a mar\u00e7 del 2019, els jocs en valenci\u00e0 arribaran sobre rodes\u00a0fins a 16 municipis castellanoparlants. D&#8217;aquesta manera queda palesa la intenci\u00f3\u00a0d&#8217;Educaci\u00f3 de bastir ponts al voltant de les dues lleng\u00fces oficials del Pa\u00eds Valenci\u00e0.<\/p>\n<\/div>\n<\/div>\n<\/div>\n","protected":false},"excerpt":{"rendered":"<p>&nbsp; Ajuntament de l&#8217;Olleria\u00a0 07\/02\/2019 El\u00a0Bus de la Llengua\u00a0far\u00e0 parada en el parc Beat Pare Ferreres de l\u2019Olleria aquest\u00a0dissabte 9 de febrer de 12 a 14h i de 16 a 20h. Es tracta d\u2019una activitat que forma part de la campanya \u201cSempre teua. La teua llengua\u201d de la Generalitat Valenciana que t\u00e9 l\u2019objectiu de promocionar [&hellip;]<\/p>\n","protected":false},"author":1,"featured_media":0,"comment_status":"closed","ping_status":"open","sticky":false,"template":"","format":"standard","meta":{"_monsterinsights_skip_tracking":false,"_monsterinsights_sitenote_active":false,"_monsterinsights_sitenote_note":"","_monsterinsights_sitenote_category":0},"categories":[16,12],"tags":[],"_links":{"self":[{"href":"http:\/\/www.portaldelolleria.es\/index.php?rest_route=\/wp\/v2\/posts\/22310"}],"collection":[{"href":"http:\/\/www.portaldelolleria.es\/index.php?rest_route=\/wp\/v2\/posts"}],"about":[{"href":"http:\/\/www.portaldelolleria.es\/index.php?rest_route=\/wp\/v2\/types\/post"}],"author":[{"embeddable":true,"href":"http:\/\/www.portaldelolleria.es\/index.php?rest_route=\/wp\/v2\/users\/1"}],"replies":[{"embeddable":true,"href":"http:\/\/www.portaldelolleria.es\/index.php?rest_route=%2Fwp%2Fv2%2Fcomments&post=22310"}],"version-history":[{"count":2,"href":"http:\/\/www.portaldelolleria.es\/index.php?rest_route=\/wp\/v2\/posts\/22310\/revisions"}],"predecessor-version":[{"id":22314,"href":"http:\/\/www.portaldelolleria.es\/index.php?rest_route=\/wp\/v2\/posts\/22310\/revisions\/22314"}],"wp:attachment":[{"href":"http:\/\/www.portaldelolleria.es\/index.php?rest_route=%2Fwp%2Fv2%2Fmedia&parent=22310"}],"wp:term":[{"taxonomy":"category","embeddable":true,"href":"http:\/\/www.portaldelolleria.es\/index.php?rest_route=%2Fwp%2Fv2%2Fcategories&post=22310"},{"taxonomy":"post_tag","embeddable":true,"href":"http:\/\/www.portaldelolleria.es\/index.php?rest_route=%2Fwp%2Fv2%2Ftags&post=22310"}],"curies":[{"name":"wp","href":"https:\/\/api.w.org\/{rel}","templated":true}]}}