{"id":22351,"date":"2019-02-14T19:30:00","date_gmt":"2019-02-14T17:30:00","guid":{"rendered":"http:\/\/www.portaldelolleria.es\/?p=22351"},"modified":"2019-02-14T19:30:10","modified_gmt":"2019-02-14T17:30:10","slug":"sopar-de-la-fam-2019","status":"publish","type":"post","link":"http:\/\/www.portaldelolleria.es\/?p=22351","title":{"rendered":"Sopar de la fam 2019"},"content":{"rendered":"<p><a href=\"http:\/\/www.portaldelolleria.es\/wp-content\/uploads\/2019\/02\/fam1.jpg\"><img loading=\"lazy\" class=\"aligncenter size-full wp-image-22353\" title=\"fam1\" src=\"http:\/\/www.portaldelolleria.es\/wp-content\/uploads\/2019\/02\/fam1.jpg\" alt=\"\" width=\"598\" height=\"396\" srcset=\"http:\/\/www.portaldelolleria.es\/wp-content\/uploads\/2019\/02\/fam1.jpg 598w, http:\/\/www.portaldelolleria.es\/wp-content\/uploads\/2019\/02\/fam1-300x198.jpg 300w\" sizes=\"(max-width: 598px) 100vw, 598px\" \/><\/a><\/p>\n<p style=\"text-align: justify;\">El pr\u00f3ximo viernes 15 de febrero se celebra el \u00absopar de la fam\u00bb,\u00a0 evento de Manos Unidas organizado por la Parroquia que tiene como objetivo la recaudaci\u00f3n de fondos para alguno de los proyectos de ayuda que la agrupaci\u00f3n internacional est\u00e1 llevando a cabo.\u00a0\u00a0\u00a0 El acto comenzar\u00e1 a las 21 h en el Centro Social\u00a0 con la presentaci\u00f3n de la campa\u00f1a y el \u00absopar\u00bb. A las 22 h \u00absainet\u00bb a cargo del grupo de teatro El Bunyol.\u00a0 y a las 22:30 h\u00a0 Rifa y canciones Scouts.<\/p>\n<p style=\"text-align: justify;\">El precio de tickets es de 3 \u20ac.<\/p>\n<p style=\"text-align: justify;\">________________________________<\/p>\n<p style=\"text-align: justify;\"><span style=\"color: #003366;\">El proper divendres 15 de febrer se celebra el \u00absopar de la fam\u00bb, esdeveniment de Mans Unides organitzat per la Parr\u00f2quia que t\u00e9 com a objectiu la recaptaci\u00f3 de fons per a algun dels projectes d&#8217;ajuda que l&#8217;agrupaci\u00f3 internacional est\u00e0 duent a terme. L&#8217;acte comen\u00e7ar\u00e0 a les 21 h al Centre Social amb la presentaci\u00f3 de la campanya i el \u00absopar\u00bb. A les 22 h \u00absainet\u00bb a c\u00e0rrec del grup de teatre El Bunyol. i a les 22:30 h Rifa i can\u00e7ons Scouts.<\/span><\/p>\n<p><span style=\"color: #003366;\">El preu de tiquets \u00e9s de 3 \u20ac.<\/span><\/p>\n<p><a href=\"http:\/\/www.portaldelolleria.es\/wp-content\/uploads\/2019\/02\/fam.jpg\"><img loading=\"lazy\" class=\"aligncenter size-full wp-image-22352\" title=\"fam\" src=\"http:\/\/www.portaldelolleria.es\/wp-content\/uploads\/2019\/02\/fam.jpg\" alt=\"\" width=\"598\" height=\"835\" srcset=\"http:\/\/www.portaldelolleria.es\/wp-content\/uploads\/2019\/02\/fam.jpg 598w, http:\/\/www.portaldelolleria.es\/wp-content\/uploads\/2019\/02\/fam-214x300.jpg 214w\" sizes=\"(max-width: 598px) 100vw, 598px\" \/><\/a><\/p>\n","protected":false},"excerpt":{"rendered":"<p>El pr\u00f3ximo viernes 15 de febrero se celebra el \u00absopar de la fam\u00bb,\u00a0 evento de Manos Unidas organizado por la Parroquia que tiene como objetivo la recaudaci\u00f3n de fondos para alguno de los proyectos de ayuda que la agrupaci\u00f3n internacional est\u00e1 llevando a cabo.\u00a0\u00a0\u00a0 El acto comenzar\u00e1 a las 21 h en el Centro Social\u00a0 [&hellip;]<\/p>\n","protected":false},"author":1,"featured_media":0,"comment_status":"closed","ping_status":"open","sticky":false,"template":"","format":"standard","meta":{"_monsterinsights_skip_tracking":false,"_monsterinsights_sitenote_active":false,"_monsterinsights_sitenote_note":"","_monsterinsights_sitenote_category":0},"categories":[3,12],"tags":[],"_links":{"self":[{"href":"http:\/\/www.portaldelolleria.es\/index.php?rest_route=\/wp\/v2\/posts\/22351"}],"collection":[{"href":"http:\/\/www.portaldelolleria.es\/index.php?rest_route=\/wp\/v2\/posts"}],"about":[{"href":"http:\/\/www.portaldelolleria.es\/index.php?rest_route=\/wp\/v2\/types\/post"}],"author":[{"embeddable":true,"href":"http:\/\/www.portaldelolleria.es\/index.php?rest_route=\/wp\/v2\/users\/1"}],"replies":[{"embeddable":true,"href":"http:\/\/www.portaldelolleria.es\/index.php?rest_route=%2Fwp%2Fv2%2Fcomments&post=22351"}],"version-history":[{"count":2,"href":"http:\/\/www.portaldelolleria.es\/index.php?rest_route=\/wp\/v2\/posts\/22351\/revisions"}],"predecessor-version":[{"id":22355,"href":"http:\/\/www.portaldelolleria.es\/index.php?rest_route=\/wp\/v2\/posts\/22351\/revisions\/22355"}],"wp:attachment":[{"href":"http:\/\/www.portaldelolleria.es\/index.php?rest_route=%2Fwp%2Fv2%2Fmedia&parent=22351"}],"wp:term":[{"taxonomy":"category","embeddable":true,"href":"http:\/\/www.portaldelolleria.es\/index.php?rest_route=%2Fwp%2Fv2%2Fcategories&post=22351"},{"taxonomy":"post_tag","embeddable":true,"href":"http:\/\/www.portaldelolleria.es\/index.php?rest_route=%2Fwp%2Fv2%2Ftags&post=22351"}],"curies":[{"name":"wp","href":"https:\/\/api.w.org\/{rel}","templated":true}]}}