{"id":2238,"date":"2013-02-04T14:57:04","date_gmt":"2013-02-04T13:57:04","guid":{"rendered":"http:\/\/www.portaldelolleria.es\/?p=2238"},"modified":"2013-02-05T10:21:15","modified_gmt":"2013-02-05T09:21:15","slug":"concierto-recital-gaudint-de-la-trompeta","status":"publish","type":"post","link":"http:\/\/www.portaldelolleria.es\/?p=2238","title":{"rendered":"Concierto &#8211; recital \u00abGaudint de la Trompeta\u00bb"},"content":{"rendered":"<p><a href=\"http:\/\/www.portaldelolleria.es\/wp-content\/uploads\/2013\/02\/1trompetas.jpg\"><img loading=\"lazy\" class=\"aligncenter size-full wp-image-2242\" title=\"1trompetas\" src=\"http:\/\/www.portaldelolleria.es\/wp-content\/uploads\/2013\/02\/1trompetas.jpg\" alt=\"\" width=\"598\" height=\"398\" srcset=\"http:\/\/www.portaldelolleria.es\/wp-content\/uploads\/2013\/02\/1trompetas.jpg 598w, http:\/\/www.portaldelolleria.es\/wp-content\/uploads\/2013\/02\/1trompetas-300x199.jpg 300w\" sizes=\"(max-width: 598px) 100vw, 598px\" \/><\/a><\/p>\n<p>El pr\u00f3ximo 9 de febrero la SEM Santa Cecilia de L&#8217;Olleria, ofrecer\u00e1 un concierto donde el protagonista ser\u00e1 la trompeta.<\/p>\n<p>Adem\u00e1s de la actuaci\u00f3n del gran trompetista local\u00a0 Jos\u00e9 Chafer\u00a0 (componente de la banda), actuar\u00e1 como invitado el magistral concertista internacional Ruben Simeo Gij\u00f3n,\u00a0 reci\u00e9n llegado de su gira por Jap\u00f3n.<\/p>\n<p>Uno de los grandes momentos del concierto ser\u00e1 el estreno (en Europa) de la obra para dos trompetas y banda\u00a0 \u00abmystic warriors\u00bb de Allen Vizzuti<\/p>\n<p>No es necesario incidir en\u00a0 la alta calidad de este espect\u00e1culo por sus participantes,\u00a0 as\u00ed como el prestigio que supone para L&#8217;Olleria\u00a0 la celebraci\u00f3n de semejante concierto.<\/p>\n<p>Es posible que el cartel de \u00abcompleto\u00bb ya est\u00e9 colgado,\u00a0 pero siempre se podr\u00e1 probar suerte en la taquilla,\u00a0\u00a0 para saber si habr\u00e1 esa suerte, se puede seguir la informaci\u00f3n de venta de entradas en<\/p>\n<p><a href=\"https:\/\/www.facebook.com\/events\/323392167765692\/\" target=\"_blank\">https:\/\/www.facebook.com\/events\/323392167765692\/<\/a><\/p>\n<p><a href=\"http:\/\/www.portaldelolleria.es\/wp-content\/uploads\/2013\/02\/1rubensimeo.jpg\"><img loading=\"lazy\" class=\"aligncenter size-full wp-image-2239\" title=\"1rubensimeo\" src=\"http:\/\/www.portaldelolleria.es\/wp-content\/uploads\/2013\/02\/1rubensimeo.jpg\" alt=\"\" width=\"598\" height=\"285\" srcset=\"http:\/\/www.portaldelolleria.es\/wp-content\/uploads\/2013\/02\/1rubensimeo.jpg 598w, http:\/\/www.portaldelolleria.es\/wp-content\/uploads\/2013\/02\/1rubensimeo-300x142.jpg 300w\" sizes=\"(max-width: 598px) 100vw, 598px\" \/><\/a><\/p>\n<p>&nbsp;<\/p>\n<p><strong>Ruben Sime\u00f3\u00a0\u00a0 Biograf\u00eda<\/strong><\/p>\n<p>Nace en Vigo, en 1992, comienza sus estudios musicales en el conservatorio de esa ciudad con su padre, J. V. Sime\u00f3, demostrando, desde muy temprana edad, unas facultades excepcionales en la trompeta, realizando conciertos en grandes auditorios y programas de televisi\u00f3n, con gran \u00e9xito de p\u00fablico y cr\u00edtica musical, que elogian su madurez t\u00e9cnica e interpretativa a tan corta edad.<\/p>\n<p>Desde los 8 a\u00f1os, obtiene grandes premios en los mejores concursos nacionales e internacionales, como Yamaha, en Madrid, Ciudad de Vigo, Porcia (Italia), Benidorm, Maurice Andre (Paris), Bruselas, Selmer (Francia), P. Jones (Gebwiller, Francia)&#8230;&#8230;.siendo siempre el concursante m\u00e1s joven de todas sus ediciones en conseguirlo. Desde muy temprana edad, participa continuamente en programas radiof\u00f3nicos y televisivos, como TVE, Antena 3, Canal 9, T. V. Galega, TV. Francesa, Cuatro, Radio Cl\u00e1sica, T. V. Tokio, Radio France, L.P.T.V&#8230;<\/p>\n<p>Con 12 a\u00f1os de edad, act\u00faa como solista con la Orquesta Sinf\u00f3nica de la R.T.V.E. en el auditorio nacional de Madrid y en Zaragoza, dirigido por Adrian Leapper, y retransmitido en el concierto de Navidad para todo el mundo por Televisi\u00f3n Espa\u00f1ola Internacional. Tambi\u00e9n participa en varias ocasiones en el programa \u00abEl Conciertazo\u00bb, \u00abPizicatto\u00bb&#8230; Desde entonces, participa asiduamente en distintos programas televisivos y radiof\u00f3nicos, como RTVE, Antena 3, Canal 9, LPTV, Radio France, Radio Portugal\u2026.<br \/>\nEn esa misma edad, realiza su primera grabaci\u00f3n \u00abEnsue\u00f1o\u00bb, la cual present\u00f3, con una amplia gira de conciertos, por Espa\u00f1a y Portugal.<\/p>\n<p>Realiza cursos y clases magistrales, como pedagogo, por distintos pasases mundiales, como Estonia, Portugal, Espa\u00f1a, Francia, Jap\u00f3n&#8230;<\/p>\n<p>Act\u00faa regularmente con grandes orquestas y agrupaciones sinf\u00f3nicas, como: Orquesta de Munich, R.T.V.E., Valencia, Viana do Castelo (Portugal), Sinf\u00f3nica de San Cristobal (Venezuela), Guarda Republicaine (Paris), Sinf\u00f3nica Le\u00f3n, Orquesta P. Mallorca, Sinf\u00f3nica Alicante, Filarm\u00f3nica Cannes, Niza, Nantes, Orquesta Metropolitana Lisboa, E. Romagne (Italia), Torrente, Siena Wind Tokio, Sinf\u00f3nica Kanazawa (Jap\u00f3n), Paris, Sttugart, Sinf\u00f3nica de Galicia&#8230; Bandas sinf\u00f3nicas municipales de Valencia, Alicante, Ciudad Real, U.M. Lliria, G. Republic. Francesa, Pensilvania (clausura concurso internacional I.T.G.) Banda Sinf\u00f3nica de la Comunidad de Madrid, Orquesta Nantes, Portugal &#8230;<br \/>\nEn Julio de 2005, con 13 a\u00f1os, act\u00faa, invitado por Maurice Andre, en la Semana Internacional de la Trompeta, celebrada en Burdeos (Francia), con gran \u00e9xito de cr\u00edtica y p\u00fablico. En 2008 act\u00faa en Lille, junto con Maurice Andre y Michel Becquet. Precisamente, M. Andre, ha resaltado de Rub\u00e9n, sus condiciones t\u00e9cnicas excepcionales, inauditas en tan temprana edad. Ha grabado varios discos, editados por todo el mundo, con Siena Wind Tokio, Orq. Sinf. Kanazawa (Jap\u00f3n), Bandas Sinf\u00f3nicas varias, orquestas de c\u00e1mara, piano, \u00f3rgano barroco&#8230; Tambi\u00e9n tiene programado la grabaci\u00f3n del Concerto Ib\u00e9rique de V. Cosma, junto a la Garde Republicaine de Paris. En 2008 recibi\u00f3 en Stuttgart (Alemania), el Premio Europeo para la Cultura, como reconocimiento a su brillante carrera concert\u00edstica.<\/p>\n<p>Actualmente es Concertista de trompeta, as\u00ed como solista del Holencours Soloist Chamber Orchestra. Desde el fallecimiento del maestro Maurice Andr\u00e9, Rub\u00e9n continua estudiando bajo la tutela de Vicente Campos, en el Conservatorio Superior de Castell\u00f3n.<\/p>\n<p>&nbsp;<\/p>\n<p><a href=\"http:\/\/www.portaldelolleria.es\/wp-content\/uploads\/2013\/02\/1josechafer.jpg\"><img loading=\"lazy\" class=\"aligncenter size-full wp-image-2241\" title=\"1josechafer\" src=\"http:\/\/www.portaldelolleria.es\/wp-content\/uploads\/2013\/02\/1josechafer.jpg\" alt=\"\" width=\"579\" height=\"277\" srcset=\"http:\/\/www.portaldelolleria.es\/wp-content\/uploads\/2013\/02\/1josechafer.jpg 579w, http:\/\/www.portaldelolleria.es\/wp-content\/uploads\/2013\/02\/1josechafer-300x143.jpg 300w\" sizes=\"(max-width: 579px) 100vw, 579px\" \/><\/a><\/p>\n<p><strong>Jos\u00e9 Chafer\u00a0 Biografia<\/strong><\/p>\n<p>Profesor de la C\u00e1tedra de Trompeta del Conservatorio Superior de Musica de Murcia (Spain)<\/p>\n<p>Natural de l&#8217;Olleria, comienza sus estudios en la Sociedad Musical de su localidad, con los profesores D. Vicente Gil y D. Manuel L\u00f3pez , para proseguirlos en el Conservatorio Profesional de Onteniente de la mano de D. Miguel Sarri\u00f3, con el cual recibe el t\u00edtulo de Profesor de Trompeta y el Premio Extraordinario.<\/p>\n<p>Ha ampliado estudios con Jos\u00e9 Mar\u00eda Ort\u00ed, Angel Mill\u00e1n, Pierre Thibaud, Claude Vasse, Thomas Stevens, Vicente Campos, Mario Guarneri, Otto Sauter, Gabrielle Cassone y Ole Edvard Antonsen.<br \/>\nEn 1998 termina sus estudios superiores en el Conservatorio Superior de M\u00fasica \u201cManuel Massotti Littel\u201d de Murcia, con el profesor D. Ernest Aparisi Moreno con las m\u00e1ximas calificaciones, y con el que ha realizado varios cursos. Y continua trabajando con Luis Gonz\u00e1lez, Eric Aubier y en la Academia Spanish Brass.<\/p>\n<p>Desde 1996 hasta 1999 es miembro de la Orquesta Sinf\u00f3nica de Alicante y desde Septiembre de 1997 es trompeta solista de la Orquesta de J\u00f3venes de la Regi\u00f3n de Murcia y, miembro de su grupo de metales.<\/p>\n<p>Ha sido invitado por la Orquesta Sinf\u00f3nica de Madrid, la OBC y, la Orquesta Sinf\u00f3nica de Murcia, como trompeta solista, con la que ha realizado numerosas grabaciones en directo para RNE.<br \/>\nHa estado bajo la direcci\u00f3n de maestros como Lin Tao, Salvador Brotons, Jes\u00fas L\u00f3pez Cobos, Igor Dronov, Eiji Oue, Jos\u00e9 Ram\u00f3n Encinar y, Jos\u00e9 Miguel Rodilla, entre otros.<\/p>\n<p>Ha sido invitado por Spanish Brass Luur Metalls, para realizar conciertos en Canarias y Barcelona y para ofrecer un recital dentro del Primer Ciclo de J\u00f3venes Interpretes del Festival Spanish Brass de Alzira, ademas de participar en el Concierto de Profesores en diferentes ediciones con los que tuvo ocasi\u00f3n de estrenar la obra \u201cFiera Brass\u201d del compositor Juanjo Colomer.<br \/>\nEn octubre de 2003 qued\u00f3 semifinalista en el V Concurso Internacional de Trompeta Maurice Andre de la Villa de Par\u00eds.<\/p>\n<p>Ha sido Profesor de Trompeta de las 8 ediciones del Curso Internacional de M\u00fasica \u201cVila de L\u2019Oller\u00eda\u201d (CIMVO), realizados desde el 2004 junto a Eric Aubier, Uwe Koeller, Gabriele Cassone, Rub\u00e9n Marqu\u00e9s, Manu Mellaerts y Rex Richardson, y del cual es Director Art\u00edstico desde 2005.<br \/>\nHa organizado y trabajado junto a Manu Mellaerts, Jose Rafael Pascual Vilaplana, Rudi Korp y Thomas Clamor en los cursos de repertorio orquestal realizados en el Conservatorio Superior de M\u00fasica de Murcia.<\/p>\n<p>En 2007 estuvo como Jurado, en el concurso de Trompeta de Benidorm, junto a Maurice Andre y otras personalidades del mundo de la trompeta.<br \/>\nEntre sus actividades mas recientes cabe destacar la gira de conciertos con el ensemble Brass &amp; CO en Espa\u00f1a y Canada, la grabaci\u00f3n del Musical \u00abCatherine Harker\u00bb en los estudios de la productora Visual Sonora, su participaci\u00f3n el rodaje de la produccion cinematografica \u00abMartin y Soler &#8211; Martini, el Valenciano\u00bb formando parte de la orquesta y, tambi\u00e9n la grabaci\u00f3n del CD del poema sinf\u00f3nico \u201cLa conversi\u00f3n de Villena\u201d<\/p>\n<p>Es invitado para impartir Clases Magistrales fuera de Espa\u00f1a, en el Real Conservatorio de Bruselas (Belgica) en 2009 y 2010, y en 2011 en la Haute \u00c9cole de M\u00fasique Geneve (Suiza) y en la Virginia Commonwealth University (USA)<br \/>\nTambien es invitado para impartir diferentes Cursos y Master Classes de Trompeta (Caudete, Abanilla, Abaran, Albaida y los Conservatorios de Denia, Vitoria, Almeria y, Granada)<\/p>\n<p>Es miembro de Collage Brass Ensemble y Trompeta Solista de la Orquesta Sinf\u00f3nica del Teatro Chap\u00ed de Villena. Forma parte junto a Manu Mellaerts y Luc Ponet de un duo de trompetas y \u00f3rgano.<br \/>\nToca con una Trompeta Yamaha YTR9335CH.<br \/>\nDesde el a\u00f1o 2002 es Profesor Numerario de Trompeta del Cuerpo de Profesores de Musica y Artes Esc\u00e9nicas y en la actualidad y desde el curso 04\/05 ocupa la C\u00e1tedra de Trompeta del Conservatorio Superior de M\u00fasica \u201cManuel Massotti Littel\u201d de Murcia<\/p>\n<p><a href=\"http:\/\/www.portaldelolleria.es\/wp-content\/uploads\/2013\/02\/1cartel.jpg\"><img loading=\"lazy\" class=\"aligncenter size-full wp-image-2240\" title=\"1cartel\" src=\"http:\/\/www.portaldelolleria.es\/wp-content\/uploads\/2013\/02\/1cartel.jpg\" alt=\"\" width=\"598\" height=\"880\" srcset=\"http:\/\/www.portaldelolleria.es\/wp-content\/uploads\/2013\/02\/1cartel.jpg 598w, http:\/\/www.portaldelolleria.es\/wp-content\/uploads\/2013\/02\/1cartel-203x300.jpg 203w\" sizes=\"(max-width: 598px) 100vw, 598px\" \/><\/a><\/p>\n","protected":false},"excerpt":{"rendered":"<p>El pr\u00f3ximo 9 de febrero la SEM Santa Cecilia de L&#8217;Olleria, ofrecer\u00e1 un concierto donde el protagonista ser\u00e1 la trompeta. Adem\u00e1s de la actuaci\u00f3n del gran trompetista local\u00a0 Jos\u00e9 Chafer\u00a0 (componente de la banda), actuar\u00e1 como invitado el magistral concertista internacional Ruben Simeo Gij\u00f3n,\u00a0 reci\u00e9n llegado de su gira por Jap\u00f3n. Uno de los grandes [&hellip;]<\/p>\n","protected":false},"author":2,"featured_media":0,"comment_status":"closed","ping_status":"open","sticky":false,"template":"","format":"standard","meta":{"_monsterinsights_skip_tracking":false,"_monsterinsights_sitenote_active":false,"_monsterinsights_sitenote_note":"","_monsterinsights_sitenote_category":0},"categories":[15,12],"tags":[541,542,167],"_links":{"self":[{"href":"http:\/\/www.portaldelolleria.es\/index.php?rest_route=\/wp\/v2\/posts\/2238"}],"collection":[{"href":"http:\/\/www.portaldelolleria.es\/index.php?rest_route=\/wp\/v2\/posts"}],"about":[{"href":"http:\/\/www.portaldelolleria.es\/index.php?rest_route=\/wp\/v2\/types\/post"}],"author":[{"embeddable":true,"href":"http:\/\/www.portaldelolleria.es\/index.php?rest_route=\/wp\/v2\/users\/2"}],"replies":[{"embeddable":true,"href":"http:\/\/www.portaldelolleria.es\/index.php?rest_route=%2Fwp%2Fv2%2Fcomments&post=2238"}],"version-history":[{"count":4,"href":"http:\/\/www.portaldelolleria.es\/index.php?rest_route=\/wp\/v2\/posts\/2238\/revisions"}],"predecessor-version":[{"id":2249,"href":"http:\/\/www.portaldelolleria.es\/index.php?rest_route=\/wp\/v2\/posts\/2238\/revisions\/2249"}],"wp:attachment":[{"href":"http:\/\/www.portaldelolleria.es\/index.php?rest_route=%2Fwp%2Fv2%2Fmedia&parent=2238"}],"wp:term":[{"taxonomy":"category","embeddable":true,"href":"http:\/\/www.portaldelolleria.es\/index.php?rest_route=%2Fwp%2Fv2%2Fcategories&post=2238"},{"taxonomy":"post_tag","embeddable":true,"href":"http:\/\/www.portaldelolleria.es\/index.php?rest_route=%2Fwp%2Fv2%2Ftags&post=2238"}],"curies":[{"name":"wp","href":"https:\/\/api.w.org\/{rel}","templated":true}]}}