{"id":22381,"date":"2019-02-21T22:20:47","date_gmt":"2019-02-21T20:20:47","guid":{"rendered":"http:\/\/www.portaldelolleria.es\/?p=22381"},"modified":"2019-02-21T22:22:20","modified_gmt":"2019-02-21T20:22:20","slug":"lolleria-celebra-este-sabado-el-xv-concert-de-musica-festera-francesc-cerda","status":"publish","type":"post","link":"http:\/\/www.portaldelolleria.es\/?p=22381","title":{"rendered":"L&#8217;Olleria celebra este s\u00e1bado el XV Concert de m\u00fasica festera Francesc Cerd\u00e0"},"content":{"rendered":"<p><a href=\"http:\/\/www.portaldelolleria.es\/wp-content\/uploads\/2019\/02\/IMG_4356.jpg\"><img loading=\"lazy\" class=\"aligncenter size-full wp-image-22383\" title=\"IMG_4356\" src=\"http:\/\/www.portaldelolleria.es\/wp-content\/uploads\/2019\/02\/IMG_4356.jpg\" alt=\"\" width=\"598\" height=\"449\" srcset=\"http:\/\/www.portaldelolleria.es\/wp-content\/uploads\/2019\/02\/IMG_4356.jpg 598w, http:\/\/www.portaldelolleria.es\/wp-content\/uploads\/2019\/02\/IMG_4356-300x225.jpg 300w\" sizes=\"(max-width: 598px) 100vw, 598px\" \/><\/a><\/p>\n<p><span style=\"color: #333333;\"><em>Ajuntament de l&#8217;Olleria, 21\/02\/2019<\/em><\/span><\/p>\n<p>&nbsp;<\/p>\n<p style=\"text-align: justify;\">L&#8217;Olleria celebra este s\u00e1bado el <strong>XV Concert de m\u00fasica festera Francesc Cerd\u00e0<\/strong><\/p>\n<p style=\"text-align: justify;\">Este s\u00e1bado 23 de febrero se dar\u00e1 a conocer la obra ganadora del XV Concurso de m\u00fasica festera <strong>Francesc Cerd\u00e0<\/strong> en el concierto que ofrecer\u00e1 la <strong>SEM Santa Cecilia<\/strong> a partir de las 19h. el Teatro Goya. Esta edici\u00f3n se ha centrado en la modalidad de marcha cristiana y ha contado con 19 obras candidatas, de las cuales han sido seleccionadas <strong>Cavallers del Pas, Azjama, La\u2019Umiy i Desperta Almog\u00e0var<\/strong>. La concejala de Cultura, <strong>Gloria Mic\u00f3<\/strong>, ha recordado que las cuatro tendr\u00e1n premio, ya que \u00abhabr\u00e1 un 1er premio de 2.000 euros, un 2\u00ba de 1.000 euros, lo que otorga el p\u00fablico de 500 euros, y un acc\u00e9sit de 250 euros\u00bb .<\/p>\n<p style=\"text-align: justify;\">Estas obras sonar\u00e1n en la primera parte del concierto, y durante la segunda parte se entregar\u00e1 la edici\u00f3n de las partituras ganadoras del concurso del a\u00f1o pasado, despu\u00e9s sonar\u00e1n los pasodobles Paco el Presi y Roc\u00edo, y las marchas moras Manuel Torregrosa y El Colze, y finalmente se entregar\u00e1n los premios del concurso y se interpretar\u00e1 la pieza ganadora.<\/p>\n<p style=\"text-align: justify;\">El alcalde de l&#8217;Olleria,<strong> Juli\u00e0 Engo<\/strong>, destac\u00f3 la consolidaci\u00f3n de este concierto dentro del mundo de la m\u00fasica festera y el \u00e9xito de participaci\u00f3n. Adem\u00e1s, reconoci\u00f3 a <strong>Francesc Cerd\u00e0<\/strong> como \u00abun ejemplo de compromiso en la cultura local, ya que adem\u00e1s de estar vinculado al mundo de la m\u00fasica tambi\u00e9n trabaj\u00f3 activamente en pedagog\u00eda\u00bb.<\/p>\n<p style=\"text-align: justify;\">Este concierto, organizado de forma conjunta por el Ayuntamiento de l&#8217;Olleria, la SEM Santa Cecilia y la Junta Central de Moros y Cristianos, est\u00e1 enmarcado dentro de los actos del Mig Any Fester, que vivir\u00e1 los actos principales el primer fin de semana de marzo.<\/p>\n<p style=\"text-align: justify;\">__________________________<\/p>\n<p style=\"text-align: justify;\"><span style=\"color: #003366;\"><strong>L \u2019Olleria celebra este dissabte el XV Concert de m\u00fasica festera Francesc Cerd\u00e0<\/strong><em><\/em> <\/span><\/p>\n<div>\n<div>\n<div>\n<p style=\"text-align: justify;\"><span style=\"color: #003366;\">Este dissabte 23 de febrer es donar\u00e0 a con\u00e8ixer l\u2019obra guanyadora del\u00a0<strong>XV Concurs de m\u00fasica festera Francesc Cerd\u00e0\u00a0<\/strong>en el concert que oferir\u00e0 la SEM Santa Cec\u00edlia a partir de les 19h. al Teatre Goya. Aquesta edici\u00f3 ha estat centrada en la modalitat de marxa cristiana i ha comptat amb 19 obres candidates, de les quals han estat seleccionades\u00a0<strong>Cavallers del Pas, Azjama, La\u2019Umiy i Desperta Almog\u00e0var<\/strong>. La regidora de Cultura, Gloria Mic\u00f3, ha recordat que les quatre tindran premi, ja que\u00a0<em>\u201chi haur\u00e0 un 1r premi de 2.000 euros, un 2n de 1.000 euros, el que atorga el p\u00fablic de 500 euros, i un acc\u00e8ssit de 250 euros\u201d.<\/em><\/span><\/p>\n<p style=\"text-align: justify;\"><span style=\"color: #003366;\">Aquestes obres sonaran en la primera part del concert, i durant la segona part es lliurar\u00e0 l\u2019edici\u00f3 de les partitures guanyadores del concurs de l\u2019any passat, despr\u00e9s sonaran els pasdobles Paco el Presi i Rocio, i les marxes mores Manuel Torregrosa i El Colze, i finalment es lliuraran els premis del concurs i s\u2019interpretar\u00e0 la pe\u00e7a guanyadora.<\/span><\/p>\n<p style=\"text-align: justify;\"><span style=\"color: #003366;\">L\u2019alcalde de l\u2019Olleria, Juli\u00e0 Engo, ha destacat la consolidaci\u00f3 d\u2019aquest concert dins el m\u00f3n de la m\u00fasica festera i l\u2019\u00e8xit de participaci\u00f3. A m\u00e9s, ha reconegut a Francesc Cerd\u00e0 com\u00a0<em>\u201cun exemple de comprom\u00eds en la cultura local, ja que a m\u00e9s d\u2019estar vinculat al m\u00f3n de la m\u00fasica tamb\u00e9 va treballar activament en pedagogia\u201d.<\/em><\/span><\/p>\n<p style=\"text-align: justify;\"><span style=\"color: #003366;\">Aquest concert, organitzat de forma conjunta per\u00a0<strong>l\u2019Ajuntament de l\u2019Olleria, la SEM Santa Cec\u00edlia i la Junta Central de Moros i Cristians<\/strong>, est\u00e0 emmarcat dins dels actes del Mig Any Fester, que viur\u00e0 els actes principals el primer cap de setmana de mar\u00e7.<\/span><\/p>\n<p style=\"text-align: justify;\"><a href=\"http:\/\/www.portaldelolleria.es\/wp-content\/uploads\/2019\/02\/FRANCESC-CERD\u00c0.jpg\"><img loading=\"lazy\" class=\"aligncenter size-full wp-image-22382\" title=\"FRANCESC-CERD\u00c0\" src=\"http:\/\/www.portaldelolleria.es\/wp-content\/uploads\/2019\/02\/FRANCESC-CERD\u00c0.jpg\" alt=\"\" width=\"424\" height=\"600\" srcset=\"http:\/\/www.portaldelolleria.es\/wp-content\/uploads\/2019\/02\/FRANCESC-CERD\u00c0.jpg 424w, http:\/\/www.portaldelolleria.es\/wp-content\/uploads\/2019\/02\/FRANCESC-CERD\u00c0-212x300.jpg 212w\" sizes=\"(max-width: 424px) 100vw, 424px\" \/><\/a><\/p>\n<\/div>\n<\/div>\n<\/div>\n","protected":false},"excerpt":{"rendered":"<p>Ajuntament de l&#8217;Olleria, 21\/02\/2019 &nbsp; L&#8217;Olleria celebra este s\u00e1bado el XV Concert de m\u00fasica festera Francesc Cerd\u00e0 Este s\u00e1bado 23 de febrero se dar\u00e1 a conocer la obra ganadora del XV Concurso de m\u00fasica festera Francesc Cerd\u00e0 en el concierto que ofrecer\u00e1 la SEM Santa Cecilia a partir de las 19h. el Teatro Goya. Esta [&hellip;]<\/p>\n","protected":false},"author":1,"featured_media":0,"comment_status":"closed","ping_status":"open","sticky":false,"template":"","format":"standard","meta":{"_monsterinsights_skip_tracking":false,"_monsterinsights_sitenote_active":false,"_monsterinsights_sitenote_note":"","_monsterinsights_sitenote_category":0},"categories":[16,12],"tags":[],"_links":{"self":[{"href":"http:\/\/www.portaldelolleria.es\/index.php?rest_route=\/wp\/v2\/posts\/22381"}],"collection":[{"href":"http:\/\/www.portaldelolleria.es\/index.php?rest_route=\/wp\/v2\/posts"}],"about":[{"href":"http:\/\/www.portaldelolleria.es\/index.php?rest_route=\/wp\/v2\/types\/post"}],"author":[{"embeddable":true,"href":"http:\/\/www.portaldelolleria.es\/index.php?rest_route=\/wp\/v2\/users\/1"}],"replies":[{"embeddable":true,"href":"http:\/\/www.portaldelolleria.es\/index.php?rest_route=%2Fwp%2Fv2%2Fcomments&post=22381"}],"version-history":[{"count":2,"href":"http:\/\/www.portaldelolleria.es\/index.php?rest_route=\/wp\/v2\/posts\/22381\/revisions"}],"predecessor-version":[{"id":22385,"href":"http:\/\/www.portaldelolleria.es\/index.php?rest_route=\/wp\/v2\/posts\/22381\/revisions\/22385"}],"wp:attachment":[{"href":"http:\/\/www.portaldelolleria.es\/index.php?rest_route=%2Fwp%2Fv2%2Fmedia&parent=22381"}],"wp:term":[{"taxonomy":"category","embeddable":true,"href":"http:\/\/www.portaldelolleria.es\/index.php?rest_route=%2Fwp%2Fv2%2Fcategories&post=22381"},{"taxonomy":"post_tag","embeddable":true,"href":"http:\/\/www.portaldelolleria.es\/index.php?rest_route=%2Fwp%2Fv2%2Ftags&post=22381"}],"curies":[{"name":"wp","href":"https:\/\/api.w.org\/{rel}","templated":true}]}}