{"id":22390,"date":"2019-02-22T19:26:30","date_gmt":"2019-02-22T17:26:30","guid":{"rendered":"http:\/\/www.portaldelolleria.es\/?p=22390"},"modified":"2019-02-22T19:26:30","modified_gmt":"2019-02-22T17:26:30","slug":"concierto-de-invierno-en-la-iglesia-sta-m%c2%aa-magdalena","status":"publish","type":"post","link":"http:\/\/www.portaldelolleria.es\/?p=22390","title":{"rendered":"Concierto de Invierno en la Iglesia Sta M\u00aa Magdalena"},"content":{"rendered":"<p><a href=\"http:\/\/www.portaldelolleria.es\/wp-content\/uploads\/2019\/02\/sem2.jpg\"><img loading=\"lazy\" class=\"aligncenter size-full wp-image-22394\" title=\"sem2\" src=\"http:\/\/www.portaldelolleria.es\/wp-content\/uploads\/2019\/02\/sem2.jpg\" alt=\"\" width=\"598\" height=\"396\" srcset=\"http:\/\/www.portaldelolleria.es\/wp-content\/uploads\/2019\/02\/sem2.jpg 598w, http:\/\/www.portaldelolleria.es\/wp-content\/uploads\/2019\/02\/sem2-300x198.jpg 300w\" sizes=\"(max-width: 598px) 100vw, 598px\" \/><\/a><\/p>\n<p>&nbsp;<\/p>\n<p style=\"text-align: justify;\">Este domingo, la Iglesia Sta Mar\u00eda Magdalena ser\u00e1 escenario del Concierto de Invierno, a cargo del Coro Aula Vocal 5 y el Coro de la SEM Santa Cec\u00edlia de l&#8217;Olleria.\u00a0 El repertorio comenzar\u00e1 a ser interpretado a las 12:45h.<\/p>\n<p style=\"text-align: justify;\">_________________________<\/p>\n<p style=\"text-align: justify;\"><span style=\"color: #003366;\">Aquest diumenge, l&#8217;Esgl\u00e9sia Sta Maria Magdalena ser\u00e0 escenari del Concert d&#8217;Hivern, a c\u00e0rrec del Cor Aula Vocal 5 i el Cor de la SEM Santa Cec\u00edlia de l&#8217;Olleria. El repertori comen\u00e7ar\u00e0 a ser interpretat a les 12: 45h.<\/span><\/p>\n<h2>Programa<\/h2>\n<p><strong>Cor Aula Vocal 5<\/strong><\/p>\n<p>Jesu Meine Freude, Movimientos 1,2 y 3\u00a0\u00a0 (J.S. Bach)<\/p>\n<p>Ave Verum\u00a0 (W.A. Mozart)<\/p>\n<p>Signore Delle Cime (Guiseppe de Marzi)<\/p>\n<p>Locus Iste (Anton Bruckner)<\/p>\n<p>Ave Mar\u00eda\u00a0\u00a0 (T. Luis de Vitoria)<\/p>\n<p>angus Dei\u00a0 (Samuel Barber)<\/p>\n<p>Dirige:\u00a0 <strong>Carles Hern\u00e1ndez Coscoll\u00e1<\/strong><\/p>\n<p><a href=\"http:\/\/www.portaldelolleria.es\/wp-content\/uploads\/2019\/02\/sem4.jpg\"><img loading=\"lazy\" class=\"aligncenter size-full wp-image-22391\" title=\"sem4\" src=\"http:\/\/www.portaldelolleria.es\/wp-content\/uploads\/2019\/02\/sem4.jpg\" alt=\"\" width=\"598\" height=\"336\" srcset=\"http:\/\/www.portaldelolleria.es\/wp-content\/uploads\/2019\/02\/sem4.jpg 598w, http:\/\/www.portaldelolleria.es\/wp-content\/uploads\/2019\/02\/sem4-300x168.jpg 300w\" sizes=\"(max-width: 598px) 100vw, 598px\" \/><\/a><\/p>\n<p><strong>Cor de la SEM Sta Cec\u00edlia<\/strong><\/p>\n<p>Hello. C\u00e0non a 3 veus<\/p>\n<p>La m\u00fasica es vida (Tradicional Trinidad. R Gritton\/Arranjament Sof\u00eda Oviedo)<\/p>\n<p>Akai Hana (M Nakabayashi)<\/p>\n<p>El Haderech ( Oraci\u00f3 hebrea. Arranjament Tova Porat)<\/p>\n<p>Bonse Aba (Tradicional Zambia,\u00a0 Arranjament V. Johnson)<\/p>\n<p>Dirige:\u00a0<strong> Sofia Oviedo Garc\u00eda<\/strong><\/p>\n<p><a href=\"http:\/\/www.portaldelolleria.es\/wp-content\/uploads\/2019\/02\/sem3.jpg\"><img loading=\"lazy\" class=\"aligncenter size-full wp-image-22392\" title=\"sem3\" src=\"http:\/\/www.portaldelolleria.es\/wp-content\/uploads\/2019\/02\/sem3.jpg\" alt=\"\" width=\"598\" height=\"449\" srcset=\"http:\/\/www.portaldelolleria.es\/wp-content\/uploads\/2019\/02\/sem3.jpg 598w, http:\/\/www.portaldelolleria.es\/wp-content\/uploads\/2019\/02\/sem3-300x225.jpg 300w\" sizes=\"(max-width: 598px) 100vw, 598px\" \/><\/a><\/p>\n<p>&nbsp;<\/p>\n<p><a href=\"http:\/\/www.portaldelolleria.es\/wp-content\/uploads\/2019\/02\/sem1.jpg\"><img loading=\"lazy\" class=\"aligncenter size-full wp-image-22393\" title=\"sem1\" src=\"http:\/\/www.portaldelolleria.es\/wp-content\/uploads\/2019\/02\/sem1.jpg\" alt=\"\" width=\"576\" height=\"813\" srcset=\"http:\/\/www.portaldelolleria.es\/wp-content\/uploads\/2019\/02\/sem1.jpg 576w, http:\/\/www.portaldelolleria.es\/wp-content\/uploads\/2019\/02\/sem1-212x300.jpg 212w\" sizes=\"(max-width: 576px) 100vw, 576px\" \/><\/a><strong><\/strong><\/p>\n","protected":false},"excerpt":{"rendered":"<p>&nbsp; Este domingo, la Iglesia Sta Mar\u00eda Magdalena ser\u00e1 escenario del Concierto de Invierno, a cargo del Coro Aula Vocal 5 y el Coro de la SEM Santa Cec\u00edlia de l&#8217;Olleria.\u00a0 El repertorio comenzar\u00e1 a ser interpretado a las 12:45h. _________________________ Aquest diumenge, l&#8217;Esgl\u00e9sia Sta Maria Magdalena ser\u00e0 escenari del Concert d&#8217;Hivern, a c\u00e0rrec del [&hellip;]<\/p>\n","protected":false},"author":1,"featured_media":0,"comment_status":"closed","ping_status":"open","sticky":false,"template":"","format":"standard","meta":{"_monsterinsights_skip_tracking":false,"_monsterinsights_sitenote_active":false,"_monsterinsights_sitenote_note":"","_monsterinsights_sitenote_category":0},"categories":[16,12],"tags":[],"_links":{"self":[{"href":"http:\/\/www.portaldelolleria.es\/index.php?rest_route=\/wp\/v2\/posts\/22390"}],"collection":[{"href":"http:\/\/www.portaldelolleria.es\/index.php?rest_route=\/wp\/v2\/posts"}],"about":[{"href":"http:\/\/www.portaldelolleria.es\/index.php?rest_route=\/wp\/v2\/types\/post"}],"author":[{"embeddable":true,"href":"http:\/\/www.portaldelolleria.es\/index.php?rest_route=\/wp\/v2\/users\/1"}],"replies":[{"embeddable":true,"href":"http:\/\/www.portaldelolleria.es\/index.php?rest_route=%2Fwp%2Fv2%2Fcomments&post=22390"}],"version-history":[{"count":2,"href":"http:\/\/www.portaldelolleria.es\/index.php?rest_route=\/wp\/v2\/posts\/22390\/revisions"}],"predecessor-version":[{"id":22396,"href":"http:\/\/www.portaldelolleria.es\/index.php?rest_route=\/wp\/v2\/posts\/22390\/revisions\/22396"}],"wp:attachment":[{"href":"http:\/\/www.portaldelolleria.es\/index.php?rest_route=%2Fwp%2Fv2%2Fmedia&parent=22390"}],"wp:term":[{"taxonomy":"category","embeddable":true,"href":"http:\/\/www.portaldelolleria.es\/index.php?rest_route=%2Fwp%2Fv2%2Fcategories&post=22390"},{"taxonomy":"post_tag","embeddable":true,"href":"http:\/\/www.portaldelolleria.es\/index.php?rest_route=%2Fwp%2Fv2%2Ftags&post=22390"}],"curies":[{"name":"wp","href":"https:\/\/api.w.org\/{rel}","templated":true}]}}