{"id":22397,"date":"2019-02-23T13:30:59","date_gmt":"2019-02-23T11:30:59","guid":{"rendered":"http:\/\/www.portaldelolleria.es\/?p=22397"},"modified":"2019-02-24T03:39:39","modified_gmt":"2019-02-24T01:39:39","slug":"la-cofradia-del-santo-sepulcro-inaugura-su-nueva-sede","status":"publish","type":"post","link":"http:\/\/www.portaldelolleria.es\/?p=22397","title":{"rendered":"La Cofrad\u00eda del Santo Sepulcro inaugura su nueva sede"},"content":{"rendered":"<p><a href=\"http:\/\/www.portaldelolleria.es\/wp-content\/uploads\/2019\/02\/SantoSepulcro12.jpg\"><img loading=\"lazy\" class=\"aligncenter size-full wp-image-22399\" title=\"SantoSepulcro12\" src=\"http:\/\/www.portaldelolleria.es\/wp-content\/uploads\/2019\/02\/SantoSepulcro12.jpg\" alt=\"\" width=\"598\" height=\"396\" srcset=\"http:\/\/www.portaldelolleria.es\/wp-content\/uploads\/2019\/02\/SantoSepulcro12.jpg 598w, http:\/\/www.portaldelolleria.es\/wp-content\/uploads\/2019\/02\/SantoSepulcro12-300x198.jpg 300w\" sizes=\"(max-width: 598px) 100vw, 598px\" \/><\/a><\/p>\n<p>&nbsp;<\/p>\n<p style=\"text-align: justify;\">Este viernes,\u00a0 la Cofrad\u00eda del Santo Sepulcro, inaugur\u00f3 su nueva sede\u00a0 oficiando como padrinos D\u00f1a. <strong>Mar\u00eda Pastor Suc<\/strong>h y D. <strong>Jos\u00e9 Momp\u00f3 Momp\u00f3<\/strong>.\u00a0\u00a0 Los actos comenzaron a las 19:30 h\u00a0\u00a0 con una misa en la Iglesia Parroquial,\u00a0 al finalizar y acompa\u00f1ados por la <strong>Banda de Cornetas y Tambores<\/strong>\u00a0 abriendo el paso,\u00a0 se dirigieron a la c\/ San Agust\u00edn,\u00a0 donde se hizo el corte de cinta y la bendici\u00f3n del local a cargo de D. <strong>Salvador Palomares<\/strong>.\u00a0 Acto seguido\u00a0 una \u00abtamborada\u00bb y un castillo de fuegos de <strong>Nadal-Mart\u00ed<\/strong>, completaban el evento.\u00a0\u00a0 Posteriormente\u00a0 los invitados pudieron ver las instalaciones mientras disfrutaban de un vino de honor.<\/p>\n<p style=\"text-align: justify;\">______________________________<\/p>\n<p style=\"text-align: justify;\"><span style=\"color: #003366;\">Aquest divendres, la Confraria del Sant Sepulcre, va inaugurar la seua nova seu oficiant com a padrins Sra. Mar\u00eda Pastor Such i Jos\u00e9 Momp\u00f3 Momp\u00f3. Els actes van comen\u00e7ar a les 19:30 h amb una missa a l&#8217;Esgl\u00e9sia Parroquial, en finalitzar i acompanyats per la Banda de Cornetes i Tambors obrint el pas, es van dirigir al c \/ Sant Agust\u00ed, on es va fer el tall de cinta i la benedicci\u00f3 del local a c\u00e0rrec del Sr. Salvador Palomares. Tot seguit una \u00abtamborada\u00bb i un castell de focs d&#8217;Nadal-Mart\u00ed, completaven l&#8217;esdeveniment. Posteriorment els convidats van poder veure les instal\u00b7lacions mentre gaudien d&#8217;un vi d&#8217;honor.<\/span><\/p>\n<p>&nbsp;<\/p>\n<p><a href=\"https:\/\/photos.app.goo.gl\/f6fCtXv9nMuKwFmR8\" target=\"_blank\"><img loading=\"lazy\" class=\"aligncenter size-full wp-image-22398\" title=\"SantoSepulcro1\" src=\"http:\/\/www.portaldelolleria.es\/wp-content\/uploads\/2019\/02\/SantoSepulcro1.jpg\" alt=\"\" width=\"598\" height=\"285\" srcset=\"http:\/\/www.portaldelolleria.es\/wp-content\/uploads\/2019\/02\/SantoSepulcro1.jpg 598w, http:\/\/www.portaldelolleria.es\/wp-content\/uploads\/2019\/02\/SantoSepulcro1-300x142.jpg 300w\" sizes=\"(max-width: 598px) 100vw, 598px\" \/><\/a><\/p>\n<p>&nbsp;<\/p>\n<p>&nbsp;<\/p>\n<p><iframe loading=\"lazy\" src=\"https:\/\/www.youtube.com\/embed\/WJ1fPsfnklk\" frameborder=\"0\" width=\"598\" height=\"336\"><\/iframe><\/p>\n","protected":false},"excerpt":{"rendered":"<p>&nbsp; Este viernes,\u00a0 la Cofrad\u00eda del Santo Sepulcro, inaugur\u00f3 su nueva sede\u00a0 oficiando como padrinos D\u00f1a. Mar\u00eda Pastor Such y D. Jos\u00e9 Momp\u00f3 Momp\u00f3.\u00a0\u00a0 Los actos comenzaron a las 19:30 h\u00a0\u00a0 con una misa en la Iglesia Parroquial,\u00a0 al finalizar y acompa\u00f1ados por la Banda de Cornetas y Tambores\u00a0 abriendo el paso,\u00a0 se dirigieron a [&hellip;]<\/p>\n","protected":false},"author":1,"featured_media":0,"comment_status":"closed","ping_status":"open","sticky":false,"template":"","format":"standard","meta":{"_monsterinsights_skip_tracking":false,"_monsterinsights_sitenote_active":false,"_monsterinsights_sitenote_note":"","_monsterinsights_sitenote_category":0},"categories":[3,12],"tags":[],"_links":{"self":[{"href":"http:\/\/www.portaldelolleria.es\/index.php?rest_route=\/wp\/v2\/posts\/22397"}],"collection":[{"href":"http:\/\/www.portaldelolleria.es\/index.php?rest_route=\/wp\/v2\/posts"}],"about":[{"href":"http:\/\/www.portaldelolleria.es\/index.php?rest_route=\/wp\/v2\/types\/post"}],"author":[{"embeddable":true,"href":"http:\/\/www.portaldelolleria.es\/index.php?rest_route=\/wp\/v2\/users\/1"}],"replies":[{"embeddable":true,"href":"http:\/\/www.portaldelolleria.es\/index.php?rest_route=%2Fwp%2Fv2%2Fcomments&post=22397"}],"version-history":[{"count":5,"href":"http:\/\/www.portaldelolleria.es\/index.php?rest_route=\/wp\/v2\/posts\/22397\/revisions"}],"predecessor-version":[{"id":22404,"href":"http:\/\/www.portaldelolleria.es\/index.php?rest_route=\/wp\/v2\/posts\/22397\/revisions\/22404"}],"wp:attachment":[{"href":"http:\/\/www.portaldelolleria.es\/index.php?rest_route=%2Fwp%2Fv2%2Fmedia&parent=22397"}],"wp:term":[{"taxonomy":"category","embeddable":true,"href":"http:\/\/www.portaldelolleria.es\/index.php?rest_route=%2Fwp%2Fv2%2Fcategories&post=22397"},{"taxonomy":"post_tag","embeddable":true,"href":"http:\/\/www.portaldelolleria.es\/index.php?rest_route=%2Fwp%2Fv2%2Ftags&post=22397"}],"curies":[{"name":"wp","href":"https:\/\/api.w.org\/{rel}","templated":true}]}}