{"id":22405,"date":"2019-02-24T12:58:18","date_gmt":"2019-02-24T10:58:18","guid":{"rendered":"http:\/\/www.portaldelolleria.es\/?p=22405"},"modified":"2019-02-24T13:00:29","modified_gmt":"2019-02-24T11:00:29","slug":"el-portavoz-del-pspv-de-lolleria-se-da-de-baja-del-partido-pero-mantiene-el-acta","status":"publish","type":"post","link":"http:\/\/www.portaldelolleria.es\/?p=22405","title":{"rendered":"El portavoz del PSPV de l&#8217;Olleria se da de baja del partido pero mantiene el acta"},"content":{"rendered":"<p><a href=\"http:\/\/www.portaldelolleria.es\/wp-content\/uploads\/2019\/02\/david-millan1.jpg\"><img loading=\"lazy\" class=\"aligncenter size-full wp-image-22407\" title=\"david millan\" src=\"http:\/\/www.portaldelolleria.es\/wp-content\/uploads\/2019\/02\/david-millan1.jpg\" alt=\"\" width=\"598\" height=\"396\" srcset=\"http:\/\/www.portaldelolleria.es\/wp-content\/uploads\/2019\/02\/david-millan1.jpg 598w, http:\/\/www.portaldelolleria.es\/wp-content\/uploads\/2019\/02\/david-millan1-300x198.jpg 300w\" sizes=\"(max-width: 598px) 100vw, 598px\" \/><\/a><\/p>\n<p><span style=\"color: #333333;\"><em>NP &#8211; PSPV l&#8217;Olleria, 23\/02\/2019<\/em><\/span><\/p>\n<h2 style=\"text-align: justify;\">El portavoz del PSPV de l&#8217;Olleria se da de baja del partido pero mantiene el acta<\/h2>\n<h3 style=\"text-align: justify;\">David Mill\u00e1n, que agotar\u00e1 la legislatura como concejal no adscrito, recrimina a la formaci\u00f3n su \u00ababandono\u00bb tras la expulsi\u00f3n de los ediles socialistas del gobierno y sugiere la posibilidad de presentarse a las elecciones con una marca alternativa<\/h3>\n<p style=\"text-align: justify;\">El portavoz del PSPV en l&#8217;Olleria, <strong>David Millan<\/strong>, ha anunciado su baja como militante del partido mediante un escrito que presentar\u00e1 ma\u00f1ana mediante el cual expresa su intenci\u00f3n de agotar los tres meses que restan de legislatura bajo la condici\u00f3n de concejal no adscrito, a tiempo que ha sugerido la posibilidad de presentarse a las elecciones de mayo con una marca alternativa<\/p>\n<p style=\"text-align: justify;\">Mill\u00e1n asegura que una de las razones por las que abandona el PSPV es su \u00ababsoluta disconformidad\u00bb con\u00a0\u00a0la forma en que se ha gestionado, por parte de los responsables de la supervisi\u00f3n de los pactos de gobierno local del PSPV-PSOE, la crisis desatada en el pacto de gobierno del Ayuntamiento de L&#8217;Olleria que termin\u00f3 con la expulsi\u00f3n de los dos regidores socialistas por parte del alcalde de la localidad, Juli\u00e0 Engo de sus responsabilidades en el ejecutivo.<\/p>\n<p style=\"text-align: justify;\">Mill\u00e1n sostiene que, seg\u00fan el acuerdo alcanzado para formar gobierno, en el \u00faltimo a\u00f1o del mandato le correspond\u00eda la alcald\u00eda al PSPV, si bien Engo neg\u00f3 esta afirmaci\u00f3n y recalc\u00f3 que lo que se plasmaba en el pacto era que, llegado el momento, se proceder\u00eda a una revisi\u00f3n del mismo, sin especificar claramente que la vara de mando deb\u00eda pasar a manos de los socialistas. Mill\u00e1n recrimina a su partido, su actitud consistente en\u00a0\u00abhacer o\u00eddos sordos\u00bb a las reclamaciones del grupo municipal y\u00a0en \u00abir dejando pasar el tiempo sin que existiera ning\u00fan tipo de actuaci\u00f3n de la Ejecutiva del PSPV-PSOE frente a la acci\u00f3n llevada a cabo por el alcalde de Comprom\u00eds\u00bb. \u00ab<em>Esta actitud, a mi entender, deja en evidencia que hay intereses mayores y m\u00e1s importantes, dentro del PSPV-PSOE, que los concejales y los militantes socialistas de L&#8217;Olleria<\/em>\u00ab.<\/p>\n<p style=\"text-align: justify;\">\u00ab<em>La desilusi\u00f3n y el desencanto generados por esta situaci\u00f3n de abandono del PSPV-PSOE me impiden continuar con mi militancia en \u00e9l<\/em>\u00ab, agrega Mill\u00e1n, que excluye de sus cr\u00edticas a \u00ab<em>los compa\u00f1eros y compa\u00f1eras socialistas de la Vall d&#8217;Albaida<\/em>\u00bb as\u00ed como a \u00ablos Alcaldes y Concejales de la Ejecutiva Comarcal de la Vall d&#8217;Albaida que se volcaron con nosotros, tratando de ayudarnos para encontrar una posible soluci\u00f3n a esta crisis\u00bb y a quienes agradece su \u00ab<em>compa\u00f1erismo y el apoyo prestado<\/em>\u00ab.<\/p>\n<p style=\"text-align: justify;\">Mill\u00e1n asegura que va\u00a0\u00abcontinuar defendiendo los intereses de todos los ciudadanos y ciudadanas de L&#8217;Olleria tal y como lo ven\u00eda haciendo hasta ahora\u00bb. \u00ab<em>Es mi intenci\u00f3n no defraudar a la gente que contin\u00faa teniendo confianza en mi persona y ah\u00ed encuentro las fuerzas necesarias para intentar que, en pr\u00f3ximas fechas, una alternativa al actual gobierno municipal se haga realidad con la intenci\u00f3n de presentarse a las pr\u00f3ximas elecciones locales<\/em>\u00ab, ha se\u00f1alado, en relaci\u00f3n a la opci\u00f3n de plantear una candidatura a las urnas.<\/p>\n<p style=\"text-align: justify;\">___________________________________<\/p>\n<p style=\"text-align: justify;\"><span style=\"color: #003366;\"><strong>El portaveu del PSPV de l&#8217;Olleria es d\u00f3na de baixa del partit per\u00f2 mant\u00e9 l&#8217;acta<\/strong><\/span><\/p>\n<p style=\"text-align: justify;\"><span style=\"color: #003366;\"><strong>David Mill\u00e1n, que esgotar\u00e0 la legislatura com a regidor no adscrit, recrimina a la formaci\u00f3 el seu \u00ababandonament\u00bb despr\u00e9s de l&#8217;expulsi\u00f3 dels regidors socialistes del govern i suggereix la possibilitat de presentar-se a les eleccions amb una marca alternativa<\/strong><\/span><\/p>\n<p style=\"text-align: justify;\"><span style=\"color: #003366;\">El portaveu del PSPV a l&#8217;Olleria, David Millan, ha anunciat la seva baixa com a militant del partit mitjan\u00e7ant un escrit que presentar\u00e0 dem\u00e0 mitjan\u00e7ant el qual expressa la seva intenci\u00f3 d&#8217;esgotar els tres mesos que resten de legislatura sota la condici\u00f3 de regidor no adscrit, a temps que ha suggerit la possibilitat de presentar-se a les eleccions de maig amb una marca alternativa<\/span><\/p>\n<p style=\"text-align: justify;\"><span style=\"color: #003366;\">Mill\u00e1n assegura que una de les raons per les que abandona el PSPV \u00e9s la seua \u00ababsoluta disconformitat\u00bb amb la forma en qu\u00e8 s&#8217;ha gestionat, per part dels responsables de la supervisi\u00f3 dels pactes de govern local del PSPV-PSOE, la crisi desfermada en el pacte de govern de l&#8217;Ajuntament de l&#8217;Olleria que va acabar amb l&#8217;expulsi\u00f3 dels dos regidors socialistes per part de l&#8217;alcalde de la localitat, Juli\u00e0 Engo de les seves responsabilitats en l&#8217;executiu.<\/span><\/p>\n<p style=\"text-align: justify;\"><span style=\"color: #003366;\">Mill\u00e1n sost\u00e9 que, segons l&#8217;acord assolit per formar govern, en l&#8217;\u00faltim any del mandat li corresponia l&#8217;alcaldia al PSPV, si b\u00e9 Engo va negar aquesta afirmaci\u00f3 i ha recalcat que el que es plasmava en el pacte era que, arribat el moment, es procediria a una revisi\u00f3 del mateix, sense especificar clarament que la vara de comandament havia de passar a les mans dels socialistes. Mill\u00e1n recrimina al seu partit, la seva actitud consistent a \u00abfer cas\u00bb a les reclamacions del grup municipal i en \u00abanar deixant passar el temps sense que exist\u00eds cap tipus d&#8217;actuaci\u00f3 de l&#8217;Executiva del PSPV-PSOE enfront de l&#8217;acci\u00f3 duta a terme per l&#8217;alcalde de Comprom\u00eds \u00ab. \u00abAquesta actitud, al meu entendre, deixa en evid\u00e8ncia que hi ha interessos majors i m\u00e9s importants, dins del PSPV-PSOE, que els regidors i els militants socialistes de l&#8217;Olleria\u00bb.<\/span><\/p>\n<p style=\"text-align: justify;\"><span style=\"color: #003366;\">\u00abLa desil\u00b7lusi\u00f3 i el desenc\u00eds generats per aquesta situaci\u00f3 d&#8217;aband\u00f3 del PSPV-PSOE m&#8217;impedeixen continuar amb la meva milit\u00e0ncia en ell\u00bb, afegeix Mill\u00e1n, que exclou de les seves cr\u00edtiques als \u00abcompanys i companyes socialistes de la Vall d&#8217;Albaida\u00bb aix\u00ed com a \u00abels alcaldes i regidors de l&#8217;Executiva Comarcal de la Vall d&#8217;Albaida que es van bolcar amb nosaltres, tractant d&#8217;ajudar-nos per trobar una possible soluci\u00f3 a aquesta crisi\u00bb i als qui agraeix la seva \u00abcompanyerisme i el suport prestat\u00bb.<\/span><\/p>\n<p style=\"text-align: justify;\"><span style=\"color: #003366;\">Mill\u00e1n assegura que va \u00abcontinuar defensant els interessos de tots els ciutadans i ciutadanes de l&#8217;Olleria tal com ho venia fent fins ara\u00bb. \u00ab\u00c9s la meva intenci\u00f3 no defraudar la gent que continua tenint confian\u00e7a en la meva persona i aqu\u00ed trobo les forces necess\u00e0ries per intentar que, en properes dates, una alternativa a l&#8217;actual govern municipal es faci realitat amb la intenci\u00f3 de presentar-se a les pr\u00f2ximes eleccions locals\u00bb , ha assenyalat, en relaci\u00f3 a l&#8217;opci\u00f3 de plantejar una candidatura a les urnes.<\/span><\/p>\n","protected":false},"excerpt":{"rendered":"<p>NP &#8211; PSPV l&#8217;Olleria, 23\/02\/2019 El portavoz del PSPV de l&#8217;Olleria se da de baja del partido pero mantiene el acta David Mill\u00e1n, que agotar\u00e1 la legislatura como concejal no adscrito, recrimina a la formaci\u00f3n su \u00ababandono\u00bb tras la expulsi\u00f3n de los ediles socialistas del gobierno y sugiere la posibilidad de presentarse a las elecciones [&hellip;]<\/p>\n","protected":false},"author":1,"featured_media":0,"comment_status":"closed","ping_status":"open","sticky":false,"template":"","format":"standard","meta":{"_monsterinsights_skip_tracking":false,"_monsterinsights_sitenote_active":false,"_monsterinsights_sitenote_note":"","_monsterinsights_sitenote_category":0},"categories":[3,12],"tags":[],"_links":{"self":[{"href":"http:\/\/www.portaldelolleria.es\/index.php?rest_route=\/wp\/v2\/posts\/22405"}],"collection":[{"href":"http:\/\/www.portaldelolleria.es\/index.php?rest_route=\/wp\/v2\/posts"}],"about":[{"href":"http:\/\/www.portaldelolleria.es\/index.php?rest_route=\/wp\/v2\/types\/post"}],"author":[{"embeddable":true,"href":"http:\/\/www.portaldelolleria.es\/index.php?rest_route=\/wp\/v2\/users\/1"}],"replies":[{"embeddable":true,"href":"http:\/\/www.portaldelolleria.es\/index.php?rest_route=%2Fwp%2Fv2%2Fcomments&post=22405"}],"version-history":[{"count":3,"href":"http:\/\/www.portaldelolleria.es\/index.php?rest_route=\/wp\/v2\/posts\/22405\/revisions"}],"predecessor-version":[{"id":22409,"href":"http:\/\/www.portaldelolleria.es\/index.php?rest_route=\/wp\/v2\/posts\/22405\/revisions\/22409"}],"wp:attachment":[{"href":"http:\/\/www.portaldelolleria.es\/index.php?rest_route=%2Fwp%2Fv2%2Fmedia&parent=22405"}],"wp:term":[{"taxonomy":"category","embeddable":true,"href":"http:\/\/www.portaldelolleria.es\/index.php?rest_route=%2Fwp%2Fv2%2Fcategories&post=22405"},{"taxonomy":"post_tag","embeddable":true,"href":"http:\/\/www.portaldelolleria.es\/index.php?rest_route=%2Fwp%2Fv2%2Ftags&post=22405"}],"curies":[{"name":"wp","href":"https:\/\/api.w.org\/{rel}","templated":true}]}}