{"id":22430,"date":"2019-02-25T20:24:36","date_gmt":"2019-02-25T18:24:36","guid":{"rendered":"http:\/\/www.portaldelolleria.es\/?p=22430"},"modified":"2019-02-25T21:18:22","modified_gmt":"2019-02-25T19:18:22","slug":"azael-tormo-gana-el-francesc-cerda-por-segundo-ano-consecutivo","status":"publish","type":"post","link":"http:\/\/www.portaldelolleria.es\/?p=22430","title":{"rendered":"Azael Tormo gana el \u00abFrancesc Cerd\u00e0\u00bb por segundo a\u00f1o consecutivo"},"content":{"rendered":"<p><a href=\"http:\/\/www.portaldelolleria.es\/wp-content\/uploads\/2019\/02\/fc51.jpg\"><img loading=\"lazy\" class=\"aligncenter size-full wp-image-22436\" title=\"fc5\" src=\"http:\/\/www.portaldelolleria.es\/wp-content\/uploads\/2019\/02\/fc51.jpg\" alt=\"\" width=\"598\" height=\"395\" srcset=\"http:\/\/www.portaldelolleria.es\/wp-content\/uploads\/2019\/02\/fc51.jpg 598w, http:\/\/www.portaldelolleria.es\/wp-content\/uploads\/2019\/02\/fc51-300x198.jpg 300w\" sizes=\"(max-width: 598px) 100vw, 598px\" \/><\/a><\/p>\n<p>&nbsp;<\/p>\n<p><span style=\"color: #333333;\"><em>Ajuntament de l&#8217;Olleria, 25\/0\/2019<\/em><\/span><\/p>\n<p style=\"text-align: justify;\">El compositor<strong> Azael Tormo Mu\u00f1oz<\/strong>, natural de Manuel, se ha alzado con el primer premio del <strong>XV Concurs de m\u00fasica festera Francesc Cerd\u00e0<\/strong> de l&#8217;Oller\u00eda, dotado con 2.000 euros, con la marcha cristiana <strong>Azjama<\/strong>. Cabe destacar que Tormo ya gan\u00f3 la edici\u00f3n del a\u00f1o pasado con la marcha mora Ibn Jazim.<\/p>\n<p style=\"text-align: justify;\">El segundo premio, dotado con 1.000 euros, fue ex aequo para los compositores <strong>Juan Bautista Franc\u00e9s Parra<\/strong>, natural de Beneixama, por la marcha <strong><em>Cavallers del Pas<\/em><\/strong>, y <strong>David Postiguillo Moscard\u00f3<\/strong>, tambi\u00e9n de Manuel, con <strong>La&#8217;Umiy<\/strong>. El premio del p\u00fablico, de 500 euros, fue tambi\u00e9n para Azael Tormo, con la obra Azjama y el acc\u00e9sit para <em><strong>Desperta Almog\u00e0var<\/strong><\/em> de <strong>Jos\u00e9 Miguel Ruiz Navarro<\/strong> de la localidad alicantina de Villena. El jurado estuvo formado por los compositores y directores Tom\u00e1s Gilabert Giner, Jaume F. Ripoll Martins y Jos\u00e9 Vicente Asensi Seva.<\/p>\n<p style=\"text-align: justify;\">Con la entrega de los premios se puso el punto y final a un emotivo concierto de m\u00fasica festera a cargo de la SEM Santa Cecilia de l&#8217;Olleria, un concierto volvi\u00f3 a llenar el Teatro Goya.<\/p>\n<p style=\"text-align: justify;\">_________________________________<\/p>\n<div>\n<div>\n<div>\n<p style=\"text-align: justify;\"><span style=\"color: #003366;\">El compositor <strong>Azael Tormo Mu\u00f1oz<\/strong>, natural\u00a0de Manuel, s\u2019ha al\u00e7at amb el primer premi del <strong>XV Concurs de m\u00fasica festera Francesc Cerd\u00e0 <\/strong>de l\u2019Olleria, dotat amb 2.000 euros, amb la marxa cristiana <strong><em>Azjama<\/em><\/strong><em>. <\/em>Cal destacar que Tormo ja va guanyar l\u2019edici\u00f3 de l\u2019any passat amb la marxa mora <em>Ibn Jazim.<\/em><\/span><\/p>\n<p style=\"text-align: justify;\"><span style=\"color: #003366;\">El segon premi, dotat amb 1.000 euros, va ser ex aequo per als compositors <strong>Juan Bautista Franc\u00e9s Parra<\/strong>, natural de Beneixama, per la marxa <strong><em>Cavallers del Pas<\/em><\/strong>, i <strong>David Postiguillo Moscard\u00f3<\/strong>, tamb\u00e9 de Manuel, amb <strong><em>La\u2019Umiy<\/em><\/strong>. El premi del p\u00fablic, de 500 euros, va ser tamb\u00e9 per a Azael Tormo, amb l\u2019obra\u00a0<em>Azjama<\/em>\u00a0i l\u2019acc\u00e8ssit per a\u00a0<em><strong>Desperta Almog\u00e0var<\/strong><\/em> de <strong>Jos\u00e9 Miguel Ruiz Navarro<\/strong> de la poblaci\u00f3 alacantina de Villena. El jurat va estar format pels compositors i directors Tom\u00e0s Gilabert Giner, Jaume F. Ripoll Martins i Jos\u00e9 Vicente Asensi Seva.<\/span><\/p>\n<p style=\"text-align: justify;\"><span style=\"color: #003366;\">Amb el lliurament dels premis es va posar el punt i final a un emotiu concert de m\u00fasica festera a c\u00e0rrec de la SEM Santa Cec\u00edlia de l\u2019Olleria, un concert que una vegada m\u00e9s va aconseguir omplir el Teatre Goya de gom a gom.<\/span><\/p>\n<p style=\"text-align: justify;\">fotos: Ajuntament de l&#8217;Olleria<\/p>\n<p><a href=\"http:\/\/www.portaldelolleria.es\/wp-content\/uploads\/2019\/02\/fc1.jpg\"><img loading=\"lazy\" class=\"aligncenter size-full wp-image-22431\" title=\"fc1\" src=\"http:\/\/www.portaldelolleria.es\/wp-content\/uploads\/2019\/02\/fc1.jpg\" alt=\"\" width=\"598\" height=\"394\" srcset=\"http:\/\/www.portaldelolleria.es\/wp-content\/uploads\/2019\/02\/fc1.jpg 598w, http:\/\/www.portaldelolleria.es\/wp-content\/uploads\/2019\/02\/fc1-300x197.jpg 300w\" sizes=\"(max-width: 598px) 100vw, 598px\" \/><\/a><\/p>\n<p><a href=\"http:\/\/www.portaldelolleria.es\/wp-content\/uploads\/2019\/02\/fc3.jpg\"><img loading=\"lazy\" class=\"aligncenter size-full wp-image-22432\" title=\"fc3\" src=\"http:\/\/www.portaldelolleria.es\/wp-content\/uploads\/2019\/02\/fc3.jpg\" alt=\"\" width=\"598\" height=\"394\" srcset=\"http:\/\/www.portaldelolleria.es\/wp-content\/uploads\/2019\/02\/fc3.jpg 598w, http:\/\/www.portaldelolleria.es\/wp-content\/uploads\/2019\/02\/fc3-300x197.jpg 300w\" sizes=\"(max-width: 598px) 100vw, 598px\" \/><\/a><\/p>\n<p><a href=\"http:\/\/www.portaldelolleria.es\/wp-content\/uploads\/2019\/02\/fc2.jpg\"><img loading=\"lazy\" class=\"aligncenter size-full wp-image-22433\" title=\"fc2\" src=\"http:\/\/www.portaldelolleria.es\/wp-content\/uploads\/2019\/02\/fc2.jpg\" alt=\"\" width=\"598\" height=\"394\" srcset=\"http:\/\/www.portaldelolleria.es\/wp-content\/uploads\/2019\/02\/fc2.jpg 598w, http:\/\/www.portaldelolleria.es\/wp-content\/uploads\/2019\/02\/fc2-300x197.jpg 300w\" sizes=\"(max-width: 598px) 100vw, 598px\" \/><\/a><\/p>\n<p><a href=\"http:\/\/www.portaldelolleria.es\/wp-content\/uploads\/2019\/02\/fc4.jpg\"><img loading=\"lazy\" class=\"aligncenter size-full wp-image-22434\" title=\"fc4\" src=\"http:\/\/www.portaldelolleria.es\/wp-content\/uploads\/2019\/02\/fc4.jpg\" alt=\"\" width=\"598\" height=\"394\" srcset=\"http:\/\/www.portaldelolleria.es\/wp-content\/uploads\/2019\/02\/fc4.jpg 598w, http:\/\/www.portaldelolleria.es\/wp-content\/uploads\/2019\/02\/fc4-300x197.jpg 300w\" sizes=\"(max-width: 598px) 100vw, 598px\" \/><\/a><\/p>\n<p>&nbsp;<\/p>\n<\/div>\n<\/div>\n<\/div>\n","protected":false},"excerpt":{"rendered":"<p>&nbsp; Ajuntament de l&#8217;Olleria, 25\/0\/2019 El compositor Azael Tormo Mu\u00f1oz, natural de Manuel, se ha alzado con el primer premio del XV Concurs de m\u00fasica festera Francesc Cerd\u00e0 de l&#8217;Oller\u00eda, dotado con 2.000 euros, con la marcha cristiana Azjama. Cabe destacar que Tormo ya gan\u00f3 la edici\u00f3n del a\u00f1o pasado con la marcha mora Ibn [&hellip;]<\/p>\n","protected":false},"author":1,"featured_media":0,"comment_status":"closed","ping_status":"open","sticky":false,"template":"","format":"standard","meta":{"_monsterinsights_skip_tracking":false,"_monsterinsights_sitenote_active":false,"_monsterinsights_sitenote_note":"","_monsterinsights_sitenote_category":0},"categories":[16,12],"tags":[],"_links":{"self":[{"href":"http:\/\/www.portaldelolleria.es\/index.php?rest_route=\/wp\/v2\/posts\/22430"}],"collection":[{"href":"http:\/\/www.portaldelolleria.es\/index.php?rest_route=\/wp\/v2\/posts"}],"about":[{"href":"http:\/\/www.portaldelolleria.es\/index.php?rest_route=\/wp\/v2\/types\/post"}],"author":[{"embeddable":true,"href":"http:\/\/www.portaldelolleria.es\/index.php?rest_route=\/wp\/v2\/users\/1"}],"replies":[{"embeddable":true,"href":"http:\/\/www.portaldelolleria.es\/index.php?rest_route=%2Fwp%2Fv2%2Fcomments&post=22430"}],"version-history":[{"count":3,"href":"http:\/\/www.portaldelolleria.es\/index.php?rest_route=\/wp\/v2\/posts\/22430\/revisions"}],"predecessor-version":[{"id":22438,"href":"http:\/\/www.portaldelolleria.es\/index.php?rest_route=\/wp\/v2\/posts\/22430\/revisions\/22438"}],"wp:attachment":[{"href":"http:\/\/www.portaldelolleria.es\/index.php?rest_route=%2Fwp%2Fv2%2Fmedia&parent=22430"}],"wp:term":[{"taxonomy":"category","embeddable":true,"href":"http:\/\/www.portaldelolleria.es\/index.php?rest_route=%2Fwp%2Fv2%2Fcategories&post=22430"},{"taxonomy":"post_tag","embeddable":true,"href":"http:\/\/www.portaldelolleria.es\/index.php?rest_route=%2Fwp%2Fv2%2Ftags&post=22430"}],"curies":[{"name":"wp","href":"https:\/\/api.w.org\/{rel}","templated":true}]}}