{"id":22443,"date":"2019-02-27T11:59:54","date_gmt":"2019-02-27T09:59:54","guid":{"rendered":"http:\/\/www.portaldelolleria.es\/?p=22443"},"modified":"2019-02-27T12:03:43","modified_gmt":"2019-02-27T10:03:43","slug":"fallas-valencia-martes-5-de-marzo-mascleta-a-cargo-de-pirotecnia-nadal-marti","status":"publish","type":"post","link":"http:\/\/www.portaldelolleria.es\/?p=22443","title":{"rendered":"Fallas Valencia: Martes 5 de marzo, masclet\u00e1 a cargo de Pirotecnia Nadal-Mart\u00ed"},"content":{"rendered":"<p><a href=\"http:\/\/www.portaldelolleria.es\/wp-content\/uploads\/2019\/02\/nm7.jpg\"><img loading=\"lazy\" class=\"aligncenter size-full wp-image-22451\" title=\"nm7\" src=\"http:\/\/www.portaldelolleria.es\/wp-content\/uploads\/2019\/02\/nm7.jpg\" alt=\"\" width=\"598\" height=\"394\" srcset=\"http:\/\/www.portaldelolleria.es\/wp-content\/uploads\/2019\/02\/nm7.jpg 598w, http:\/\/www.portaldelolleria.es\/wp-content\/uploads\/2019\/02\/nm7-300x197.jpg 300w\" sizes=\"(max-width: 598px) 100vw, 598px\" \/><\/a><\/p>\n<p>&nbsp;<\/p>\n<p style=\"text-align: justify;\">La<strong> Pirotecnia Nadal-Mart\u00ed<\/strong> de l\u2019Olleria ser\u00e1 la encargada de disparar la masclet\u00e1\u00a0 de<strong> Fallas 2019<\/strong>, el pr\u00f3ximo <strong>martes 5 de marzo a las 14h\u00a0 desde la plaza del Ayuntamiento de Valencia<\/strong>.<\/p>\n<p style=\"text-align: justify;\"><em>\u00abCuando las falleras mayores den la orden sonara el 3 trueno de aviso dando inicio con traca valenciana pasando a una primera fase a\u00e9rea en disparo digital haciendo rotacion alrededor de la plaza con efectos de sirenas , silbatos , zumbadoras , rel\u00e1mpagos rojos y carcasas de trueno, que dar\u00e1 paso al siguiente tramo de a\u00e9reo instalado en la parte norte de la plaza con 4 fases las cuales iran in crescendo en ritmo calibres y efectos dando un cierre con un potente arrebato\u00bb.<\/em><\/p>\n<p style=\"text-align: justify;\"><em>\u00abEl cuerpo central de la masclet\u00e1 se compone de 5 retenciones las cuales iran con un ritmo trepidante e in crescendo que dara paso a un potente terremoto terrestre de 6 fases que durar\u00e1 aproximadamente 30 segundos . Acto seguid\u00f3 d\u00e1 paso a un potente bombardeo a\u00e9reo alrededor de toda la plaza que durara 15 segundos , disparado desde 14 posiciones y al cual los \u00faltimos 5 segundos se le a\u00f1adiran efectos digitales\u00bb.<\/em><\/p>\n<p style=\"text-align: justify;\"><strong>La familia Nadal Mart\u00ed<\/strong> quiere invitar a todos los vecinos\/as de L\u2019Olleria y comarca a disfrutar el pr\u00f3ximo d\u00eda 5 de la masclet\u00e1 en la plaza del Ayuntamiento de Valencia.<\/p>\n<p style=\"text-align: justify;\">Asi mismo otra gran cita de la empresa pirotecnica ser\u00e1 la masclet\u00e0 del <strong>domingo 17 de marzo, en Alzira<\/strong> con el patrocinio de los supermercados FamilyCash<\/p>\n<p style=\"text-align: justify;\"><a href=\"http:\/\/www.portaldelolleria.es\/wp-content\/uploads\/2019\/02\/nm6.jpg\"><img loading=\"lazy\" class=\"aligncenter size-full wp-image-22450\" title=\"nm6\" src=\"http:\/\/www.portaldelolleria.es\/wp-content\/uploads\/2019\/02\/nm6.jpg\" alt=\"\" width=\"598\" height=\"221\" srcset=\"http:\/\/www.portaldelolleria.es\/wp-content\/uploads\/2019\/02\/nm6.jpg 598w, http:\/\/www.portaldelolleria.es\/wp-content\/uploads\/2019\/02\/nm6-300x110.jpg 300w\" sizes=\"(max-width: 598px) 100vw, 598px\" \/><\/a><\/p>\n<p style=\"text-align: justify;\">____________________________<\/p>\n<p style=\"text-align: justify;\"><span style=\"color: #003366;\">La<strong> Pirot\u00e8cnia Nadal-Mart\u00ed<\/strong> de l&#8217;Olleria ser\u00e0 l&#8217;encarregada de disparar la masclet\u00e0 de Falles 2019, el proper <strong>dimarts 5 de mar\u00e7 a les 14h des de la pla\u00e7a de l&#8217;Ajuntament de Val\u00e8ncia<\/strong>.\u00a0<\/span><\/p>\n<p style=\"text-align: justify;\"><span style=\"color: #003366;\">\u00abQuan les falleres majors donin l&#8217;ordre son\u00e9s el 3 tro d&#8217;av\u00eds donant inici amb traca valenciana passant a una primera fase a\u00e8ria en tret digital fent rotaci\u00f3 al voltant de la pla\u00e7a amb efectes de sirenes, xiulets, zumbadoras, llampecs vermells i carcasses de tro, que donar\u00e0 pas al seg\u00fcent tram de aeri instal\u00b7lat a la part nord de la pla\u00e7a amb 4 fases les quals aniran in crescendo en ritme calibres i efectes donant un tancament amb un potent arravatament \u00ab.<\/span><\/p>\n<p style=\"text-align: justify;\"><span style=\"color: #003366;\">\u00abEl cos central de la masclet\u00e0 es compon de 5 retencions les quals aniran amb un ritme trepidant i in crescendo que donar\u00e0 pas a un potent terratr\u00e8mol terrestre de 6 fases que durar\u00e0 aproximadament 30 segons. Acte seguit d\u00f3na pas a un potent bombardeig aeri al voltant de tota la pla\u00e7a que dur\u00e9s 15 segons, disparat des de 14 posicions i al qual els \u00faltims 5 segons se li afegiran efectes digitals \u00ab.<\/span><\/p>\n<p style=\"text-align: justify;\"><span style=\"color: #003366;\"><strong>La fam\u00edlia Nadal Mart\u00ed<\/strong> vol convidar a tots els ve\u00efns \/ es de l&#8217;Olleria i comarca a gaudir el proper dia 5 de la masclet\u00e0 a la pla\u00e7a de l&#8217;Ajuntament de Val\u00e8ncia.<\/span><\/p>\n<p><span style=\"color: #003366;\">\u00a0Aix\u00ed mateix una altra gran cita de l&#8217;empresa pirot\u00e8cnica ser\u00e0 la masclet\u00e0 de <strong>diumenge 17 de mar\u00e7, a Alzira<\/strong> amb el patrocini dels supermercats FamilyCash<\/span><\/p>\n<p>&nbsp;<\/p>\n<p><span style=\"text-decoration: underline;\"><strong>Calendario mascletaes Fallas 2019<\/strong><\/span><\/p>\n<p>1 de marzo: Pirot\u00e8cnia Pe\u00f1arroja<\/p>\n<p>2 de marzo: Pirot\u00e8cnia Mediterr\u00e1neo<\/p>\n<p>3 de marzo: Pirot\u00e8cnia Alpujarre\u00f1a<\/p>\n<p>4 de marzo: Pirot\u00e8cnia Zaragozana<\/p>\n<p><strong><span style=\"color: #003366;\">5 de marzo: Pirot\u00e8cnia Nadal-Mart\u00ed<\/span><\/strong><\/p>\n<p>6 de marzo: Pirot\u00e8cnia Pibierzo<\/p>\n<p>7 de marzo: Pirot\u00e8cnia Gironina<\/p>\n<p>8 de marzo: Pirotecnia Mart\u00ed<\/p>\n<p>9 de marzo: Pirot\u00e8cnia Aitana<\/p>\n<p>10 de marzo: Pirot\u00e8cnia Hermanos Caballer<\/p>\n<p>11 de marzo: Pirot\u00e8cnia Tom\u00e1s<\/p>\n<p>12 de marzo: Pirot\u00e8cnia Hermanos Ferr\u00e1ndez<\/p>\n<p>13 de marzo: Pirot\u00e8cnia Crespo<\/p>\n<p>14 de marzo: Pirot\u00e8cnia Tur\u00eds<\/p>\n<p>15 de marzo: Pirot\u00e8cnia Zarzoso<\/p>\n<p>16 de marzo: Pirot\u00e8cnia FX Caballer<\/p>\n<p>17 de marzo: Pirot\u00e8cnia Vulcano<\/p>\n<p>18 de marzo: Pirot\u00e8cnia Valenciana<\/p>\n<p>19 de marzo: Ricardo Caballer (Ricasa)<\/p>\n<p>&nbsp;<\/p>\n<p><a href=\"http:\/\/www.portaldelolleria.es\/wp-content\/uploads\/2019\/02\/nm3.jpg\"><img loading=\"lazy\" class=\"aligncenter size-full wp-image-22445\" title=\"nm3\" src=\"http:\/\/www.portaldelolleria.es\/wp-content\/uploads\/2019\/02\/nm3.jpg\" alt=\"\" width=\"598\" height=\"797\" srcset=\"http:\/\/www.portaldelolleria.es\/wp-content\/uploads\/2019\/02\/nm3.jpg 598w, http:\/\/www.portaldelolleria.es\/wp-content\/uploads\/2019\/02\/nm3-225x300.jpg 225w\" sizes=\"(max-width: 598px) 100vw, 598px\" \/><\/a><\/p>\n<p><a href=\"http:\/\/www.portaldelolleria.es\/wp-content\/uploads\/2019\/02\/nm5.jpg\"><img loading=\"lazy\" class=\"aligncenter size-full wp-image-22446\" title=\"nm5\" src=\"http:\/\/www.portaldelolleria.es\/wp-content\/uploads\/2019\/02\/nm5.jpg\" alt=\"\" width=\"598\" height=\"797\" srcset=\"http:\/\/www.portaldelolleria.es\/wp-content\/uploads\/2019\/02\/nm5.jpg 598w, http:\/\/www.portaldelolleria.es\/wp-content\/uploads\/2019\/02\/nm5-225x300.jpg 225w\" sizes=\"(max-width: 598px) 100vw, 598px\" \/><\/a><\/p>\n<p><a href=\"http:\/\/www.portaldelolleria.es\/wp-content\/uploads\/2019\/02\/nm4.jpg\"><img loading=\"lazy\" class=\"aligncenter size-full wp-image-22447\" title=\"nm4\" src=\"http:\/\/www.portaldelolleria.es\/wp-content\/uploads\/2019\/02\/nm4.jpg\" alt=\"\" width=\"598\" height=\"797\" srcset=\"http:\/\/www.portaldelolleria.es\/wp-content\/uploads\/2019\/02\/nm4.jpg 598w, http:\/\/www.portaldelolleria.es\/wp-content\/uploads\/2019\/02\/nm4-225x300.jpg 225w\" sizes=\"(max-width: 598px) 100vw, 598px\" \/><\/a><\/p>\n<p><a href=\"http:\/\/www.portaldelolleria.es\/wp-content\/uploads\/2019\/02\/nm1.jpg\"><img loading=\"lazy\" class=\"aligncenter size-full wp-image-22448\" title=\"nm1\" src=\"http:\/\/www.portaldelolleria.es\/wp-content\/uploads\/2019\/02\/nm1.jpg\" alt=\"\" width=\"598\" height=\"449\" srcset=\"http:\/\/www.portaldelolleria.es\/wp-content\/uploads\/2019\/02\/nm1.jpg 598w, http:\/\/www.portaldelolleria.es\/wp-content\/uploads\/2019\/02\/nm1-300x225.jpg 300w\" sizes=\"(max-width: 598px) 100vw, 598px\" \/><\/a><\/p>\n<p><a href=\"http:\/\/www.portaldelolleria.es\/wp-content\/uploads\/2019\/02\/nm2.jpg\"><img loading=\"lazy\" class=\"aligncenter size-full wp-image-22449\" title=\"nm2\" src=\"http:\/\/www.portaldelolleria.es\/wp-content\/uploads\/2019\/02\/nm2.jpg\" alt=\"\" width=\"598\" height=\"449\" srcset=\"http:\/\/www.portaldelolleria.es\/wp-content\/uploads\/2019\/02\/nm2.jpg 598w, http:\/\/www.portaldelolleria.es\/wp-content\/uploads\/2019\/02\/nm2-300x225.jpg 300w\" sizes=\"(max-width: 598px) 100vw, 598px\" \/><\/a><br \/>\n<iframe loading=\"lazy\" src=\"https:\/\/www.youtube.com\/embed\/PtKfZ2WJvL0\" frameborder=\"0\" width=\"598\" height=\"336\"><\/iframe><\/p>\n","protected":false},"excerpt":{"rendered":"<p>&nbsp; La Pirotecnia Nadal-Mart\u00ed de l\u2019Olleria ser\u00e1 la encargada de disparar la masclet\u00e1\u00a0 de Fallas 2019, el pr\u00f3ximo martes 5 de marzo a las 14h\u00a0 desde la plaza del Ayuntamiento de Valencia. \u00abCuando las falleras mayores den la orden sonara el 3 trueno de aviso dando inicio con traca valenciana pasando a una primera fase [&hellip;]<\/p>\n","protected":false},"author":1,"featured_media":0,"comment_status":"closed","ping_status":"open","sticky":false,"template":"","format":"standard","meta":{"_monsterinsights_skip_tracking":false,"_monsterinsights_sitenote_active":false,"_monsterinsights_sitenote_note":"","_monsterinsights_sitenote_category":0},"categories":[3,12],"tags":[],"_links":{"self":[{"href":"http:\/\/www.portaldelolleria.es\/index.php?rest_route=\/wp\/v2\/posts\/22443"}],"collection":[{"href":"http:\/\/www.portaldelolleria.es\/index.php?rest_route=\/wp\/v2\/posts"}],"about":[{"href":"http:\/\/www.portaldelolleria.es\/index.php?rest_route=\/wp\/v2\/types\/post"}],"author":[{"embeddable":true,"href":"http:\/\/www.portaldelolleria.es\/index.php?rest_route=\/wp\/v2\/users\/1"}],"replies":[{"embeddable":true,"href":"http:\/\/www.portaldelolleria.es\/index.php?rest_route=%2Fwp%2Fv2%2Fcomments&post=22443"}],"version-history":[{"count":4,"href":"http:\/\/www.portaldelolleria.es\/index.php?rest_route=\/wp\/v2\/posts\/22443\/revisions"}],"predecessor-version":[{"id":22454,"href":"http:\/\/www.portaldelolleria.es\/index.php?rest_route=\/wp\/v2\/posts\/22443\/revisions\/22454"}],"wp:attachment":[{"href":"http:\/\/www.portaldelolleria.es\/index.php?rest_route=%2Fwp%2Fv2%2Fmedia&parent=22443"}],"wp:term":[{"taxonomy":"category","embeddable":true,"href":"http:\/\/www.portaldelolleria.es\/index.php?rest_route=%2Fwp%2Fv2%2Fcategories&post=22443"},{"taxonomy":"post_tag","embeddable":true,"href":"http:\/\/www.portaldelolleria.es\/index.php?rest_route=%2Fwp%2Fv2%2Ftags&post=22443"}],"curies":[{"name":"wp","href":"https:\/\/api.w.org\/{rel}","templated":true}]}}