{"id":22475,"date":"2019-03-01T21:41:52","date_gmt":"2019-03-01T19:41:52","guid":{"rendered":"http:\/\/www.portaldelolleria.es\/?p=22475"},"modified":"2019-03-01T21:41:52","modified_gmt":"2019-03-01T19:41:52","slug":"asamblea-general-asociacion-empresarios-de-lolleria","status":"publish","type":"post","link":"http:\/\/www.portaldelolleria.es\/?p=22475","title":{"rendered":"Asamblea general Asociaci\u00f3n Empresarios de l&#8217;Olleria"},"content":{"rendered":"<p style=\"text-align: justify;\"><a href=\"http:\/\/www.portaldelolleria.es\/wp-content\/uploads\/2019\/03\/aemo.jpg\"><img loading=\"lazy\" class=\"aligncenter size-full wp-image-22476\" title=\"aemo\" src=\"http:\/\/www.portaldelolleria.es\/wp-content\/uploads\/2019\/03\/aemo.jpg\" alt=\"\" width=\"598\" height=\"396\" srcset=\"http:\/\/www.portaldelolleria.es\/wp-content\/uploads\/2019\/03\/aemo.jpg 598w, http:\/\/www.portaldelolleria.es\/wp-content\/uploads\/2019\/03\/aemo-300x198.jpg 300w\" sizes=\"(max-width: 598px) 100vw, 598px\" \/><\/a><\/p>\n<p style=\"text-align: justify;\">La Asociaci\u00f3n de Empresarios de l&#8217;Olleria (AEmO) convoca a sus asociados y a todas las personas interesadas en formar parte de la Asociaci\u00f3n, a una asamblea informativa a celebrar en el restaurante MARCH (C\/ Ausias March, 12) de l\u2019Olleria, el <strong>mi\u00e9rcoles 6 de Marzo a las 20:30 horas<\/strong>.<\/p>\n<p style=\"text-align: justify;\">M\u00e1s informaci\u00f3n en la <a href=\"http:\/\/aemolleria.es\/convocatoria-asamblea-cena\/\" target=\"_blank\">web de AEmO<\/a><\/p>\n<p style=\"text-align: justify;\">La <strong>Asociaci\u00f3n de Empresarios de l\u2019Olleria<\/strong>, surge con la idea de reunir empresas del entorno local con el objetivo de unificar los intereses de todas a la hora de promover, incentivar o hacer frente a las diferentes situaciones de caracter socio-econ\u00f3mico que se vayan presentando.<\/p>\n<p style=\"text-align: justify;\">Acciones destinadas a fomentar la recuperaci\u00f3n del \u201cesp\u00edritu emprendedor\u201d que impulse la reanudaci\u00f3n del sector industrial local, asi como la creaci\u00f3n de Comisiones que desarrollen temas espec\u00edficos del inter\u00e9s general de sus asociados.<\/p>\n<p>&nbsp;<\/p>\n","protected":false},"excerpt":{"rendered":"<p>La Asociaci\u00f3n de Empresarios de l&#8217;Olleria (AEmO) convoca a sus asociados y a todas las personas interesadas en formar parte de la Asociaci\u00f3n, a una asamblea informativa a celebrar en el restaurante MARCH (C\/ Ausias March, 12) de l\u2019Olleria, el mi\u00e9rcoles 6 de Marzo a las 20:30 horas. M\u00e1s informaci\u00f3n en la web de AEmO [&hellip;]<\/p>\n","protected":false},"author":1,"featured_media":0,"comment_status":"closed","ping_status":"open","sticky":false,"template":"","format":"standard","meta":{"_monsterinsights_skip_tracking":false,"_monsterinsights_sitenote_active":false,"_monsterinsights_sitenote_note":"","_monsterinsights_sitenote_category":0},"categories":[171,12],"tags":[],"_links":{"self":[{"href":"http:\/\/www.portaldelolleria.es\/index.php?rest_route=\/wp\/v2\/posts\/22475"}],"collection":[{"href":"http:\/\/www.portaldelolleria.es\/index.php?rest_route=\/wp\/v2\/posts"}],"about":[{"href":"http:\/\/www.portaldelolleria.es\/index.php?rest_route=\/wp\/v2\/types\/post"}],"author":[{"embeddable":true,"href":"http:\/\/www.portaldelolleria.es\/index.php?rest_route=\/wp\/v2\/users\/1"}],"replies":[{"embeddable":true,"href":"http:\/\/www.portaldelolleria.es\/index.php?rest_route=%2Fwp%2Fv2%2Fcomments&post=22475"}],"version-history":[{"count":1,"href":"http:\/\/www.portaldelolleria.es\/index.php?rest_route=\/wp\/v2\/posts\/22475\/revisions"}],"predecessor-version":[{"id":22477,"href":"http:\/\/www.portaldelolleria.es\/index.php?rest_route=\/wp\/v2\/posts\/22475\/revisions\/22477"}],"wp:attachment":[{"href":"http:\/\/www.portaldelolleria.es\/index.php?rest_route=%2Fwp%2Fv2%2Fmedia&parent=22475"}],"wp:term":[{"taxonomy":"category","embeddable":true,"href":"http:\/\/www.portaldelolleria.es\/index.php?rest_route=%2Fwp%2Fv2%2Fcategories&post=22475"},{"taxonomy":"post_tag","embeddable":true,"href":"http:\/\/www.portaldelolleria.es\/index.php?rest_route=%2Fwp%2Fv2%2Ftags&post=22475"}],"curies":[{"name":"wp","href":"https:\/\/api.w.org\/{rel}","templated":true}]}}