{"id":22502,"date":"2019-03-04T17:52:19","date_gmt":"2019-03-04T15:52:19","guid":{"rendered":"http:\/\/www.portaldelolleria.es\/?p=22502"},"modified":"2019-03-04T17:52:19","modified_gmt":"2019-03-04T15:52:19","slug":"programa-setmana-de-la-igualtat","status":"publish","type":"post","link":"http:\/\/www.portaldelolleria.es\/?p=22502","title":{"rendered":"Programa \u00abSetmana de la Igualtat\u00bb"},"content":{"rendered":"<p><a href=\"http:\/\/www.portaldelolleria.es\/wp-content\/uploads\/2019\/03\/8M.jpg\"><img loading=\"lazy\" class=\"aligncenter size-full wp-image-22505\" title=\"8M\" src=\"http:\/\/www.portaldelolleria.es\/wp-content\/uploads\/2019\/03\/8M.jpg\" alt=\"\" width=\"598\" height=\"396\" srcset=\"http:\/\/www.portaldelolleria.es\/wp-content\/uploads\/2019\/03\/8M.jpg 598w, http:\/\/www.portaldelolleria.es\/wp-content\/uploads\/2019\/03\/8M-300x198.jpg 300w\" sizes=\"(max-width: 598px) 100vw, 598px\" \/><\/a><\/p>\n<p>&nbsp;<\/p>\n<p style=\"text-align: justify;\"><strong>Semana de la Igualdad 2019<\/strong><\/p>\n<p style=\"text-align: justify;\">Del 4 al 31 de marzo, exposici\u00f3n fotogr\u00e1fica \u00abEndinsar-nos\u00bb en el Teatro Goya, de Paula Lape\u00f1a Momp\u00f3\u00a0 (l&#8217;Olleria 1996)<\/p>\n<p style=\"text-align: justify;\">Martes 5 de marzo\u00a0\u00a0 a las 19h en la Biblioteca Municipal,\u00a0 \u00abcontacontes per adults\u00bb.\u00a0 Mamen Hidalgo presenta\u00a0 \u00abEl comienzo de las 1001 noches\u00bb<\/p>\n<p style=\"text-align: justify;\">Miercoles 6 de marzo.\u00a0 Visita guiada a Otos.\u00a0 Salida a las 9:15h desde las dos paradas de autobuses. Retorno sobre las 13h.\u00a0 Incripciones en la Escuela de Adultos<\/p>\n<p style=\"text-align: justify;\">Miercoles 6 de marzo. Cine\u00a0 \u00abCarmen y Lola\u00bb a las 19 h en el Cine Goya<\/p>\n<p style=\"text-align: justify;\">S\u00e1bado 9 de marzo.\u00a0 a las 20h en el Teatro Goya,\u00a0 \u00abEst\u00e0ndards d&#8217;elles\u00bb.\u00a0 Concierto a cargo de Eva Romero sobre repertorio de temas\u00a0 creados por compositorias<\/p>\n<p style=\"text-align: justify;\">Domingo 10 de marzo a las 18h\u00a0 mon\u00f3logo a cargo de Paula Lloren\u00e7 que presentar\u00e1 la obra\u00a0 \u00abhistoria de una maestra\u00bb<\/p>\n<p style=\"text-align: justify;\">Jueves 14 de marzo\u00a0 Taller para alumnos del IES Vermellar dentro de la campa\u00f1a \u00abser dona al sud\u00bb<\/p>\n<p style=\"text-align: justify;\">S\u00e1bado 16 de marzo a las 20h en el Teatro Goya,\u00a0 Nia Mas y Marta Sitj\u00e0 (las XL) presenta la obra teatral \u00ababand\u00f3nate mucho\u00bb<\/p>\n<p style=\"text-align: justify;\"><strong>____________________________<\/strong><\/p>\n<p style=\"text-align: justify;\"><span style=\"color: #003366;\"><strong>Setmana de la Igualtat 2019<\/strong><\/span><\/p>\n<p><span style=\"color: #003366;\">Del 4 al 31 de mar\u00e7, exposici\u00f3 fotogr\u00e0fica \u00abEndinsar-nos\u00bb al Teatre Goya, de Paula Lape\u00f1a Momp\u00f3 (l&#8217;Olleria 1996)<\/span><\/p>\n<p><span style=\"color: #003366;\">Dimarts 5 de mar\u00e7 a les 19h a la Biblioteca Municipal, \u00abcontacontes per adults\u00bb. Mamen Hidalgo presenta \u00abEl comen\u00e7ament de les 1001 nits\u00bb<\/span><\/p>\n<p><span style=\"color: #003366;\">Dimecres 6 de mar\u00e7. Visita guiada a Otos. Sortida a les 9: 15h des de les dues parades d&#8217;autobusos. Retorn sobre les 13h. Incripcions a l&#8217;Escola d&#8217;Adults<\/span><\/p>\n<p><span style=\"color: #003366;\">Dimecres 6 de mar\u00e7. Cinema \u00abCarmen i Lola\u00bb a les 19 h al Cine Goya<\/span><\/p>\n<p><span style=\"color: #003366;\">Dissabte 9 de mar\u00e7. a les 20h al Teatre Goya, \u00abEst\u00e0ndards d&#8217;elles\u00bb. Concert a c\u00e0rrec d&#8217;Eva Romero sobre repertori de temes creats per compositorias<\/span><\/p>\n<p><span style=\"color: #003366;\">Diumenge 10 de mar\u00e7 a les 18h mon\u00f2leg a c\u00e0rrec de Paula Lloren\u00e7 que presentar\u00e0 l&#8217;obra \u00abhist\u00f2ria d&#8217;una mestra\u00bb<\/span><\/p>\n<p><span style=\"color: #003366;\">Dijous 14 de mar\u00e7 Taller per alumnes de l&#8217;IES Vermellar dins de la campanya \u00abser dona al sud\u00bb<\/span><\/p>\n<p><span style=\"color: #003366;\">Dissabte 16 de mar\u00e7 a les 20h al Teatre Goya, Nia Mas i Marta Sitj\u00e0 (les XL) presenta l&#8217;obra teatral \u00ababandona&#8217;t molt\u00bb<\/span><\/p>\n<p style=\"text-align: justify;\"><a href=\"http:\/\/www.portaldelolleria.es\/wp-content\/uploads\/2019\/03\/donas2.jpg\"><img loading=\"lazy\" class=\"aligncenter size-full wp-image-22503\" title=\"donas2\" src=\"http:\/\/www.portaldelolleria.es\/wp-content\/uploads\/2019\/03\/donas2.jpg\" alt=\"\" width=\"585\" height=\"740\" srcset=\"http:\/\/www.portaldelolleria.es\/wp-content\/uploads\/2019\/03\/donas2.jpg 585w, http:\/\/www.portaldelolleria.es\/wp-content\/uploads\/2019\/03\/donas2-237x300.jpg 237w\" sizes=\"(max-width: 585px) 100vw, 585px\" \/><\/a><\/p>\n<p style=\"text-align: justify;\"><a href=\"http:\/\/www.portaldelolleria.es\/wp-content\/uploads\/2019\/03\/donas1.jpg\"><img loading=\"lazy\" class=\"aligncenter size-full wp-image-22504\" title=\"donas1\" src=\"http:\/\/www.portaldelolleria.es\/wp-content\/uploads\/2019\/03\/donas1.jpg\" alt=\"\" width=\"562\" height=\"735\" srcset=\"http:\/\/www.portaldelolleria.es\/wp-content\/uploads\/2019\/03\/donas1.jpg 562w, http:\/\/www.portaldelolleria.es\/wp-content\/uploads\/2019\/03\/donas1-229x300.jpg 229w\" sizes=\"(max-width: 562px) 100vw, 562px\" \/><\/a><\/p>\n","protected":false},"excerpt":{"rendered":"<p>&nbsp; Semana de la Igualdad 2019 Del 4 al 31 de marzo, exposici\u00f3n fotogr\u00e1fica \u00abEndinsar-nos\u00bb en el Teatro Goya, de Paula Lape\u00f1a Momp\u00f3\u00a0 (l&#8217;Olleria 1996) Martes 5 de marzo\u00a0\u00a0 a las 19h en la Biblioteca Municipal,\u00a0 \u00abcontacontes per adults\u00bb.\u00a0 Mamen Hidalgo presenta\u00a0 \u00abEl comienzo de las 1001 noches\u00bb Miercoles 6 de marzo.\u00a0 Visita guiada a [&hellip;]<\/p>\n","protected":false},"author":1,"featured_media":0,"comment_status":"closed","ping_status":"open","sticky":false,"template":"","format":"standard","meta":{"_monsterinsights_skip_tracking":false,"_monsterinsights_sitenote_active":false,"_monsterinsights_sitenote_note":"","_monsterinsights_sitenote_category":0},"categories":[3,12],"tags":[],"_links":{"self":[{"href":"http:\/\/www.portaldelolleria.es\/index.php?rest_route=\/wp\/v2\/posts\/22502"}],"collection":[{"href":"http:\/\/www.portaldelolleria.es\/index.php?rest_route=\/wp\/v2\/posts"}],"about":[{"href":"http:\/\/www.portaldelolleria.es\/index.php?rest_route=\/wp\/v2\/types\/post"}],"author":[{"embeddable":true,"href":"http:\/\/www.portaldelolleria.es\/index.php?rest_route=\/wp\/v2\/users\/1"}],"replies":[{"embeddable":true,"href":"http:\/\/www.portaldelolleria.es\/index.php?rest_route=%2Fwp%2Fv2%2Fcomments&post=22502"}],"version-history":[{"count":1,"href":"http:\/\/www.portaldelolleria.es\/index.php?rest_route=\/wp\/v2\/posts\/22502\/revisions"}],"predecessor-version":[{"id":22506,"href":"http:\/\/www.portaldelolleria.es\/index.php?rest_route=\/wp\/v2\/posts\/22502\/revisions\/22506"}],"wp:attachment":[{"href":"http:\/\/www.portaldelolleria.es\/index.php?rest_route=%2Fwp%2Fv2%2Fmedia&parent=22502"}],"wp:term":[{"taxonomy":"category","embeddable":true,"href":"http:\/\/www.portaldelolleria.es\/index.php?rest_route=%2Fwp%2Fv2%2Fcategories&post=22502"},{"taxonomy":"post_tag","embeddable":true,"href":"http:\/\/www.portaldelolleria.es\/index.php?rest_route=%2Fwp%2Fv2%2Ftags&post=22502"}],"curies":[{"name":"wp","href":"https:\/\/api.w.org\/{rel}","templated":true}]}}