{"id":22529,"date":"2019-03-08T21:07:08","date_gmt":"2019-03-08T19:07:08","guid":{"rendered":"http:\/\/www.portaldelolleria.es\/?p=22529"},"modified":"2019-03-08T21:07:08","modified_gmt":"2019-03-08T19:07:08","slug":"democrates-ficha-al-exportavoz-socialista-de-lolleria-como-candidato","status":"publish","type":"post","link":"http:\/\/www.portaldelolleria.es\/?p=22529","title":{"rendered":"Democr\u00e0tes ficha al exportavoz socialista de l&#8217;Olleria como candidato"},"content":{"rendered":"<p style=\"text-align: justify;\"><a href=\"http:\/\/www.portaldelolleria.es\/wp-content\/uploads\/2019\/03\/DV-OLLERIA2.jpg\"><img loading=\"lazy\" class=\"aligncenter size-full wp-image-22530\" title=\"DV OLLERIA2\" src=\"http:\/\/www.portaldelolleria.es\/wp-content\/uploads\/2019\/03\/DV-OLLERIA2.jpg\" alt=\"\" width=\"598\" height=\"388\" srcset=\"http:\/\/www.portaldelolleria.es\/wp-content\/uploads\/2019\/03\/DV-OLLERIA2.jpg 598w, http:\/\/www.portaldelolleria.es\/wp-content\/uploads\/2019\/03\/DV-OLLERIA2-300x194.jpg 300w\" sizes=\"(max-width: 598px) 100vw, 598px\" \/><\/a><\/p>\n<p style=\"text-align: justify;\">\n<h3 style=\"text-align: justify;\">El regidor David Mill\u00e1n inicialmente planeaba presentarse con Poble Democr\u00e0tic, pero finalmente se ha incorporado al partido de C\u00e0ndid Penalba<\/h3>\n<p style=\"text-align: justify;\">levante-emv l&#8217;olleria 08.03.2019 | 11:18<\/p>\n<p style=\"text-align: justify;\">Dem\u00f2crates Valencians ha anunciado hoy que concurrir\u00e1 a las elecciones municipales del 26 de mayo en l&#8217;Olleria. Y lo har\u00e1 con el exportavoz socialista en el ayuntamiento, David Mill\u00e1n, como cabeza de lista.\u00a0 <span style=\"font-size: small;\">El comit\u00e9 electoral de la formaci\u00f3n valencianista que se define de centro, encabezado por el secretario de organizaci\u00f3n Llu\u00eds Bertomeu y los responsables comarcales de la Vall d&#8217;Albaida C\u00e0ndid Penalba y Blai Va\u00f1\u00f3, cerr\u00f3 ayer en la localidad la incorporaci\u00f3n del concejal, que hace unas semanas se dio de baja del PSPV pero que se ha aferrado a su acta como regidor no adscrito.<\/p>\n<p>En un comunicado, Dem\u00f2crates Valencians asegura que el proyecto socialista e<\/span><span style=\"font-size: small;\">n L&#8217;Olleria \u00abest\u00e1 agotado\u00bb y que en el municipio se necesita \u00abuna renovaci\u00f3n en las estructuras pol\u00edticas\u00bb. La fuerza sostiene que el \u00abcompromiso p\u00fablico y vocaci\u00f3n de servicio con la ciudadan\u00eda\u00bb gu\u00edan a Mill\u00e1n.<\/span><\/p>\n<p style=\"text-align: justify;\">El exportavoz socialista inicialmente ten\u00eda la intenci\u00f3n de concurrir a los comicios del 26 de mayo bajo la marca de Poble Democr\u00e0tic, con cuya direcci\u00f3n contact\u00f3 junto a otros compa\u00f1eros para crear una candidatura. El concejal lleg\u00f3 a crear una marca en las redes sociales para anunciar su proyecto alternativo con esta formaci\u00f3n, pero finalmente ha terminado dando marcha atr\u00e1s. La p\u00e1gina de \u00abPoble l&#8217;Olleria\u00bb fue eliminada un d\u00eda despu\u00e9s de revelar este diario los planes del edil.<\/p>\n<p>D\u00edas m\u00e1s tarde, Poble Democr\u00e0tic denunci\u00f3 supuestas presiones para que la formaci\u00f3n no aterrizara en l&#8217;Olleria culpando \u00aba los medios de comunicaci\u00f3n\u00bb y al alcalde de la localidad.<\/p>\n<p style=\"text-align: justify;\">Finalmente, Mill\u00e1n ha recalado en <a href=\"https:\/\/democratesvalencians.org\/qui-som\/\">Democr\u00e0tes Valencians<\/a>, una fuerza valencianista en plena fase de expansi\u00f3n. En la Costera tiene representaci\u00f3n en Cerd\u00e0.<\/p>\n<p>El regidora asegura que se trata de \u00abuna alternativa de centro, sobre todo que defienda los intereses de todos los valencianos y valencianas, es en la que me siento identificado\u00bb. \u00abUn partido Valencianista, municipalista, moderado, realista, progresista, europe\u00edsta y sobretodo dem\u00f3crata\u00bb, sostiene .<\/p>\n<p style=\"text-align: justify;\" align=\"justify\">\u00abMi intenci\u00f3n es sumar, por eso quiero hacer un gui\u00f1o a toda la gente que este decepcionada como yo, en los grandes partidos, que trabajemos por un proyecto com\u00fan local valencianista para nuestra poblaci\u00f3n, quit\u00e1ndonos las etiquetas de los grandes partidos tradicionales y trabajar todos juntos en un proyecto ilusionante para l\u00b4Olleria\u00bb, ha declarado el concejal, que culpa a Comprom\u00eds de incumplir el pacto de gobierno con los socialistas.<\/p>\n<p style=\"text-align: justify;\" align=\"justify\">\n<p style=\"text-align: justify;\" align=\"justify\">fuente:\u00a0<a href=\"https:\/\/www.levante-emv.com\/costera\/2019\/03\/08\/democrates-valencians-ficha-exportavoz-socialista\/1845718.html?fbclid=IwAR1P4OSNlk8D3Q9RzxzuxqGu-NfQClD4dl5oAtyfdTiQe9kvlyWt6oyPx8A\" target=\"_blank\"> Levante EMV<\/a><\/p>\n<p>&nbsp;<\/p>\n<p>&nbsp;<\/p>\n","protected":false},"excerpt":{"rendered":"<p>El regidor David Mill\u00e1n inicialmente planeaba presentarse con Poble Democr\u00e0tic, pero finalmente se ha incorporado al partido de C\u00e0ndid Penalba levante-emv l&#8217;olleria 08.03.2019 | 11:18 Dem\u00f2crates Valencians ha anunciado hoy que concurrir\u00e1 a las elecciones municipales del 26 de mayo en l&#8217;Olleria. Y lo har\u00e1 con el exportavoz socialista en el ayuntamiento, David Mill\u00e1n, como [&hellip;]<\/p>\n","protected":false},"author":1,"featured_media":0,"comment_status":"closed","ping_status":"open","sticky":false,"template":"","format":"standard","meta":{"_monsterinsights_skip_tracking":false,"_monsterinsights_sitenote_active":false,"_monsterinsights_sitenote_note":"","_monsterinsights_sitenote_category":0},"categories":[3,12],"tags":[],"_links":{"self":[{"href":"http:\/\/www.portaldelolleria.es\/index.php?rest_route=\/wp\/v2\/posts\/22529"}],"collection":[{"href":"http:\/\/www.portaldelolleria.es\/index.php?rest_route=\/wp\/v2\/posts"}],"about":[{"href":"http:\/\/www.portaldelolleria.es\/index.php?rest_route=\/wp\/v2\/types\/post"}],"author":[{"embeddable":true,"href":"http:\/\/www.portaldelolleria.es\/index.php?rest_route=\/wp\/v2\/users\/1"}],"replies":[{"embeddable":true,"href":"http:\/\/www.portaldelolleria.es\/index.php?rest_route=%2Fwp%2Fv2%2Fcomments&post=22529"}],"version-history":[{"count":1,"href":"http:\/\/www.portaldelolleria.es\/index.php?rest_route=\/wp\/v2\/posts\/22529\/revisions"}],"predecessor-version":[{"id":22531,"href":"http:\/\/www.portaldelolleria.es\/index.php?rest_route=\/wp\/v2\/posts\/22529\/revisions\/22531"}],"wp:attachment":[{"href":"http:\/\/www.portaldelolleria.es\/index.php?rest_route=%2Fwp%2Fv2%2Fmedia&parent=22529"}],"wp:term":[{"taxonomy":"category","embeddable":true,"href":"http:\/\/www.portaldelolleria.es\/index.php?rest_route=%2Fwp%2Fv2%2Fcategories&post=22529"},{"taxonomy":"post_tag","embeddable":true,"href":"http:\/\/www.portaldelolleria.es\/index.php?rest_route=%2Fwp%2Fv2%2Ftags&post=22529"}],"curies":[{"name":"wp","href":"https:\/\/api.w.org\/{rel}","templated":true}]}}