{"id":22532,"date":"2019-03-08T21:09:45","date_gmt":"2019-03-08T19:09:45","guid":{"rendered":"http:\/\/www.portaldelolleria.es\/?p=22532"},"modified":"2019-03-08T21:09:51","modified_gmt":"2019-03-08T19:09:51","slug":"ramon-vidal-candidato-a-la-alcaldia-de-l%e2%80%99olleria","status":"publish","type":"post","link":"http:\/\/www.portaldelolleria.es\/?p=22532","title":{"rendered":"Ram\u00f3n Vidal candidato a la Alcald\u00eda de l\u2019Olleria"},"content":{"rendered":"<p style=\"text-align: justify;\"><a href=\"http:\/\/www.portaldelolleria.es\/wp-content\/uploads\/2019\/03\/rv.jpg\"><img loading=\"lazy\" class=\"aligncenter size-full wp-image-22533\" title=\"rv\" src=\"http:\/\/www.portaldelolleria.es\/wp-content\/uploads\/2019\/03\/rv.jpg\" alt=\"\" width=\"598\" height=\"357\" srcset=\"http:\/\/www.portaldelolleria.es\/wp-content\/uploads\/2019\/03\/rv.jpg 598w, http:\/\/www.portaldelolleria.es\/wp-content\/uploads\/2019\/03\/rv-300x179.jpg 300w\" sizes=\"(max-width: 598px) 100vw, 598px\" \/><\/a><\/p>\n<p style=\"text-align: justify;\">Elecciones 2019, El PPVAL aprueba el nombramiento de Ram\u00f3n Vidal como candidato a la Alcald\u00eda de l\u2019Olleria<\/p>\n<p style=\"text-align: justify;\">\u2022 Actualmente es concejal del Ayuntamiento y es un \u201cperfecto conocedor de las necesidades de la localidad\u201d<br \/>\n\u2022 El PP apuesta por un perfil \u201crenovador y muy integrado en l\u2019Olleria\u201d<\/p>\n<p style=\"text-align: justify;\">7. mar. 19<br \/>\nLa gestora del PP de la provincia de Valencia ha aprobado el nombramiento de Ram\u00f3n Vidal como candidato a la Alcald\u00eda de l\u2019Olleria que abrir\u00e1 un \u201cproceso de modernizaci\u00f3n e inversiones necesarias en la localidad que no se han abordado en esta legislatura\u201d<\/p>\n<p style=\"text-align: justify;\">Ram\u00f3n Vidal, de 35 a\u00f1os de edad, es maestro de educaci\u00f3n primaria y una apuesta del partido \u201cpor un perfil joven, renovador y muy integrado en l\u2019Olleria\u201d. Actualmente ocupa el puesto como concejal en el Ayuntamiento de la localidad realizando tareas de oposici\u00f3n en una corporaci\u00f3n en la que \u201cel alcalde y los socios de gobierno no han dado respuesta a los problemas de los ciudadanos\u201d.<\/p>\n<p style=\"text-align: justify;\">La gestora ha valorado \u201cla implicaci\u00f3n de Vidal en el municipio y lo ha definido como una garant\u00eda para los vecinos de l\u2019Olleria porque es un perfecto conocedor de las necesidades de la localidad\u201d.<\/p>\n<p style=\"text-align: justify;\">Vidal considera que en esta legislatura ha habido \u201cun enorme abandono en materia de mantenimiento de infraestructuras en la localidad\u201d, entre ellas las zonas ajardinadas o la carretera de acceso a l\u2019Olleria donde se han producido \u201cgraves desperfectos\u201d sin que el equipo de gobierno que capitanea Comprom\u00eds y tampoco la Diputaci\u00f3n de Valencia hayan sido capaces de subsanarlos.<\/p>\n<p style=\"text-align: justify;\">La suciedad es otra de las principales cr\u00edticas de los vecinos que han visto como la falta de limpieza ha sido una constante durante toda la legislatura. De igual modo, el PP va a acabar con los actos de propaganda catalanista que el Ayuntamiento ha impulsado como sucedi\u00f3 durante las fiestas laicas de la Magdalena.<\/p>\n<p style=\"text-align: justify;\">La elecci\u00f3n de Ram\u00f3n Vidal ha contado con el apoyo expreso del partido en l\u2019Olleria que preside Javier Albero y que ha desembocado en una labor de \u201cunidad de la formaci\u00f3n con vistas a las elecciones municipales del pr\u00f3ximo 26 de mayo\u201d, cuesti\u00f3n que se ha reconocido desde la gestora provincial.<\/p>\n<p style=\"text-align: justify;\">fuente: <a href=\"http:\/\/ppolleria.es\/2019\/03\/07\/ramon-vidal-candidato-a-la-alcaldia-de-lolleria\/\" target=\"_blank\">PPOlleria<\/a><\/p>\n","protected":false},"excerpt":{"rendered":"<p>Elecciones 2019, El PPVAL aprueba el nombramiento de Ram\u00f3n Vidal como candidato a la Alcald\u00eda de l\u2019Olleria \u2022 Actualmente es concejal del Ayuntamiento y es un \u201cperfecto conocedor de las necesidades de la localidad\u201d \u2022 El PP apuesta por un perfil \u201crenovador y muy integrado en l\u2019Olleria\u201d 7. mar. 19 La gestora del PP de [&hellip;]<\/p>\n","protected":false},"author":1,"featured_media":0,"comment_status":"closed","ping_status":"open","sticky":false,"template":"","format":"standard","meta":{"_monsterinsights_skip_tracking":false,"_monsterinsights_sitenote_active":false,"_monsterinsights_sitenote_note":"","_monsterinsights_sitenote_category":0},"categories":[3,12],"tags":[],"_links":{"self":[{"href":"http:\/\/www.portaldelolleria.es\/index.php?rest_route=\/wp\/v2\/posts\/22532"}],"collection":[{"href":"http:\/\/www.portaldelolleria.es\/index.php?rest_route=\/wp\/v2\/posts"}],"about":[{"href":"http:\/\/www.portaldelolleria.es\/index.php?rest_route=\/wp\/v2\/types\/post"}],"author":[{"embeddable":true,"href":"http:\/\/www.portaldelolleria.es\/index.php?rest_route=\/wp\/v2\/users\/1"}],"replies":[{"embeddable":true,"href":"http:\/\/www.portaldelolleria.es\/index.php?rest_route=%2Fwp%2Fv2%2Fcomments&post=22532"}],"version-history":[{"count":2,"href":"http:\/\/www.portaldelolleria.es\/index.php?rest_route=\/wp\/v2\/posts\/22532\/revisions"}],"predecessor-version":[{"id":22535,"href":"http:\/\/www.portaldelolleria.es\/index.php?rest_route=\/wp\/v2\/posts\/22532\/revisions\/22535"}],"wp:attachment":[{"href":"http:\/\/www.portaldelolleria.es\/index.php?rest_route=%2Fwp%2Fv2%2Fmedia&parent=22532"}],"wp:term":[{"taxonomy":"category","embeddable":true,"href":"http:\/\/www.portaldelolleria.es\/index.php?rest_route=%2Fwp%2Fv2%2Fcategories&post=22532"},{"taxonomy":"post_tag","embeddable":true,"href":"http:\/\/www.portaldelolleria.es\/index.php?rest_route=%2Fwp%2Fv2%2Ftags&post=22532"}],"curies":[{"name":"wp","href":"https:\/\/api.w.org\/{rel}","templated":true}]}}