{"id":22581,"date":"2019-03-25T16:00:49","date_gmt":"2019-03-25T14:00:49","guid":{"rendered":"http:\/\/www.portaldelolleria.es\/?p=22581"},"modified":"2019-03-25T16:02:53","modified_gmt":"2019-03-25T14:02:53","slug":"traslado-del-stmo-cristo-de-la-palma-a-la-ermita","status":"publish","type":"post","link":"http:\/\/www.portaldelolleria.es\/?p=22581","title":{"rendered":"Traslado del Stmo. Cristo de La Palma a la Ermita"},"content":{"rendered":"<p><img loading=\"lazy\" class=\"aligncenter size-full wp-image-22585\" title=\"traslado\" src=\"http:\/\/www.portaldelolleria.es\/wp-content\/uploads\/2019\/03\/traslado.jpg\" alt=\"\" width=\"598\" height=\"396\" srcset=\"http:\/\/www.portaldelolleria.es\/wp-content\/uploads\/2019\/03\/traslado.jpg 598w, http:\/\/www.portaldelolleria.es\/wp-content\/uploads\/2019\/03\/traslado-300x198.jpg 300w\" sizes=\"(max-width: 598px) 100vw, 598px\" \/><\/p>\n<p style=\"text-align: justify;\">\n<p style=\"text-align: justify;\">Este s\u00e1bado, la Iglesia Parroquial celebr\u00f3 la \u00faltima misa del novenario, que cont\u00f3 con la presencia del Obispo Auxiliar de Valencia, D. Arturo Ros Murgades,\u00a0 que procedi\u00f3 a la bendici\u00f3n de la campana restaurada Sant Vicent Ferrer (Loreto), as\u00ed como en el traslado del Stmo. Cristo de La Palma a la ermita,\u00a0 asi como la bendici\u00f3n de la restauraci\u00f3n de la capilla que albergar\u00e1 a la im\u00e1gen hasta su salida en Semana Santa.<\/p>\n<p style=\"text-align: justify;\">El acto multitudinario cont\u00f3 con la participaci\u00f3n de la banda y el coro de la AEM La Nova,\u00a0 adem\u00e1s del coro parroquial.<\/p>\n<p style=\"text-align: justify;\">____________________________<\/p>\n<p style=\"text-align: justify;\"><span style=\"color: #003366;\">Aquest dissabte, l&#8217;Esgl\u00e9sia Parroquial va celebrar l&#8217;\u00faltima missa del novenari, que va comptar amb la pres\u00e8ncia del Bisbe Auxiliar de Val\u00e8ncia, D. Arturo Ros Murgades, que va procedir a la benedicci\u00f3 de la campana restaurada Sant Vicent Ferrer (Loreto), aix\u00ed com en el trasllat del Stm. Crist de la Palma a l&#8217;ermita, aix\u00ed com la benedicci\u00f3 de la restauraci\u00f3 de la capella que albergar\u00e0 a la imatge fins a la seva sortida per Setmana Santa.<\/span><\/p>\n<p style=\"text-align: justify;\"><span style=\"color: #003366;\">L&#8217;acte multitudinari va comptar amb la participaci\u00f3 de la banda i el cor de l&#8217;AEM La Nova, a m\u00e9s del cor parroquial.<\/span><\/p>\n<p><a href=\"https:\/\/www.flickr.com\/photos\/162906402@N05\/albums\/72157679527869868\" target=\"_blank\"><img loading=\"lazy\" class=\"aligncenter size-full wp-image-22582\" title=\"trascristpalma2019_0012\" src=\"http:\/\/www.portaldelolleria.es\/wp-content\/uploads\/2019\/03\/trascristpalma2019_0012.jpg\" alt=\"\" width=\"598\" height=\"257\" srcset=\"http:\/\/www.portaldelolleria.es\/wp-content\/uploads\/2019\/03\/trascristpalma2019_0012.jpg 598w, http:\/\/www.portaldelolleria.es\/wp-content\/uploads\/2019\/03\/trascristpalma2019_0012-300x128.jpg 300w\" sizes=\"(max-width: 598px) 100vw, 598px\" \/><\/a><br \/>\n<iframe loading=\"lazy\" src=\"https:\/\/www.youtube.com\/embed\/PIzdQvJNtCI\" frameborder=\"0\" width=\"598\" height=\"336\"><\/iframe><\/p>\n<p><iframe loading=\"lazy\" src=\"https:\/\/www.youtube.com\/embed\/VW_RKx0Fgr4\" frameborder=\"0\" width=\"598\" height=\"336\"><\/iframe><\/p>\n<p>&nbsp;<\/p>\n<p><img loading=\"lazy\" class=\"aligncenter size-full wp-image-22584\" title=\"trascristpalma2019\" src=\"http:\/\/www.portaldelolleria.es\/wp-content\/uploads\/2019\/03\/trascristpalma20191.jpg\" alt=\"\" width=\"598\" height=\"387\" srcset=\"http:\/\/www.portaldelolleria.es\/wp-content\/uploads\/2019\/03\/trascristpalma20191.jpg 598w, http:\/\/www.portaldelolleria.es\/wp-content\/uploads\/2019\/03\/trascristpalma20191-300x194.jpg 300w\" sizes=\"(max-width: 598px) 100vw, 598px\" \/><\/p>\n","protected":false},"excerpt":{"rendered":"<p>Este s\u00e1bado, la Iglesia Parroquial celebr\u00f3 la \u00faltima misa del novenario, que cont\u00f3 con la presencia del Obispo Auxiliar de Valencia, D. Arturo Ros Murgades,\u00a0 que procedi\u00f3 a la bendici\u00f3n de la campana restaurada Sant Vicent Ferrer (Loreto), as\u00ed como en el traslado del Stmo. Cristo de La Palma a la ermita,\u00a0 asi como la [&hellip;]<\/p>\n","protected":false},"author":1,"featured_media":0,"comment_status":"closed","ping_status":"open","sticky":false,"template":"","format":"standard","meta":{"_monsterinsights_skip_tracking":false,"_monsterinsights_sitenote_active":false,"_monsterinsights_sitenote_note":"","_monsterinsights_sitenote_category":0},"categories":[16,12],"tags":[],"_links":{"self":[{"href":"http:\/\/www.portaldelolleria.es\/index.php?rest_route=\/wp\/v2\/posts\/22581"}],"collection":[{"href":"http:\/\/www.portaldelolleria.es\/index.php?rest_route=\/wp\/v2\/posts"}],"about":[{"href":"http:\/\/www.portaldelolleria.es\/index.php?rest_route=\/wp\/v2\/types\/post"}],"author":[{"embeddable":true,"href":"http:\/\/www.portaldelolleria.es\/index.php?rest_route=\/wp\/v2\/users\/1"}],"replies":[{"embeddable":true,"href":"http:\/\/www.portaldelolleria.es\/index.php?rest_route=%2Fwp%2Fv2%2Fcomments&post=22581"}],"version-history":[{"count":3,"href":"http:\/\/www.portaldelolleria.es\/index.php?rest_route=\/wp\/v2\/posts\/22581\/revisions"}],"predecessor-version":[{"id":22587,"href":"http:\/\/www.portaldelolleria.es\/index.php?rest_route=\/wp\/v2\/posts\/22581\/revisions\/22587"}],"wp:attachment":[{"href":"http:\/\/www.portaldelolleria.es\/index.php?rest_route=%2Fwp%2Fv2%2Fmedia&parent=22581"}],"wp:term":[{"taxonomy":"category","embeddable":true,"href":"http:\/\/www.portaldelolleria.es\/index.php?rest_route=%2Fwp%2Fv2%2Fcategories&post=22581"},{"taxonomy":"post_tag","embeddable":true,"href":"http:\/\/www.portaldelolleria.es\/index.php?rest_route=%2Fwp%2Fv2%2Ftags&post=22581"}],"curies":[{"name":"wp","href":"https:\/\/api.w.org\/{rel}","templated":true}]}}