{"id":22600,"date":"2019-03-28T22:18:50","date_gmt":"2019-03-28T20:18:50","guid":{"rendered":"http:\/\/www.portaldelolleria.es\/?p=22600"},"modified":"2019-03-28T22:20:14","modified_gmt":"2019-03-28T20:20:14","slug":"feria-de-libro-y-entrega-de-los-premios-sambori-este-sabado","status":"publish","type":"post","link":"http:\/\/www.portaldelolleria.es\/?p=22600","title":{"rendered":"Feria de Libro y entrega de los premios Sambori este s\u00e1bado"},"content":{"rendered":"<p><a href=\"http:\/\/www.portaldelolleria.es\/wp-content\/uploads\/2019\/03\/dia-del-libro41.jpg\"><img loading=\"lazy\" class=\"aligncenter size-full wp-image-22603\" title=\"dia-del-libro41\" src=\"http:\/\/www.portaldelolleria.es\/wp-content\/uploads\/2019\/03\/dia-del-libro41.jpg\" alt=\"\" width=\"598\" height=\"398\" srcset=\"http:\/\/www.portaldelolleria.es\/wp-content\/uploads\/2019\/03\/dia-del-libro41.jpg 598w, http:\/\/www.portaldelolleria.es\/wp-content\/uploads\/2019\/03\/dia-del-libro41-300x199.jpg 300w\" sizes=\"(max-width: 598px) 100vw, 598px\" \/><\/a><\/p>\n<p style=\"text-align: justify;\">Este s\u00e1bado, l&#8217;Olleria celebrar\u00e1 dos importantes citas con el mundo literario,\u00a0\u00a0 la Fira del Llibre 2019\u00a0 y\u00a0 la XXI edici\u00f3n de la entrega de los premios Sambori.<\/p>\n<p style=\"text-align: justify;\"><strong>Fira del llibre 2019.<\/strong><\/p>\n<p style=\"text-align: justify;\">Se celebrar\u00e1 en la plaza de Loreto de 10 a 14h.\u00a0\u00a0 A partir de las 10:30 h se podr\u00e1 disfrutar de juegos de madera antiguos.\u00a0 A las 12 est\u00e1 prevista la entrega del premio al\u00a0 lector\/a del a\u00f1o.\u00a0 A las 12:30 h\u00a0 concierto musical familiar a cargo de \u00abLa Terreta\u00bb.<\/p>\n<p style=\"text-align: justify;\">______________________________<\/p>\n<p style=\"text-align: justify;\"><span style=\"color: #003366;\">Es celebrar\u00e0 a la pla\u00e7a de Loreto de 10 a 14h. A partir de les 10:30 h es podr\u00e0 gaudir de jocs de fusta antics. A les 12 est\u00e0 previst el lliurament del premi al lector \/ a de l&#8217;any. A les 12:30 h concert musical familiar a c\u00e0rrec de \u00abLa Terreta\u00bb.<\/span><\/p>\n<p style=\"text-align: justify;\"><a href=\"http:\/\/www.portaldelolleria.es\/wp-content\/uploads\/2019\/03\/sambori2.jpg\"><img loading=\"lazy\" class=\"aligncenter size-full wp-image-22601\" title=\"sambori2\" src=\"http:\/\/www.portaldelolleria.es\/wp-content\/uploads\/2019\/03\/sambori2.jpg\" alt=\"\" width=\"598\" height=\"298\" srcset=\"http:\/\/www.portaldelolleria.es\/wp-content\/uploads\/2019\/03\/sambori2.jpg 598w, http:\/\/www.portaldelolleria.es\/wp-content\/uploads\/2019\/03\/sambori2-300x149.jpg 300w\" sizes=\"(max-width: 598px) 100vw, 598px\" \/><\/a><\/p>\n<p style=\"text-align: justify;\">Premis Sambori 2019<\/p>\n<p style=\"text-align: justify;\">El Teatro Goya acoger\u00e1 tambi\u00e9n a partir de las 11 h del s\u00e1bado,\u00a0 la XXI edici\u00f3n de la entrega de los premios Sambori de la Vall d&#8217;Albaida.\u00a0\u00a0 La Fundaci\u00f3n Sambori tiene como objetivo incentivar la capacidad creativa en la literatura infantil valenciana<\/p>\n<p style=\"text-align: justify;\">________________________________<\/p>\n<p style=\"text-align: justify;\"><span style=\"color: #003366;\">El Teatre Goya acollir\u00e0 tamb\u00e9 a partir de les 11 h de dissabte, la XXI edici\u00f3 del lliurament dels premis Sambori de la Vall d&#8217;Albaida. La Fundaci\u00f3 Sambori t\u00e9 com a objectiu incentivar la capacitat creativa en la literatura infantil valenciana<\/span><\/p>\n<p style=\"text-align: justify;\"><a href=\"http:\/\/www.portaldelolleria.es\/wp-content\/uploads\/2019\/03\/sambori.jpg\"><img loading=\"lazy\" class=\"aligncenter size-full wp-image-22602\" title=\"sambori\" src=\"http:\/\/www.portaldelolleria.es\/wp-content\/uploads\/2019\/03\/sambori.jpg\" alt=\"\" width=\"598\" height=\"221\" srcset=\"http:\/\/www.portaldelolleria.es\/wp-content\/uploads\/2019\/03\/sambori.jpg 598w, http:\/\/www.portaldelolleria.es\/wp-content\/uploads\/2019\/03\/sambori-300x110.jpg 300w\" sizes=\"(max-width: 598px) 100vw, 598px\" \/><\/a><\/p>\n","protected":false},"excerpt":{"rendered":"<p>Este s\u00e1bado, l&#8217;Olleria celebrar\u00e1 dos importantes citas con el mundo literario,\u00a0\u00a0 la Fira del Llibre 2019\u00a0 y\u00a0 la XXI edici\u00f3n de la entrega de los premios Sambori. Fira del llibre 2019. Se celebrar\u00e1 en la plaza de Loreto de 10 a 14h.\u00a0\u00a0 A partir de las 10:30 h se podr\u00e1 disfrutar de juegos de madera [&hellip;]<\/p>\n","protected":false},"author":1,"featured_media":0,"comment_status":"closed","ping_status":"open","sticky":false,"template":"","format":"standard","meta":{"_monsterinsights_skip_tracking":false,"_monsterinsights_sitenote_active":false,"_monsterinsights_sitenote_note":"","_monsterinsights_sitenote_category":0},"categories":[16,12],"tags":[],"_links":{"self":[{"href":"http:\/\/www.portaldelolleria.es\/index.php?rest_route=\/wp\/v2\/posts\/22600"}],"collection":[{"href":"http:\/\/www.portaldelolleria.es\/index.php?rest_route=\/wp\/v2\/posts"}],"about":[{"href":"http:\/\/www.portaldelolleria.es\/index.php?rest_route=\/wp\/v2\/types\/post"}],"author":[{"embeddable":true,"href":"http:\/\/www.portaldelolleria.es\/index.php?rest_route=\/wp\/v2\/users\/1"}],"replies":[{"embeddable":true,"href":"http:\/\/www.portaldelolleria.es\/index.php?rest_route=%2Fwp%2Fv2%2Fcomments&post=22600"}],"version-history":[{"count":3,"href":"http:\/\/www.portaldelolleria.es\/index.php?rest_route=\/wp\/v2\/posts\/22600\/revisions"}],"predecessor-version":[{"id":22605,"href":"http:\/\/www.portaldelolleria.es\/index.php?rest_route=\/wp\/v2\/posts\/22600\/revisions\/22605"}],"wp:attachment":[{"href":"http:\/\/www.portaldelolleria.es\/index.php?rest_route=%2Fwp%2Fv2%2Fmedia&parent=22600"}],"wp:term":[{"taxonomy":"category","embeddable":true,"href":"http:\/\/www.portaldelolleria.es\/index.php?rest_route=%2Fwp%2Fv2%2Fcategories&post=22600"},{"taxonomy":"post_tag","embeddable":true,"href":"http:\/\/www.portaldelolleria.es\/index.php?rest_route=%2Fwp%2Fv2%2Ftags&post=22600"}],"curies":[{"name":"wp","href":"https:\/\/api.w.org\/{rel}","templated":true}]}}