{"id":22616,"date":"2019-04-13T20:39:57","date_gmt":"2019-04-13T18:39:57","guid":{"rendered":"http:\/\/www.portaldelolleria.es\/?p=22616"},"modified":"2019-04-13T20:39:57","modified_gmt":"2019-04-13T18:39:57","slug":"programa-semana-santa-2019","status":"publish","type":"post","link":"http:\/\/www.portaldelolleria.es\/?p=22616","title":{"rendered":"Programa Semana Santa 2019"},"content":{"rendered":"<p><a href=\"http:\/\/www.portaldelolleria.es\/wp-content\/uploads\/2019\/04\/semanasanta.jpg\"><img loading=\"lazy\" class=\"aligncenter size-full wp-image-22629\" title=\"semanasanta\" src=\"http:\/\/www.portaldelolleria.es\/wp-content\/uploads\/2019\/04\/semanasanta.jpg\" alt=\"\" width=\"598\" height=\"396\" srcset=\"http:\/\/www.portaldelolleria.es\/wp-content\/uploads\/2019\/04\/semanasanta.jpg 598w, http:\/\/www.portaldelolleria.es\/wp-content\/uploads\/2019\/04\/semanasanta-300x198.jpg 300w\" sizes=\"(max-width: 598px) 100vw, 598px\" \/><\/a><\/p>\n<p>&nbsp;<\/p>\n<h2>\u00a0Septenario a la Virgen de los Dolores<\/h2>\n<p><strong>Del 6 al 12 de Abril<\/strong><\/p>\n<p>La Cofrad\u00eda de la Virgen de los Dolores invita a toda la Comunidad Cristiana a esta celebraci\u00f3n como forma de<br \/>\npreparaci\u00f3n inmediata a la Semana Santa en la Iglesia Santa Mar\u00eda Magdalena.<br \/>\nHORARIO:<br \/>\n\u2022 S\u00e1bado, d\u00eda 6, a las 19:00h. de la tarde 1er d\u00eda del SEPTENARIO.<br \/>\n\u2022 Domingo, d\u00eda 7, a las 9:00h. de la ma\u00f1ana.<br \/>\n\u2022 Desde el lunes 8 hasta el viernes 12, a las 20:00h. de la tarde<\/p>\n<h2>TRASLADO JESUS NAZARENO \u2013 13 de Abril<\/h2>\n<p>Santa Misa en el Convento de los Capuchinos a las 19:00 horas<br \/>\nAl finalizar traslado de Nuestro Padre Jes\u00fas Nazareno.<br \/>\nItinerario: Capuchinos, C\/ Trevalladors, 25 de Abril, Miraflores, Sindic<br \/>\nJoan Pla, Plaza Convent Loreto.<\/p>\n<p>&nbsp;<\/p>\n<h2>Tr\u00edduo en Honor de nuestro Padre Jes\u00fas Nazareno<\/h2>\n<p><strong>Del 15 al 17 de Abril<\/strong><\/p>\n<p><strong><\/strong>HORARIO:<br \/>\nDel 15 al 17 de Abril de 2019 en el Santuario de la Virgen de Loreto a las 20:00 horas<\/p>\n<p>&nbsp;<\/p>\n<p>&nbsp;<\/p>\n<h2><strong>DOMINGO DE RAMOS \u2013 14 de Abril<\/strong><\/h2>\n<h2><strong><a href=\"http:\/\/www.portaldelolleria.es\/wp-content\/uploads\/2019\/04\/semana_santa_ramos1.jpg\"><img loading=\"lazy\" class=\"aligncenter size-full wp-image-22621\" title=\"semana_santa_ramos\" src=\"http:\/\/www.portaldelolleria.es\/wp-content\/uploads\/2019\/04\/semana_santa_ramos1.jpg\" alt=\"\" width=\"598\" height=\"213\" srcset=\"http:\/\/www.portaldelolleria.es\/wp-content\/uploads\/2019\/04\/semana_santa_ramos1.jpg 598w, http:\/\/www.portaldelolleria.es\/wp-content\/uploads\/2019\/04\/semana_santa_ramos1-300x106.jpg 300w\" sizes=\"(max-width: 598px) 100vw, 598px\" \/><\/a><br \/>\n<\/strong><\/h2>\n<p><strong>PARROQUIA<\/strong><br \/>\nA las 11\u201930 de la ma\u00f1ana:<br \/>\n\u2022 Bendici\u00f3n de los Ramos en la Ermita del Stmo. Cristo de<br \/>\nla Palma.<br \/>\n\u2022 A continuaci\u00f3n, Procesi\u00f3n de Ramos.<br \/>\nItinerario: Ermita, C\/ Ram\u00f3n y Cajal, C\/ Sendra, C\/2 de Mayo, San Roque, Batle, Plaza La Vila, C\/ Iglesia,Iglesia.<br \/>\n\u2022 Al finalizar, Santa Misa con la proclamaci\u00f3n de la Pasi\u00f3n del Se\u00f1or.<br \/>\n<strong>CONVENTO DE LAS MONJAS<\/strong><br \/>\n* Santa misa a las 8\u201930 de la ma\u00f1ana.<br \/>\n<strong>PARROQUIA<\/strong><br \/>\n* D\u00eda 5 de Abril, a las 20:30h. de la tarde, Penitencia Comunitaria con absoluci\u00f3n individual.<br \/>\n* D\u00edas 15 de Abril<br \/>\nConfesiones a partir de las 18:30 h de la tarde<\/p>\n<p><strong>PREG\u00d3N DE SEMANA SANTA Y CONCIERTO<\/strong><\/p>\n<p>A las 19:00 horas Solemne proclamacion<br \/>\ndel Preg\u00f3n de Semana Santa a cargo de <strong>M\u00aa \u00c1ngeles Aparicio Egea.<\/strong><br \/>\n\u2022 A continuaci\u00f3n, Concierto a cargo de la Agrupaci\u00f3n musical<br \/>\n<strong>La Nova de L\u2019Olleria<\/strong>.<\/p>\n<h2><strong>MIERCOLES SANTO\u00a0 17 de Abril<\/strong><\/h2>\n<h2><strong><br \/>\n<a href=\"http:\/\/www.portaldelolleria.es\/wp-content\/uploads\/2019\/04\/semana_santa_hora.jpg\"><img loading=\"lazy\" class=\"aligncenter size-full wp-image-22622\" title=\"semana_santa_hora\" src=\"http:\/\/www.portaldelolleria.es\/wp-content\/uploads\/2019\/04\/semana_santa_hora.jpg\" alt=\"\" width=\"598\" height=\"213\" srcset=\"http:\/\/www.portaldelolleria.es\/wp-content\/uploads\/2019\/04\/semana_santa_hora.jpg 598w, http:\/\/www.portaldelolleria.es\/wp-content\/uploads\/2019\/04\/semana_santa_hora-300x106.jpg 300w\" sizes=\"(max-width: 598px) 100vw, 598px\" \/><\/a> <\/strong><\/h2>\n<p>&nbsp;<\/p>\n<p><strong>\u201cTRENCAMENT DE L\u2019HORA<\/strong><\/p>\n<p>Organizado por la Banda de Cornetas y Tambores Stmo Cristo de La Palma.<\/p>\n<p>Mi\u00e9rcoles D\u00eda 17 de Abril a las 23h. desde la Parroquia.<br \/>\nRecorrido:<\/p>\n<p>Parroquia \u2013 c\/Ravalet \u2013 c\/ Font Nova<\/p>\n<p><strong>Convent Monge<\/strong>s<br \/>\nC\/ Sant Francesc, C\/ San Jos\u00e9, C\/ Virgen del Remei, Jaime I, Plaza Loreto, 1\u00aa PARADA<br \/>\n<strong>Santuario Virgen de Loreto<\/strong><br \/>\nc\/Batle \u2013 Plaza Vila \u2013 c\/Salvador- c\/ Sto Tom\u00e1s \u2013 c\/ Ermita. 2\u00aa PARADA<br \/>\n<strong>Pla\u00e7a de la Ermita<\/strong><br \/>\nc\/ Ermita \u2013 Sto. Tom\u00e1s.\u00a0 Iglesia, 3\u00aa PARADA<\/p>\n<p><strong>Parroquia<\/strong><br \/>\nFINAL<\/p>\n<h2><strong>JUEVES SANTO 18 de Abril<\/strong><\/h2>\n<h2><strong><br \/>\n<a href=\"http:\/\/www.portaldelolleria.es\/wp-content\/uploads\/2019\/04\/semana_santa_jueves.jpg\"><img loading=\"lazy\" class=\"aligncenter size-full wp-image-22623\" title=\"semana_santa_jueves\" src=\"http:\/\/www.portaldelolleria.es\/wp-content\/uploads\/2019\/04\/semana_santa_jueves.jpg\" alt=\"\" width=\"598\" height=\"213\" srcset=\"http:\/\/www.portaldelolleria.es\/wp-content\/uploads\/2019\/04\/semana_santa_jueves.jpg 598w, http:\/\/www.portaldelolleria.es\/wp-content\/uploads\/2019\/04\/semana_santa_jueves-300x106.jpg 300w\" sizes=\"(max-width: 598px) 100vw, 598px\" \/><\/a> <\/strong><\/h2>\n<p>&nbsp;<\/p>\n<p><strong>PARROQUIA<\/strong><br \/>\n* En Loreto, Misa del Jueves Santo a las 6\u201900 de la tarde.<br \/>\n* En la Parroquia, Misa de la Cena del Se\u00f1or, a las 7\u201930 de la tarde.<br \/>\n* A las 11\u201930 de la noche, Hora Santa ante el Monumento.<br \/>\n<strong><\/strong><\/p>\n<p><strong>CONVENTO DE LAS MONJAS<\/strong><br \/>\n* Misa de la Cena del Se\u00f1or a las 21:00h.<\/p>\n<h2><strong>PROCESI\u00d3N DEL SILENCIO\u00a0 18 de Abril<\/strong><\/h2>\n<h2><strong><br \/>\n<a href=\"http:\/\/www.portaldelolleria.es\/wp-content\/uploads\/2019\/04\/semana_santa_silencio.jpg\"><img loading=\"lazy\" class=\"aligncenter size-full wp-image-22624\" title=\"semana_santa_silencio\" src=\"http:\/\/www.portaldelolleria.es\/wp-content\/uploads\/2019\/04\/semana_santa_silencio.jpg\" alt=\"\" width=\"598\" height=\"213\" srcset=\"http:\/\/www.portaldelolleria.es\/wp-content\/uploads\/2019\/04\/semana_santa_silencio.jpg 598w, http:\/\/www.portaldelolleria.es\/wp-content\/uploads\/2019\/04\/semana_santa_silencio-300x106.jpg 300w\" sizes=\"(max-width: 598px) 100vw, 598px\" \/><\/a> <\/strong><\/h2>\n<p>&nbsp;<\/p>\n<p>* A las 12 de la noche, Procesi\u00f3n del Silencio, con el Ecce-Homo.<br \/>\nRecorrido: Parroquia, Ravalet, Font Nova, Convento Monjas, Sant Francesc, San Jos\u00e9, Virgen del Remedio, Verge de Loreto, Batle, Plaza Vila, Iglesia.<br \/>\n* Al finalizar se ofrecer\u00e1 una chocolatada en el local de la Cofrad\u00eda de Ecce Homo.<\/p>\n<h2><strong>VIERNES SANTO 19 de Abril<\/strong><\/h2>\n<h2><strong><br \/>\n<a href=\"http:\/\/www.portaldelolleria.es\/wp-content\/uploads\/2019\/04\/semana_santa_viernes2.jpg\"><img loading=\"lazy\" class=\"aligncenter size-full wp-image-22625\" title=\"semana_santa_viernes2\" src=\"http:\/\/www.portaldelolleria.es\/wp-content\/uploads\/2019\/04\/semana_santa_viernes2.jpg\" alt=\"\" width=\"598\" height=\"213\" srcset=\"http:\/\/www.portaldelolleria.es\/wp-content\/uploads\/2019\/04\/semana_santa_viernes2.jpg 598w, http:\/\/www.portaldelolleria.es\/wp-content\/uploads\/2019\/04\/semana_santa_viernes2-300x106.jpg 300w\" sizes=\"(max-width: 598px) 100vw, 598px\" \/><\/a> <\/strong><\/h2>\n<p>&nbsp;<\/p>\n<p><strong>PARROQUIA<\/strong><br \/>\n* V\u00eda Crucis: 10\u201900 de la ma\u00f1ana, desde la Parroquia a Capuchinos.C\/ Iglesia, Plaza la Vila, Batle, Plaza<br \/>\nVirgen Loreto, Sindic Joan Pl\u00e1, C\/ Capuchinos.<br \/>\n* Encuentro Doloroso: 12\u201930 de la ma\u00f1ana en la Plaza de la Vila.<br \/>\n* Al finalizar el Encuentro, continuar\u00e1 la Procesi\u00f3n por la calle El Salvador para acompa\u00f1ar al Stmo. Cristo de la Palma en su traslado a la Parroquia para los oficios vespertinos.\u00a0 Tamborrada<br \/>\n* A las 3\u201900 de la tarde, en la Ermita, rezo de la Muerte y\u00a0 Pasi\u00f3n\u00a0 del Se\u00f1or.<br \/>\n* A las 6\u201930 de la tarde, Oficio vespertino de la Pasi\u00f3n.<br \/>\n* A las 8\u201900 de la tarde, Procesi\u00f3n del Santo Entierro; al finalizar, traslado del Cristo a la Ermita y de Jes\u00fas Nazareno al Convento de los Capuchinos.<\/p>\n<p><strong>CONVENTO DE LAS MONJAS<\/strong><br \/>\n* A las 16\u201900 h Celebraci\u00f3n de la Pasi\u00f3n del Se\u00f1or.<\/p>\n<h2><strong>\u00a0S\u00c1BADO SANTO\u00a0 20 de Abril<\/strong><\/h2>\n<h2><strong><br \/>\n<a href=\"http:\/\/www.portaldelolleria.es\/wp-content\/uploads\/2019\/04\/semana_santa_sabado.jpg\"><img loading=\"lazy\" class=\"aligncenter size-full wp-image-22626\" title=\"semana_santa_sabado\" src=\"http:\/\/www.portaldelolleria.es\/wp-content\/uploads\/2019\/04\/semana_santa_sabado.jpg\" alt=\"\" width=\"598\" height=\"213\" srcset=\"http:\/\/www.portaldelolleria.es\/wp-content\/uploads\/2019\/04\/semana_santa_sabado.jpg 598w, http:\/\/www.portaldelolleria.es\/wp-content\/uploads\/2019\/04\/semana_santa_sabado-300x106.jpg 300w\" sizes=\"(max-width: 598px) 100vw, 598px\" \/><\/a> <\/strong><\/h2>\n<p>&nbsp;<\/p>\n<p><strong>CONVENTO DE LAS MONJAS<\/strong><br \/>\n* Vigilia Pascual a las 9:30 de la noche.<br \/>\n<strong>PARROQUIA<\/strong><br \/>\n* Solemne Vigilia Pascual a las 11\u201930 de la noche.<br \/>\n* Al t\u00e9rmino de la Vigilia \u201cEl Encuentro Glorioso\u201d.<\/p>\n<p>Al final se acompa\u00f1ar\u00e1n las im\u00e1genes con el Fuego Nuevo de la Pascua.<\/p>\n<p>* (Coraz\u00f3n de Jes\u00fas): Iglesia, Virgen del Carmen, San Crist\u00f3bal, Aurora, Santos Piedra, Batle y Plaza la Vila.<br \/>\n* (Pur\u00edsima): Iglesia, Santo Tom\u00e1s, Salvador y Plaza la Vila.<\/p>\n<h2><strong>DOMINGO DE RESURRECCI\u00d3N 21 DE ABRIL<\/strong><\/h2>\n<p><a href=\"http:\/\/www.portaldelolleria.es\/wp-content\/uploads\/2019\/04\/2019tropa.jpg\"><img loading=\"lazy\" class=\"aligncenter size-full wp-image-22627\" title=\"2019tropa\" src=\"http:\/\/www.portaldelolleria.es\/wp-content\/uploads\/2019\/04\/2019tropa.jpg\" alt=\"\" width=\"598\" height=\"213\" srcset=\"http:\/\/www.portaldelolleria.es\/wp-content\/uploads\/2019\/04\/2019tropa.jpg 598w, http:\/\/www.portaldelolleria.es\/wp-content\/uploads\/2019\/04\/2019tropa-300x106.jpg 300w\" sizes=\"(max-width: 598px) 100vw, 598px\" \/><\/a><\/p>\n<p>.<br \/>\n<strong>CONVENTO DE LAS MONJAS<\/strong><br \/>\n* Misa del domingo de Resurrecci\u00f3n a las 9h de la ma\u00f1ana.<br \/>\n<strong>PARROQUIA<\/strong><br \/>\n* Misa del domingo de Resurrecci\u00f3n a las 9h y a las 12h de la ma\u00f1ana.<\/p>\n<p>Santuario Virgen de Loreto<\/p>\n<p>*Misa del domingo de Resurrecci\u00f3n a las 10h<\/p>\n<h2><strong>DOMINGO 5 de Mayo,\u00a0 COMBREGARS D\u2019IMPEDITS<\/strong><\/h2>\n<p><strong>PARROQUIA<\/strong><br \/>\n* A las 8h de la ma\u00f1ana Santa Misa.<br \/>\n* A las 8:30h. de la ma\u00f1ana, Procesi\u00f3n de \u201cComulgar de Impedidos\u201d por el recorrido habitual.<br \/>\n* A las 12h. de la ma\u00f1ana, Santa Misa.<\/p>\n<p>&nbsp;<\/p>\n<p><a href=\" http:\/\/www.portaldelolleria.es\/?p=22611\" target=\"_blank\"><img loading=\"lazy\" class=\"aligncenter size-full wp-image-22628\" title=\"ss\" src=\"http:\/\/www.portaldelolleria.es\/wp-content\/uploads\/2019\/04\/ss1.jpg\" alt=\"\" width=\"598\" height=\"396\" srcset=\"http:\/\/www.portaldelolleria.es\/wp-content\/uploads\/2019\/04\/ss1.jpg 598w, http:\/\/www.portaldelolleria.es\/wp-content\/uploads\/2019\/04\/ss1-300x198.jpg 300w\" sizes=\"(max-width: 598px) 100vw, 598px\" \/><\/a><\/p>\n","protected":false},"excerpt":{"rendered":"<p>&nbsp; \u00a0Septenario a la Virgen de los Dolores Del 6 al 12 de Abril La Cofrad\u00eda de la Virgen de los Dolores invita a toda la Comunidad Cristiana a esta celebraci\u00f3n como forma de preparaci\u00f3n inmediata a la Semana Santa en la Iglesia Santa Mar\u00eda Magdalena. HORARIO: \u2022 S\u00e1bado, d\u00eda 6, a las 19:00h. de [&hellip;]<\/p>\n","protected":false},"author":1,"featured_media":0,"comment_status":"closed","ping_status":"open","sticky":false,"template":"","format":"standard","meta":{"_monsterinsights_skip_tracking":false,"_monsterinsights_sitenote_active":false,"_monsterinsights_sitenote_note":"","_monsterinsights_sitenote_category":0},"categories":[16,12],"tags":[],"_links":{"self":[{"href":"http:\/\/www.portaldelolleria.es\/index.php?rest_route=\/wp\/v2\/posts\/22616"}],"collection":[{"href":"http:\/\/www.portaldelolleria.es\/index.php?rest_route=\/wp\/v2\/posts"}],"about":[{"href":"http:\/\/www.portaldelolleria.es\/index.php?rest_route=\/wp\/v2\/types\/post"}],"author":[{"embeddable":true,"href":"http:\/\/www.portaldelolleria.es\/index.php?rest_route=\/wp\/v2\/users\/1"}],"replies":[{"embeddable":true,"href":"http:\/\/www.portaldelolleria.es\/index.php?rest_route=%2Fwp%2Fv2%2Fcomments&post=22616"}],"version-history":[{"count":5,"href":"http:\/\/www.portaldelolleria.es\/index.php?rest_route=\/wp\/v2\/posts\/22616\/revisions"}],"predecessor-version":[{"id":22691,"href":"http:\/\/www.portaldelolleria.es\/index.php?rest_route=\/wp\/v2\/posts\/22616\/revisions\/22691"}],"wp:attachment":[{"href":"http:\/\/www.portaldelolleria.es\/index.php?rest_route=%2Fwp%2Fv2%2Fmedia&parent=22616"}],"wp:term":[{"taxonomy":"category","embeddable":true,"href":"http:\/\/www.portaldelolleria.es\/index.php?rest_route=%2Fwp%2Fv2%2Fcategories&post=22616"},{"taxonomy":"post_tag","embeddable":true,"href":"http:\/\/www.portaldelolleria.es\/index.php?rest_route=%2Fwp%2Fv2%2Ftags&post=22616"}],"curies":[{"name":"wp","href":"https:\/\/api.w.org\/{rel}","templated":true}]}}