{"id":22632,"date":"2019-04-02T21:31:01","date_gmt":"2019-04-02T19:31:01","guid":{"rendered":"http:\/\/www.portaldelolleria.es\/?p=22632"},"modified":"2019-04-02T21:39:58","modified_gmt":"2019-04-02T19:39:58","slug":"festa-bandolera-el-sabado-6-de-abril","status":"publish","type":"post","link":"http:\/\/www.portaldelolleria.es\/?p=22632","title":{"rendered":"Festa Bandolera el s\u00e1bado 6 de Abril"},"content":{"rendered":"<p><a href=\"http:\/\/www.portaldelolleria.es\/wp-content\/uploads\/2019\/04\/suit-rumbas.jpg\"><img loading=\"lazy\" class=\"aligncenter size-full wp-image-22636\" title=\"suit rumbas\" src=\"http:\/\/www.portaldelolleria.es\/wp-content\/uploads\/2019\/04\/suit-rumbas.jpg\" alt=\"\" width=\"598\" height=\"396\" srcset=\"http:\/\/www.portaldelolleria.es\/wp-content\/uploads\/2019\/04\/suit-rumbas.jpg 598w, http:\/\/www.portaldelolleria.es\/wp-content\/uploads\/2019\/04\/suit-rumbas-300x198.jpg 300w\" sizes=\"(max-width: 598px) 100vw, 598px\" \/><\/a><\/p>\n<p>&nbsp;<\/p>\n<p>Este s\u00e1bado se celebra la \u00abFesta Bandolera\u00bb en la sede de la fil\u00e0 Bandolers. M\u00fasica desde el mediod\u00eda hasta el anochecer a cargo de dj&#8217;s invitados y la actuaci\u00f3n de Suit Rumba a partir de las 17 h.\u00a0 Durante la jornada se podr\u00e1 disfrutar de tapas y un \u00abarr\u00f2s al forn per dinar\u00bb<\/p>\n<p>El \u00abdinar\u00bb incluye entrantes, arroz al horno, postre y caf\u00e9.\u00a0 El donativo para poder comer ser\u00e1 de 15\u20ac.\u00a0 Para todos los que realicen la reserva el d\u00eda 3 de Abril de 20 a 21h en la Fil\u00e0 o a trav\u00e9s de alg\u00fan componente de los \u00abBandolers\u00bb, el donativo ser\u00e1 de 12\u20ac<\/p>\n<p>_____________________<\/p>\n<p><span style=\"color: #000080;\">Aquest dissabte se celebra la \u00abFesta Bandolera\u00bb a la seu de la fil\u00e0 Bandolers. M\u00fasica des del migdia fins a la nit\u00a0 a c\u00e0rrec de dj&#8217;s convidats i l&#8217;actuaci\u00f3 de Suit Rumba a partir de les 17 h. Durant la jornada es podr\u00e0 gaudir de tapes i un \u00abarr\u00f2s al forn per dinar\u00bb<\/span><\/p>\n<p><span style=\"color: #000080;\">El \u00abdinar\u00bb inclou entrants, arr\u00f2s al forn, postres i caf\u00e8. El donatiu per poder menjar ser\u00e0 de 15 \u20ac. Per a tots els que realitzen la reserva el dia 3 d&#8217;abril de 20 a 21h a la Fil\u00e0 o a trav\u00e9s d&#8217;algun component dels \u00abBandolers\u00bb, el donatiu ser\u00e0 de 12 \u20ac<\/span><\/p>\n<p>&nbsp;<\/p>\n<p>&nbsp;<\/p>\n<p><a href=\"http:\/\/www.portaldelolleria.es\/wp-content\/uploads\/2019\/04\/suit.jpg\"><img loading=\"lazy\" class=\"aligncenter size-full wp-image-22633\" title=\"suit\" src=\"http:\/\/www.portaldelolleria.es\/wp-content\/uploads\/2019\/04\/suit.jpg\" alt=\"\" width=\"550\" height=\"837\" srcset=\"http:\/\/www.portaldelolleria.es\/wp-content\/uploads\/2019\/04\/suit.jpg 550w, http:\/\/www.portaldelolleria.es\/wp-content\/uploads\/2019\/04\/suit-197x300.jpg 197w\" sizes=\"(max-width: 550px) 100vw, 550px\" \/><\/a><\/p>\n","protected":false},"excerpt":{"rendered":"<p>&nbsp; Este s\u00e1bado se celebra la \u00abFesta Bandolera\u00bb en la sede de la fil\u00e0 Bandolers. M\u00fasica desde el mediod\u00eda hasta el anochecer a cargo de dj&#8217;s invitados y la actuaci\u00f3n de Suit Rumba a partir de las 17 h.\u00a0 Durante la jornada se podr\u00e1 disfrutar de tapas y un \u00abarr\u00f2s al forn per dinar\u00bb El [&hellip;]<\/p>\n","protected":false},"author":1,"featured_media":0,"comment_status":"closed","ping_status":"open","sticky":false,"template":"","format":"standard","meta":{"_monsterinsights_skip_tracking":false,"_monsterinsights_sitenote_active":false,"_monsterinsights_sitenote_note":"","_monsterinsights_sitenote_category":0},"categories":[16,12],"tags":[],"_links":{"self":[{"href":"http:\/\/www.portaldelolleria.es\/index.php?rest_route=\/wp\/v2\/posts\/22632"}],"collection":[{"href":"http:\/\/www.portaldelolleria.es\/index.php?rest_route=\/wp\/v2\/posts"}],"about":[{"href":"http:\/\/www.portaldelolleria.es\/index.php?rest_route=\/wp\/v2\/types\/post"}],"author":[{"embeddable":true,"href":"http:\/\/www.portaldelolleria.es\/index.php?rest_route=\/wp\/v2\/users\/1"}],"replies":[{"embeddable":true,"href":"http:\/\/www.portaldelolleria.es\/index.php?rest_route=%2Fwp%2Fv2%2Fcomments&post=22632"}],"version-history":[{"count":5,"href":"http:\/\/www.portaldelolleria.es\/index.php?rest_route=\/wp\/v2\/posts\/22632\/revisions"}],"predecessor-version":[{"id":22640,"href":"http:\/\/www.portaldelolleria.es\/index.php?rest_route=\/wp\/v2\/posts\/22632\/revisions\/22640"}],"wp:attachment":[{"href":"http:\/\/www.portaldelolleria.es\/index.php?rest_route=%2Fwp%2Fv2%2Fmedia&parent=22632"}],"wp:term":[{"taxonomy":"category","embeddable":true,"href":"http:\/\/www.portaldelolleria.es\/index.php?rest_route=%2Fwp%2Fv2%2Fcategories&post=22632"},{"taxonomy":"post_tag","embeddable":true,"href":"http:\/\/www.portaldelolleria.es\/index.php?rest_route=%2Fwp%2Fv2%2Ftags&post=22632"}],"curies":[{"name":"wp","href":"https:\/\/api.w.org\/{rel}","templated":true}]}}