{"id":2265,"date":"2013-02-07T13:34:28","date_gmt":"2013-02-07T12:34:28","guid":{"rendered":"http:\/\/www.portaldelolleria.es\/?p=2265"},"modified":"2013-02-07T13:34:28","modified_gmt":"2013-02-07T12:34:28","slug":"biblioteca-sesion-de-cuentos-por-almudena-frances","status":"publish","type":"post","link":"http:\/\/www.portaldelolleria.es\/?p=2265","title":{"rendered":"Biblioteca, sesi\u00f3n de cuentos por Almudena Franc\u00e9s"},"content":{"rendered":"<p><a href=\"http:\/\/www.portaldelolleria.es\/wp-content\/uploads\/2013\/02\/almudena.jpg\"><img loading=\"lazy\" class=\"aligncenter size-full wp-image-2266\" title=\"almudena\" src=\"http:\/\/www.portaldelolleria.es\/wp-content\/uploads\/2013\/02\/almudena.jpg\" alt=\"\" width=\"598\" height=\"398\" srcset=\"http:\/\/www.portaldelolleria.es\/wp-content\/uploads\/2013\/02\/almudena.jpg 598w, http:\/\/www.portaldelolleria.es\/wp-content\/uploads\/2013\/02\/almudena-300x199.jpg 300w\" sizes=\"(max-width: 598px) 100vw, 598px\" \/><\/a><\/p>\n<p>Pasaporte a la Imaginaci\u00f3n,\u00a0\u00a0 sesi\u00f3n de cuentos con Almudena Franc\u00e9s.<\/p>\n<p>Biblioteca Municipal, s\u00e1bado a las 11:30 h<\/p>\n<p>&nbsp;<\/p>\n<p><strong>Almudena Franc\u00e9s<\/strong><\/p>\n<p>De peque\u00f1a la rega\u00f1aban porque no callaba ni bajo el agua, as\u00ed que para no cargar con todas las culpas bautiz\u00f3 a su mu\u00f1eca como \u201cMaria la Radio\u201d, con la cual manten\u00eda largas e interesantes conversaciones, y a qui\u00e9n dedic\u00f3 sus primeros cuentos.<\/p>\n<p>De su pasi\u00f3n por la lectura de libros, esquelas sin cruz, noticias breves y cartas (incluso las ajenas), encuentra historias que transforma a su gusto y manera, siempre con la intenci\u00f3n de contarlas y animar a leer.<\/p>\n<p>Lleva unos 10 a\u00f1os contando y animando a leer en bibliotecas, colegios, plazas e institutos. Ahora ha empezado con ganas y emoci\u00f3n a contar para adultos en bares y teatros.<\/p>\n<p>A veces lo acompa\u00f1a la maleta de Anacleta donde trae libros, objetos que la ayudan a contar historias y alg\u00fan t\u00edtere. Le gusta ver el p\u00fablico en silencio embriagado por alguna historia, pero tambi\u00e9n le gustan las preguntas ingeniosas y hacer cantar y participar de diferentes maneras a los m\u00e1s peque\u00f1os.<\/p>\n<p>&nbsp;<\/p>\n<p><a href=\"http:\/\/www.portaldelolleria.es\/wp-content\/uploads\/2013\/02\/pasaporte.jpg\"><img loading=\"lazy\" class=\"aligncenter size-full wp-image-2267\" title=\"pasaporte\" src=\"http:\/\/www.portaldelolleria.es\/wp-content\/uploads\/2013\/02\/pasaporte.jpg\" alt=\"\" width=\"598\" height=\"845\" srcset=\"http:\/\/www.portaldelolleria.es\/wp-content\/uploads\/2013\/02\/pasaporte.jpg 598w, http:\/\/www.portaldelolleria.es\/wp-content\/uploads\/2013\/02\/pasaporte-212x300.jpg 212w\" sizes=\"(max-width: 598px) 100vw, 598px\" \/><\/a><\/p>\n","protected":false},"excerpt":{"rendered":"<p>Pasaporte a la Imaginaci\u00f3n,\u00a0\u00a0 sesi\u00f3n de cuentos con Almudena Franc\u00e9s. Biblioteca Municipal, s\u00e1bado a las 11:30 h &nbsp; Almudena Franc\u00e9s De peque\u00f1a la rega\u00f1aban porque no callaba ni bajo el agua, as\u00ed que para no cargar con todas las culpas bautiz\u00f3 a su mu\u00f1eca como \u201cMaria la Radio\u201d, con la cual manten\u00eda largas e interesantes [&hellip;]<\/p>\n","protected":false},"author":2,"featured_media":0,"comment_status":"closed","ping_status":"open","sticky":false,"template":"","format":"standard","meta":{"_monsterinsights_skip_tracking":false,"_monsterinsights_sitenote_active":false,"_monsterinsights_sitenote_note":"","_monsterinsights_sitenote_category":0},"categories":[16,12],"tags":[547,41,546],"_links":{"self":[{"href":"http:\/\/www.portaldelolleria.es\/index.php?rest_route=\/wp\/v2\/posts\/2265"}],"collection":[{"href":"http:\/\/www.portaldelolleria.es\/index.php?rest_route=\/wp\/v2\/posts"}],"about":[{"href":"http:\/\/www.portaldelolleria.es\/index.php?rest_route=\/wp\/v2\/types\/post"}],"author":[{"embeddable":true,"href":"http:\/\/www.portaldelolleria.es\/index.php?rest_route=\/wp\/v2\/users\/2"}],"replies":[{"embeddable":true,"href":"http:\/\/www.portaldelolleria.es\/index.php?rest_route=%2Fwp%2Fv2%2Fcomments&post=2265"}],"version-history":[{"count":1,"href":"http:\/\/www.portaldelolleria.es\/index.php?rest_route=\/wp\/v2\/posts\/2265\/revisions"}],"predecessor-version":[{"id":2269,"href":"http:\/\/www.portaldelolleria.es\/index.php?rest_route=\/wp\/v2\/posts\/2265\/revisions\/2269"}],"wp:attachment":[{"href":"http:\/\/www.portaldelolleria.es\/index.php?rest_route=%2Fwp%2Fv2%2Fmedia&parent=2265"}],"wp:term":[{"taxonomy":"category","embeddable":true,"href":"http:\/\/www.portaldelolleria.es\/index.php?rest_route=%2Fwp%2Fv2%2Fcategories&post=2265"},{"taxonomy":"post_tag","embeddable":true,"href":"http:\/\/www.portaldelolleria.es\/index.php?rest_route=%2Fwp%2Fv2%2Ftags&post=2265"}],"curies":[{"name":"wp","href":"https:\/\/api.w.org\/{rel}","templated":true}]}}