{"id":22655,"date":"2019-04-04T19:58:37","date_gmt":"2019-04-04T17:58:37","guid":{"rendered":"http:\/\/www.portaldelolleria.es\/?p=22655"},"modified":"2019-04-04T19:58:37","modified_gmt":"2019-04-04T17:58:37","slug":"esta-sabado-jornada-a-favor-de-la-aecc","status":"publish","type":"post","link":"http:\/\/www.portaldelolleria.es\/?p=22655","title":{"rendered":"Esta s\u00e1bado, jornada a favor de la AECC"},"content":{"rendered":"<p><a href=\"http:\/\/www.portaldelolleria.es\/wp-content\/uploads\/2019\/04\/cancer3.jpg\"><img loading=\"lazy\" class=\"aligncenter size-full wp-image-22659\" title=\"cancer3\" src=\"http:\/\/www.portaldelolleria.es\/wp-content\/uploads\/2019\/04\/cancer3.jpg\" alt=\"\" width=\"598\" height=\"399\" srcset=\"http:\/\/www.portaldelolleria.es\/wp-content\/uploads\/2019\/04\/cancer3.jpg 598w, http:\/\/www.portaldelolleria.es\/wp-content\/uploads\/2019\/04\/cancer3-300x200.jpg 300w\" sizes=\"(max-width: 598px) 100vw, 598px\" \/><\/a><\/p>\n<p>Este s\u00e1bado se celebra una jornada a favor de la Asociaci\u00f3n Espa\u00f1ola contra el C\u00e1ncer.\u00a0 Tras el \u00e9xito de la anterior edici\u00f3n, este a\u00f1o se repite formato,\u00a0 con un festival y una cena solidaria.<\/p>\n<p>Festival \u201cBallant-li a la vida\u201d en el Teatro Goya,\u00a0 tendr\u00e1 dos sesiones una a las 17:30h\u00a0 y otra a las 20 h.<\/p>\n<p>Cena solidaria en los bajos del mercado.\u00a0 a las 22 h\u00a0 \u00absopar baix el bra\u00e7,\u00a0 donativo 3 euros.<\/p>\n<p>____________________________<\/p>\n<p><span style=\"color: #003366;\">Aquest dissabte se celebra una jornada a favor de l&#8217;Associaci\u00f3 Espanyola contra el C\u00e0ncer. Despr\u00e9s de l&#8217;\u00e8xit de l&#8217;anterior edici\u00f3, enguany es repeteix format, amb un festival i un sopar solidari.<\/span><\/p>\n<p><span style=\"color: #003366;\">Festival \u00abBallant-li a la vida\u00bb al Teatre Goya, tindr\u00e0 dues sessions una a les 17: 30h i una altra a les 20 h.<\/span><\/p>\n<p><span style=\"color: #003366;\">Sopar solidari en els baixos del mercat. a les 22 h \u00absopar baix el bra\u00e7, donatiu 3 euros.<\/span><\/p>\n<p>&nbsp;<\/p>\n<p>&nbsp;<\/p>\n<p><a href=\"http:\/\/www.portaldelolleria.es\/wp-content\/uploads\/2019\/04\/cancer4.jpg\"><img loading=\"lazy\" class=\"aligncenter size-full wp-image-22656\" title=\"cancer4\" src=\"http:\/\/www.portaldelolleria.es\/wp-content\/uploads\/2019\/04\/cancer4.jpg\" alt=\"\" width=\"598\" height=\"399\" srcset=\"http:\/\/www.portaldelolleria.es\/wp-content\/uploads\/2019\/04\/cancer4.jpg 598w, http:\/\/www.portaldelolleria.es\/wp-content\/uploads\/2019\/04\/cancer4-300x200.jpg 300w\" sizes=\"(max-width: 598px) 100vw, 598px\" \/><\/a><\/p>\n<p>&nbsp;<\/p>\n<p><a href=\"http:\/\/www.portaldelolleria.es\/wp-content\/uploads\/2019\/04\/cancer.jpg\"><img loading=\"lazy\" class=\"aligncenter size-full wp-image-22657\" title=\"cancer\" src=\"http:\/\/www.portaldelolleria.es\/wp-content\/uploads\/2019\/04\/cancer.jpg\" alt=\"\" width=\"598\" height=\"845\" srcset=\"http:\/\/www.portaldelolleria.es\/wp-content\/uploads\/2019\/04\/cancer.jpg 598w, http:\/\/www.portaldelolleria.es\/wp-content\/uploads\/2019\/04\/cancer-212x300.jpg 212w\" sizes=\"(max-width: 598px) 100vw, 598px\" \/><\/a><\/p>\n<p><a href=\"http:\/\/www.portaldelolleria.es\/wp-content\/uploads\/2019\/04\/cancer2.jpg\"><img loading=\"lazy\" class=\"aligncenter size-full wp-image-22658\" title=\"cancer2\" src=\"http:\/\/www.portaldelolleria.es\/wp-content\/uploads\/2019\/04\/cancer2.jpg\" alt=\"\" width=\"598\" height=\"340\" srcset=\"http:\/\/www.portaldelolleria.es\/wp-content\/uploads\/2019\/04\/cancer2.jpg 598w, http:\/\/www.portaldelolleria.es\/wp-content\/uploads\/2019\/04\/cancer2-300x170.jpg 300w\" sizes=\"(max-width: 598px) 100vw, 598px\" \/><\/a><\/p>\n","protected":false},"excerpt":{"rendered":"<p>Este s\u00e1bado se celebra una jornada a favor de la Asociaci\u00f3n Espa\u00f1ola contra el C\u00e1ncer.\u00a0 Tras el \u00e9xito de la anterior edici\u00f3n, este a\u00f1o se repite formato,\u00a0 con un festival y una cena solidaria. Festival \u201cBallant-li a la vida\u201d en el Teatro Goya,\u00a0 tendr\u00e1 dos sesiones una a las 17:30h\u00a0 y otra a las 20 [&hellip;]<\/p>\n","protected":false},"author":1,"featured_media":0,"comment_status":"closed","ping_status":"open","sticky":false,"template":"","format":"standard","meta":{"_monsterinsights_skip_tracking":false,"_monsterinsights_sitenote_active":false,"_monsterinsights_sitenote_note":"","_monsterinsights_sitenote_category":0},"categories":[3,12],"tags":[],"_links":{"self":[{"href":"http:\/\/www.portaldelolleria.es\/index.php?rest_route=\/wp\/v2\/posts\/22655"}],"collection":[{"href":"http:\/\/www.portaldelolleria.es\/index.php?rest_route=\/wp\/v2\/posts"}],"about":[{"href":"http:\/\/www.portaldelolleria.es\/index.php?rest_route=\/wp\/v2\/types\/post"}],"author":[{"embeddable":true,"href":"http:\/\/www.portaldelolleria.es\/index.php?rest_route=\/wp\/v2\/users\/1"}],"replies":[{"embeddable":true,"href":"http:\/\/www.portaldelolleria.es\/index.php?rest_route=%2Fwp%2Fv2%2Fcomments&post=22655"}],"version-history":[{"count":1,"href":"http:\/\/www.portaldelolleria.es\/index.php?rest_route=\/wp\/v2\/posts\/22655\/revisions"}],"predecessor-version":[{"id":22660,"href":"http:\/\/www.portaldelolleria.es\/index.php?rest_route=\/wp\/v2\/posts\/22655\/revisions\/22660"}],"wp:attachment":[{"href":"http:\/\/www.portaldelolleria.es\/index.php?rest_route=%2Fwp%2Fv2%2Fmedia&parent=22655"}],"wp:term":[{"taxonomy":"category","embeddable":true,"href":"http:\/\/www.portaldelolleria.es\/index.php?rest_route=%2Fwp%2Fv2%2Fcategories&post=22655"},{"taxonomy":"post_tag","embeddable":true,"href":"http:\/\/www.portaldelolleria.es\/index.php?rest_route=%2Fwp%2Fv2%2Ftags&post=22655"}],"curies":[{"name":"wp","href":"https:\/\/api.w.org\/{rel}","templated":true}]}}