{"id":22666,"date":"2019-04-10T19:03:43","date_gmt":"2019-04-10T17:03:43","guid":{"rendered":"http:\/\/www.portaldelolleria.es\/?p=22666"},"modified":"2019-04-10T19:03:58","modified_gmt":"2019-04-10T17:03:58","slug":"este-sabado-trobades-2019","status":"publish","type":"post","link":"http:\/\/www.portaldelolleria.es\/?p=22666","title":{"rendered":"Este s\u00e1bado, \u00abtrobades 2019\u00bb"},"content":{"rendered":"<p><a href=\"http:\/\/www.portaldelolleria.es\/wp-content\/uploads\/2019\/04\/trobada1.jpg\"><img loading=\"lazy\" class=\"aligncenter size-full wp-image-22672\" title=\"trobada1\" src=\"http:\/\/www.portaldelolleria.es\/wp-content\/uploads\/2019\/04\/trobada1.jpg\" alt=\"\" width=\"598\" height=\"396\" srcset=\"http:\/\/www.portaldelolleria.es\/wp-content\/uploads\/2019\/04\/trobada1.jpg 598w, http:\/\/www.portaldelolleria.es\/wp-content\/uploads\/2019\/04\/trobada1-300x198.jpg 300w\" sizes=\"(max-width: 598px) 100vw, 598px\" \/><\/a><\/p>\n<p style=\"text-align: justify;\">El proper 13 d\u2019abril l\u2019Olleria acollir\u00e0 la <strong>XXXII Trobada d\u2019Escoles en Valenci\u00e0 de la Vall d\u2019Albaida<\/strong> amb el lema <strong>\u201cSom i serem paraules\u201d<\/strong>, recordant aix\u00ed al lexic\u00f2graf i activista cultural Francesc Ferrer i Pastor.<\/p>\n<p style=\"text-align: justify;\">Enguany ser\u00e0 la tercera vegada que l\u2019Olleria acull la trobada, i una vegada m\u00e9s, tota la poblaci\u00f3 s\u2019ha bolcat en la preparaci\u00f3. La comunitat educativa, formada per mestres, pares i mares, i alumnat, conjuntament amb la Coordinadora i l&#8217;Ajuntament, han treballat de manera incansable perqu\u00e8 la trobada a l&#8217;Olleria siga un \u00e8xit. La <strong>regidora d\u2019Educaci\u00f3, Ruth Mart\u00ednez,<\/strong> ha aprofitat per agrair tamb\u00e9 a empreses, comer\u00e7os i associacions locals la seua col\u00b7laboraci\u00f3 desinteressada, tan econ\u00f2micament, com formant part del voluntariat, o fent exhibicions.<\/p>\n<p style=\"text-align: justify;\">La programaci\u00f3 de la trobada arrancar\u00e0 a les 16h al parc Beat Pare Ferreres, i comptar\u00e0 amb una <strong>cercavila, tallers, exposicions, actuacions, contacontes, o concerts de Ramonets, Canta Canalla i La F\u00famiga.<\/strong><\/p>\n<p style=\"text-align: justify;\">Mart\u00ednez ha volgut convidar a tota la comarca a gaudir de totes les activitats que s\u2019han programat per a este dissabte a l\u2019Olleria perqu\u00e8 <em>\u201cestem segurs que la festa per la nostra llengua ser\u00e0 tot un \u00e8xit\u201d.<\/em><\/p>\n<p style=\"text-align: justify;\">_____________________________________<\/p>\n<p style=\"text-align: justify;\"><span style=\"color: #003366;\">El pr\u00f3ximo 13 de abril la Olleria acoger\u00e1 la XXXII Encuentro de Escuelas en Valenciano de la Vall de Albaida con el lema \u00abSomos y seremos palabras\u00bb, recordando as\u00ed al lexic\u00f3grafo y activista cultural Francisco Ferrer Pastor.<\/span><\/p>\n<p style=\"text-align: justify;\"><span style=\"color: #003366;\">Este a\u00f1o ser\u00e1 la tercera vez que l&#8217;Olleria acoge el encuentro, y una vez m\u00e1s, toda la poblaci\u00f3n se ha volcado en la preparaci\u00f3n. La comunidad educativa, formada por maestros, padres y madres, y alumnado, conjuntamente con la Coordinadora y el Ayuntamiento, han trabajado de manera incansable para que la encontrada en el Olleria sea un \u00e9xito. La concejala de Educaci\u00f3n, Ruth Mart\u00ednez, aprovech\u00f3 para agradecer tambi\u00e9n a empresas, comercios y asociaciones locales su colaboraci\u00f3n desinteresada, tan econ\u00f3micamente, como formando parte del voluntariado, o haciendo exhibiciones.<\/span><\/p>\n<p style=\"text-align: justify;\"><span style=\"color: #003366;\">La programaci\u00f3n del encuentro arrancar\u00e1 a las 16h en el parque Beat Pare Ferreres, y contar\u00e1 con un pasacalles, talleres, exposiciones, actuaciones, cuentacuentos, o conciertos de Ramonet, Canta Canalla y La fumiga.<\/span><\/p>\n<p style=\"text-align: justify;\"><span style=\"color: #003366;\">Mart\u00ednez ha querido invitar a toda la comarca a disfrutar de todas las actividades que se han programado para este s\u00e1bado en L&#8217;Olleria porque \u00abestamos seguros de que la fiesta por nuestra lengua ser\u00e1 todo un \u00e9xito\u00bb.<\/span><\/p>\n<p style=\"text-align: justify;\"><a href=\"http:\/\/www.portaldelolleria.es\/wp-content\/uploads\/2019\/04\/trobada2.jpg\"><img loading=\"lazy\" class=\"aligncenter size-full wp-image-22667\" title=\"trobada2\" src=\"http:\/\/www.portaldelolleria.es\/wp-content\/uploads\/2019\/04\/trobada2.jpg\" alt=\"\" width=\"514\" height=\"1003\" srcset=\"http:\/\/www.portaldelolleria.es\/wp-content\/uploads\/2019\/04\/trobada2.jpg 514w, http:\/\/www.portaldelolleria.es\/wp-content\/uploads\/2019\/04\/trobada2-153x300.jpg 153w\" sizes=\"(max-width: 514px) 100vw, 514px\" \/><\/a><\/p>\n<p style=\"text-align: justify;\"><a href=\"http:\/\/www.portaldelolleria.es\/wp-content\/uploads\/2019\/04\/trobada3.jpg\"><img loading=\"lazy\" class=\"aligncenter size-full wp-image-22668\" title=\"trobada3\" src=\"http:\/\/www.portaldelolleria.es\/wp-content\/uploads\/2019\/04\/trobada3.jpg\" alt=\"\" width=\"490\" height=\"978\" srcset=\"http:\/\/www.portaldelolleria.es\/wp-content\/uploads\/2019\/04\/trobada3.jpg 490w, http:\/\/www.portaldelolleria.es\/wp-content\/uploads\/2019\/04\/trobada3-150x300.jpg 150w\" sizes=\"(max-width: 490px) 100vw, 490px\" \/><\/a><\/p>\n<p style=\"text-align: justify;\"><a href=\"http:\/\/www.portaldelolleria.es\/wp-content\/uploads\/2019\/04\/trobada4.jpg\"><img loading=\"lazy\" class=\"aligncenter size-full wp-image-22669\" title=\"trobada4\" src=\"http:\/\/www.portaldelolleria.es\/wp-content\/uploads\/2019\/04\/trobada4.jpg\" alt=\"\" width=\"598\" height=\"744\" srcset=\"http:\/\/www.portaldelolleria.es\/wp-content\/uploads\/2019\/04\/trobada4.jpg 598w, http:\/\/www.portaldelolleria.es\/wp-content\/uploads\/2019\/04\/trobada4-241x300.jpg 241w\" sizes=\"(max-width: 598px) 100vw, 598px\" \/><\/a><\/p>\n<p style=\"text-align: justify;\"><a href=\"http:\/\/www.portaldelolleria.es\/wp-content\/uploads\/2019\/04\/trobada5.jpg\"><img loading=\"lazy\" class=\"aligncenter size-full wp-image-22670\" title=\"trobada5\" src=\"http:\/\/www.portaldelolleria.es\/wp-content\/uploads\/2019\/04\/trobada5.jpg\" alt=\"\" width=\"598\" height=\"744\" srcset=\"http:\/\/www.portaldelolleria.es\/wp-content\/uploads\/2019\/04\/trobada5.jpg 598w, http:\/\/www.portaldelolleria.es\/wp-content\/uploads\/2019\/04\/trobada5-241x300.jpg 241w\" sizes=\"(max-width: 598px) 100vw, 598px\" \/><\/a><\/p>\n<p style=\"text-align: justify;\"><a href=\"http:\/\/www.portaldelolleria.es\/wp-content\/uploads\/2019\/04\/trobada6.jpg\"><img loading=\"lazy\" class=\"aligncenter size-full wp-image-22671\" title=\"trobada6\" src=\"http:\/\/www.portaldelolleria.es\/wp-content\/uploads\/2019\/04\/trobada6.jpg\" alt=\"\" width=\"598\" height=\"401\" srcset=\"http:\/\/www.portaldelolleria.es\/wp-content\/uploads\/2019\/04\/trobada6.jpg 598w, http:\/\/www.portaldelolleria.es\/wp-content\/uploads\/2019\/04\/trobada6-300x201.jpg 300w\" sizes=\"(max-width: 598px) 100vw, 598px\" \/><\/a><\/p>\n","protected":false},"excerpt":{"rendered":"<p>El proper 13 d\u2019abril l\u2019Olleria acollir\u00e0 la XXXII Trobada d\u2019Escoles en Valenci\u00e0 de la Vall d\u2019Albaida amb el lema \u201cSom i serem paraules\u201d, recordant aix\u00ed al lexic\u00f2graf i activista cultural Francesc Ferrer i Pastor. Enguany ser\u00e0 la tercera vegada que l\u2019Olleria acull la trobada, i una vegada m\u00e9s, tota la poblaci\u00f3 s\u2019ha bolcat en la [&hellip;]<\/p>\n","protected":false},"author":1,"featured_media":0,"comment_status":"closed","ping_status":"open","sticky":false,"template":"","format":"standard","meta":{"_monsterinsights_skip_tracking":false,"_monsterinsights_sitenote_active":false,"_monsterinsights_sitenote_note":"","_monsterinsights_sitenote_category":0},"categories":[3,12],"tags":[],"_links":{"self":[{"href":"http:\/\/www.portaldelolleria.es\/index.php?rest_route=\/wp\/v2\/posts\/22666"}],"collection":[{"href":"http:\/\/www.portaldelolleria.es\/index.php?rest_route=\/wp\/v2\/posts"}],"about":[{"href":"http:\/\/www.portaldelolleria.es\/index.php?rest_route=\/wp\/v2\/types\/post"}],"author":[{"embeddable":true,"href":"http:\/\/www.portaldelolleria.es\/index.php?rest_route=\/wp\/v2\/users\/1"}],"replies":[{"embeddable":true,"href":"http:\/\/www.portaldelolleria.es\/index.php?rest_route=%2Fwp%2Fv2%2Fcomments&post=22666"}],"version-history":[{"count":2,"href":"http:\/\/www.portaldelolleria.es\/index.php?rest_route=\/wp\/v2\/posts\/22666\/revisions"}],"predecessor-version":[{"id":22674,"href":"http:\/\/www.portaldelolleria.es\/index.php?rest_route=\/wp\/v2\/posts\/22666\/revisions\/22674"}],"wp:attachment":[{"href":"http:\/\/www.portaldelolleria.es\/index.php?rest_route=%2Fwp%2Fv2%2Fmedia&parent=22666"}],"wp:term":[{"taxonomy":"category","embeddable":true,"href":"http:\/\/www.portaldelolleria.es\/index.php?rest_route=%2Fwp%2Fv2%2Fcategories&post=22666"},{"taxonomy":"post_tag","embeddable":true,"href":"http:\/\/www.portaldelolleria.es\/index.php?rest_route=%2Fwp%2Fv2%2Ftags&post=22666"}],"curies":[{"name":"wp","href":"https:\/\/api.w.org\/{rel}","templated":true}]}}