{"id":22699,"date":"2019-04-15T10:03:52","date_gmt":"2019-04-15T08:03:52","guid":{"rendered":"http:\/\/www.portaldelolleria.es\/?p=22699"},"modified":"2019-04-15T19:44:08","modified_gmt":"2019-04-15T17:44:08","slug":"l%e2%80%99olleria-acoge-por-tercera-vez-la-trobada-d%e2%80%99escoles","status":"publish","type":"post","link":"http:\/\/www.portaldelolleria.es\/?p=22699","title":{"rendered":"L\u2019Olleria acoge por tercera vez la Trobada d\u2019Escoles"},"content":{"rendered":"<p style=\"text-align: justify;\"><img loading=\"lazy\" class=\"aligncenter size-full wp-image-22701\" title=\"trobadas\" src=\"http:\/\/www.portaldelolleria.es\/wp-content\/uploads\/2019\/04\/trobadas.jpg\" alt=\"\" width=\"598\" height=\"395\" srcset=\"http:\/\/www.portaldelolleria.es\/wp-content\/uploads\/2019\/04\/trobadas.jpg 598w, http:\/\/www.portaldelolleria.es\/wp-content\/uploads\/2019\/04\/trobadas-300x198.jpg 300w\" sizes=\"(max-width: 598px) 100vw, 598px\" \/><\/p>\n<p style=\"text-align: justify;\"><span style=\"color: #333333;\"><em>Diputaci\u00f3n de Valencia, 15\/04\/2019<\/em><\/span><\/p>\n<p style=\"text-align: justify;\"><strong>L\u2019Olleria acoge por tercera vez la XXXII Trobada d\u2019Escoles en Valenci\u00e0 de la Vall d\u2019Albaida<\/strong><\/p>\n<p style=\"text-align: justify;\"><strong>13\/abril\/2019<\/strong>. L\u2019Olleria ha acogido la XXXII Trobada d\u2019Escoles en Valenci\u00e0 de la Vall d\u2019Albaida, que este a\u00f1o se celebra bajo el lema \u2018Som i serem paraules\u2019, recordando as\u00ed al lexic\u00f3grafo y activista cultural Francesc Ferrer i Pastor. Se trata de la tercera vez que el municipio acoge el encuentro de la Vall d\u2019Albaida. Un encuentro que, tal y como indica el manifiesto de Escola Valenciana, reivindican y celebran un modelo educativo enraizado en el pluriling\u00fcismo y la multiculturalidad, e inspirado en las grandes corrientes pedag\u00f3gicas que buscan respuestas para los retos sociales del siglo XXI.<\/p>\n<p style=\"text-align: justify;\">La vicepresidenta de la Diputaci\u00f3, Maria Josep Amig\u00f3, ha asistido al encuentro de l\u2019Olleria acompa\u00f1ada por el alcalde del municipio, Juli\u00e0 Engo, y de otros miembros de la corporaci\u00f3n municipal. All\u00ed, Amigo ha querido destacar que \u201ces muy ilusionante ver c\u00f3mo, a\u00f1o tras a\u00f1o, estos encuentros crece y cada vez m\u00e1s gente se involucra en ellos\u201d.<\/p>\n<p style=\"text-align: justify;\">El encuentro ha arrancado a las 16.00 horas en el parque Beat Pare Ferreres y su programa ha contado con un abanico de actividades que han abarcado desde un pasacalle, pasando por talleres, exposiciones, actuaciones, incluso un cuentacuentos y conciertos de Ramonets, Canta Canalla y La F\u00famiga.<\/p>\n<p style=\"text-align: justify;\"><strong>\u00abValenci\u00e0 a la Dipu, parada obligada en cada encuentro\u00bb<\/strong><\/p>\n<p style=\"text-align: justify;\">Adem\u00e1s, la Unitat de Normalitzaci\u00f3 Ling\u00fc\u00edstica ha participado en los encuentros de Carlet, Massamagrell, Aldaia y Quartell, y participar\u00e1 en las de Val\u00e8ncia (barrio de San Jos\u00e9), Tavernes de Valldigna y l\u2019Alc\u00fadia de Crespins. Lo hacen con el estand \u201cValenci\u00e0 a la Dipu, parada obligada en cada trobada\u201d, donde las familias pueden participar en un <em>photocall<\/em> con frases rimadas relacionadas con el cari\u00f1o por la lengua, como <em>\u00abTot poble de gran altura defensa la seua cultura\u00bb,<\/em> <em>\u00abCosa assenyada i ben noble, emprar la llengua del poble\u00bb<\/em> o <em>\u00abEl valenci\u00e0, de tota la vida una llengua d\u2019acollida\u00bb, <\/em>entre muchas otras.<\/p>\n<p style=\"text-align: justify;\">Quien participa recibe como obsequio un vaso reutilizable con una de las frases rimadas impresa, dise\u00f1o realizado por La Casa Cantonera. Adem\u00e1s, puede encontrar su foto y compartirla en las redes sociales a trav\u00e9s de \u2018Valenci\u00e0 a la Dipu\u2019, la cuenta de la Unitat de Normalitzaci\u00f3 Ling\u00fc\u00edstica de la Diputaci\u00f3 de Val\u00e8ncia en Facebook, Twitter e Instagram.<\/p>\n<h3 style=\"text-align: justify;\">__________________________________________<\/h3>\n<h3 style=\"text-align: justify;\"><span style=\"color: #003366;\">L\u2019Olleria acull per tercera vegada la XXXII Trobada d&#8217;Escoles en Valenci\u00e0 de la Vall d&#8217;Albaida<\/span><\/h3>\n<p style=\"text-align: justify;\"><span style=\"color: #003366;\"><strong>13\/abril\/2019<\/strong>. L\u2019Olleria ha acollit la XXXII Trobada d&#8217;Escoles en Valenci\u00e0 de la Vall d&#8217;Albaida, que enguany se celebra sota el lema &#8216;Som i serem paraules&#8217;, recordant aix\u00ed el lexic\u00f2graf i activista cultural Francesc Ferrer i Pastor. Es tracta de la tercera vegada que el municipi acull la trobada de la Vall d\u2019Albaida. Unes trobades que, tal com indica el manifest d\u2019Escola Valenciana,\u00a0 reivindiquen i celebren un model educatiu arrelat en el pluriling\u00fcisme i la multiculturalitat, i inspirat en els grans corrents pedag\u00f2gics que busquen respostes per als reptes socials del segle XXI.<\/span><\/p>\n<p style=\"text-align: justify;\"><span style=\"color: #003366;\">La vicepresidenta de la Diputaci\u00f3, Maria Josep Amig\u00f3, ha assistit a la trobada de l\u2019Olleria acompanyada per l\u2019alcalde del municipi, Juli\u00e0 Engo, i d\u2019altres membres de la corporaci\u00f3 municipal. All\u00ed, Amig\u00f3 ha volgut destacar que \u201c\u00e9s molt il\u00b7lusionant veure com, any rere any, aquestes trobades creixen i cada vegada m\u00e9s gent s\u2019involucra en elles\u201d.<\/span><\/p>\n<p style=\"text-align: justify;\"><span style=\"color: #003366;\">La trobada ha arrancat a les 16.00 hores al parc Beat Pare Ferreres i el seu programa ha comptat amb un ventall d\u2019activitats que ha abastat des d\u2019una cercavila, passant per tallers, exposicions, actuacions, fins a contacontes i concerts de Ramonets, Canta Canalla i La F\u00famiga.<\/span><\/p>\n<p style=\"text-align: justify;\"><span style=\"color: #003366;\"><strong>\u00abValenci\u00e0 a la Dipu, parada obligada en cada trobada\u00bb<\/strong><\/span><\/p>\n<p style=\"text-align: justify;\"><span style=\"color: #003366;\">A m\u00e9s, la Unitat de Normalitzaci\u00f3 Ling\u00fc\u00edstica ha participat en les trobades de Carlet, Massamagrell, Aldaia i Quartell, i participar\u00e0 en les de Val\u00e8ncia (barri de Sant Josep), Tavernes de la Valldigna i l\u2019Alc\u00fadia de Crespins. Ho fa amb l\u2019estand \u00abValenci\u00e0 a la Dipu, parada obligada en cada trobada\u00bb, on les fam\u00edlies poden participar en un fotoreclam (<em>photocall<\/em>) amb frases rimades relacionades amb l\u2019estima per la llengua, com \u00abTot poble de gran altura defensa la seua cultura\u00bb, \u00abCosa assenyada i ben noble, emprar la llengua del poble\u00bb o \u00abEl valenci\u00e0, de tota la vida una llengua d\u2019acollida\u00bb, entre moltes d\u2019altres.<\/span><\/p>\n<p style=\"text-align: justify;\"><span style=\"color: #003366;\">Qui hi participa rep com a obsequi un got reutilitzable amb una de les frases rimades impresa, disseny fet per La Casa Cantonera. A m\u00e9s, pot trobar la seua foto i compartir-la a les xarxes socials a trav\u00e9s de Valenci\u00e0 a la Dipu, el compte de la Unitat de Normalitzaci\u00f3 Ling\u00fc\u00edstica de la Diputaci\u00f3 de Val\u00e8ncia en Facebook, Twitter i Instagram.<\/span><\/p>\n<p style=\"text-align: justify;\"><a href=\"https:\/\/www.flickr.com\/photos\/162906402@N05\/albums\/72157704576271962\" target=\"_blank\"><img loading=\"lazy\" class=\"aligncenter size-full wp-image-22700\" title=\"trobadas2\" src=\"http:\/\/www.portaldelolleria.es\/wp-content\/uploads\/2019\/04\/trobadas2.jpg\" alt=\"\" width=\"598\" height=\"396\" srcset=\"http:\/\/www.portaldelolleria.es\/wp-content\/uploads\/2019\/04\/trobadas2.jpg 598w, http:\/\/www.portaldelolleria.es\/wp-content\/uploads\/2019\/04\/trobadas2-300x198.jpg 300w\" sizes=\"(max-width: 598px) 100vw, 598px\" \/><\/a><\/p>\n<p><iframe loading=\"lazy\" src=\"https:\/\/www.youtube.com\/embed\/6WNW-XbAi3U\" frameborder=\"0\" width=\"598\" height=\"336\"><\/iframe><br \/>\n<iframe loading=\"lazy\" src=\"https:\/\/www.youtube.com\/embed\/Tjyy6qDGr6o\" frameborder=\"0\" width=\"598\" height=\"336\"><\/iframe><\/p>\n","protected":false},"excerpt":{"rendered":"<p>Diputaci\u00f3n de Valencia, 15\/04\/2019 L\u2019Olleria acoge por tercera vez la XXXII Trobada d\u2019Escoles en Valenci\u00e0 de la Vall d\u2019Albaida 13\/abril\/2019. L\u2019Olleria ha acogido la XXXII Trobada d\u2019Escoles en Valenci\u00e0 de la Vall d\u2019Albaida, que este a\u00f1o se celebra bajo el lema \u2018Som i serem paraules\u2019, recordando as\u00ed al lexic\u00f3grafo y activista cultural Francesc Ferrer i [&hellip;]<\/p>\n","protected":false},"author":1,"featured_media":0,"comment_status":"closed","ping_status":"open","sticky":false,"template":"","format":"standard","meta":{"_monsterinsights_skip_tracking":false,"_monsterinsights_sitenote_active":false,"_monsterinsights_sitenote_note":"","_monsterinsights_sitenote_category":0},"categories":[16,12],"tags":[],"_links":{"self":[{"href":"http:\/\/www.portaldelolleria.es\/index.php?rest_route=\/wp\/v2\/posts\/22699"}],"collection":[{"href":"http:\/\/www.portaldelolleria.es\/index.php?rest_route=\/wp\/v2\/posts"}],"about":[{"href":"http:\/\/www.portaldelolleria.es\/index.php?rest_route=\/wp\/v2\/types\/post"}],"author":[{"embeddable":true,"href":"http:\/\/www.portaldelolleria.es\/index.php?rest_route=\/wp\/v2\/users\/1"}],"replies":[{"embeddable":true,"href":"http:\/\/www.portaldelolleria.es\/index.php?rest_route=%2Fwp%2Fv2%2Fcomments&post=22699"}],"version-history":[{"count":5,"href":"http:\/\/www.portaldelolleria.es\/index.php?rest_route=\/wp\/v2\/posts\/22699\/revisions"}],"predecessor-version":[{"id":22705,"href":"http:\/\/www.portaldelolleria.es\/index.php?rest_route=\/wp\/v2\/posts\/22699\/revisions\/22705"}],"wp:attachment":[{"href":"http:\/\/www.portaldelolleria.es\/index.php?rest_route=%2Fwp%2Fv2%2Fmedia&parent=22699"}],"wp:term":[{"taxonomy":"category","embeddable":true,"href":"http:\/\/www.portaldelolleria.es\/index.php?rest_route=%2Fwp%2Fv2%2Fcategories&post=22699"},{"taxonomy":"post_tag","embeddable":true,"href":"http:\/\/www.portaldelolleria.es\/index.php?rest_route=%2Fwp%2Fv2%2Ftags&post=22699"}],"curies":[{"name":"wp","href":"https:\/\/api.w.org\/{rel}","templated":true}]}}