{"id":22730,"date":"2019-04-28T18:35:43","date_gmt":"2019-04-28T16:35:43","guid":{"rendered":"http:\/\/www.portaldelolleria.es\/?p=22730"},"modified":"2019-07-27T12:13:14","modified_gmt":"2019-07-27T10:13:14","slug":"elecciones-20a-aumenta-la-participacion-de-los-ollerienses-a-las-1800h","status":"publish","type":"post","link":"http:\/\/www.portaldelolleria.es\/?p=22730","title":{"rendered":"Elecciones 28A,  aumenta la participaci\u00f3n de los ollerienses a las 18:00h"},"content":{"rendered":"<p><a href=\"http:\/\/www.portaldelolleria.es\/wp-content\/uploads\/2019\/04\/elecciones.jpg\"><img loading=\"lazy\" class=\"aligncenter size-full wp-image-22732\" title=\"elecciones\" src=\"http:\/\/www.portaldelolleria.es\/wp-content\/uploads\/2019\/04\/elecciones.jpg\" alt=\"\" width=\"598\" height=\"369\" srcset=\"http:\/\/www.portaldelolleria.es\/wp-content\/uploads\/2019\/04\/elecciones.jpg 598w, http:\/\/www.portaldelolleria.es\/wp-content\/uploads\/2019\/04\/elecciones-300x185.jpg 300w\" sizes=\"(max-width: 598px) 100vw, 598px\" \/><\/a><\/p>\n<p style=\"text-align: justify;\">\u00a0El 63,70% de los 6028 ollerienses que estan llamados a las urnas ya han votado a las 18:00h.\u00a0 Un aumento del 7,43% respecto a las elecciones de 2015.\u00a0\u00a0 Una proporci\u00f3n bastante pareja en la mayor parte de los municip\u00ecos valencianos que ascienden de media un 5,21% respecto a los comicios del 2015, lo que apunta a un aumento de la participaci\u00f3n globlal para estas elecciones.\u00a0 La media nacional a la misma hora es del 9% mas,\u00a0 una subida notable.<\/p>\n<p style=\"text-align: justify;\">______________________<\/p>\n<p style=\"text-align: justify;\"><span style=\"color: #003366;\">El 63,70% dels 6028 ollerians que estan cridats a les urnes ja han votat a les 18: 00h. Un augment del 7,43% respecte a les eleccions de 2015. Una proporci\u00f3 bastant parella en la major part dels municipis valencians que ascendeixen de mitjana un 5,21% respecte als comicis del 2015, el que apunta a un augment de la participaci\u00f3 globlal per a aquestes eleccions. La mitjana nacional a la mateixa hora \u00e9s del 9% m\u00e9s, una pujada notable.<\/span><\/p>\n<p>&nbsp;<\/p>\n<p>&nbsp;<\/p>\n","protected":false},"excerpt":{"rendered":"<p>\u00a0El 63,70% de los 6028 ollerienses que estan llamados a las urnas ya han votado a las 18:00h.\u00a0 Un aumento del 7,43% respecto a las elecciones de 2015.\u00a0\u00a0 Una proporci\u00f3n bastante pareja en la mayor parte de los municip\u00ecos valencianos que ascienden de media un 5,21% respecto a los comicios del 2015, lo que apunta [&hellip;]<\/p>\n","protected":false},"author":1,"featured_media":0,"comment_status":"closed","ping_status":"open","sticky":false,"template":"","format":"standard","meta":{"_monsterinsights_skip_tracking":false,"_monsterinsights_sitenote_active":false,"_monsterinsights_sitenote_note":"","_monsterinsights_sitenote_category":0},"categories":[3,12],"tags":[],"_links":{"self":[{"href":"http:\/\/www.portaldelolleria.es\/index.php?rest_route=\/wp\/v2\/posts\/22730"}],"collection":[{"href":"http:\/\/www.portaldelolleria.es\/index.php?rest_route=\/wp\/v2\/posts"}],"about":[{"href":"http:\/\/www.portaldelolleria.es\/index.php?rest_route=\/wp\/v2\/types\/post"}],"author":[{"embeddable":true,"href":"http:\/\/www.portaldelolleria.es\/index.php?rest_route=\/wp\/v2\/users\/1"}],"replies":[{"embeddable":true,"href":"http:\/\/www.portaldelolleria.es\/index.php?rest_route=%2Fwp%2Fv2%2Fcomments&post=22730"}],"version-history":[{"count":4,"href":"http:\/\/www.portaldelolleria.es\/index.php?rest_route=\/wp\/v2\/posts\/22730\/revisions"}],"predecessor-version":[{"id":23264,"href":"http:\/\/www.portaldelolleria.es\/index.php?rest_route=\/wp\/v2\/posts\/22730\/revisions\/23264"}],"wp:attachment":[{"href":"http:\/\/www.portaldelolleria.es\/index.php?rest_route=%2Fwp%2Fv2%2Fmedia&parent=22730"}],"wp:term":[{"taxonomy":"category","embeddable":true,"href":"http:\/\/www.portaldelolleria.es\/index.php?rest_route=%2Fwp%2Fv2%2Fcategories&post=22730"},{"taxonomy":"post_tag","embeddable":true,"href":"http:\/\/www.portaldelolleria.es\/index.php?rest_route=%2Fwp%2Fv2%2Ftags&post=22730"}],"curies":[{"name":"wp","href":"https:\/\/api.w.org\/{rel}","templated":true}]}}