{"id":22757,"date":"2019-05-10T21:06:20","date_gmt":"2019-05-10T19:06:20","guid":{"rendered":"http:\/\/www.portaldelolleria.es\/?p=22757"},"modified":"2019-07-27T12:12:05","modified_gmt":"2019-07-27T10:12:05","slug":"cinco-formaciones-concurren-a-las-elecciones-municipales-en-lolleria","status":"publish","type":"post","link":"http:\/\/www.portaldelolleria.es\/?p=22757","title":{"rendered":"Cinco formaciones concurren a las Elecciones Municipales en l&#8217;Olleria"},"content":{"rendered":"<p style=\"text-align: justify;\"><a href=\"http:\/\/www.portaldelolleria.es\/wp-content\/uploads\/2019\/05\/eleccionesm2.jpg\"><img loading=\"lazy\" class=\"aligncenter size-full wp-image-22824\" title=\"eleccionesm\" src=\"http:\/\/www.portaldelolleria.es\/wp-content\/uploads\/2019\/05\/eleccionesm2.jpg\" alt=\"\" width=\"598\" height=\"396\" srcset=\"http:\/\/www.portaldelolleria.es\/wp-content\/uploads\/2019\/05\/eleccionesm2.jpg 598w, http:\/\/www.portaldelolleria.es\/wp-content\/uploads\/2019\/05\/eleccionesm2-300x198.jpg 300w\" sizes=\"(max-width: 598px) 100vw, 598px\" \/><\/a><\/p>\n<p style=\"text-align: justify;\">Cinco formaciones pol\u00edticas concurrir\u00e1n a los pr\u00f3ximos comicios municipales que se celebrar\u00e1n en l&#8217;Olleria.\u00a0 A las tres habituales, PP, Compromis y PSPV,\u00a0 se unen por primera vez,\u00a0 Dem\u00f2crates per l&#8217;Olleria y Ciudadanos l&#8217;Olleria.\u00a0 Las listas completas de cada formaci\u00f3n son las siguientes:<\/p>\n<p style=\"text-align: justify;\">_________________________________<\/p>\n<p style=\"text-align: justify;\"><span style=\"color: #003366;\">Cinc formacions pol\u00edtiques concorreran als propers comicis municipals que se celebraran a l&#8217;Olleria. A les tres habituals, PP, Comprom\u00eds i PSPV, participen per primera vegada, Dem\u00f2crates per l&#8217;Olleria i Ciutadans l&#8217;Olleria. Les llistes completes de cada formaci\u00f3 s\u00f3n les seg\u00fcents:<\/span><\/p>\n<p><a href=\"http:\/\/www.portaldelolleria.es\/wp-content\/uploads\/2019\/05\/pp.jpg\"><img loading=\"lazy\" class=\"aligncenter size-full wp-image-22815\" title=\"pp\" src=\"http:\/\/www.portaldelolleria.es\/wp-content\/uploads\/2019\/05\/pp.jpg\" alt=\"\" width=\"598\" height=\"92\" srcset=\"http:\/\/www.portaldelolleria.es\/wp-content\/uploads\/2019\/05\/pp.jpg 598w, http:\/\/www.portaldelolleria.es\/wp-content\/uploads\/2019\/05\/pp-300x46.jpg 300w\" sizes=\"(max-width: 598px) 100vw, 598px\" \/><\/a><\/p>\n<p><a href=\"http:\/\/www.portaldelolleria.es\/wp-content\/uploads\/2019\/05\/populares.jpg\"><img loading=\"lazy\" class=\"aligncenter size-full wp-image-22804\" title=\"populares\" src=\"http:\/\/www.portaldelolleria.es\/wp-content\/uploads\/2019\/05\/populares.jpg\" alt=\"\" width=\"598\" height=\"336\" srcset=\"http:\/\/www.portaldelolleria.es\/wp-content\/uploads\/2019\/05\/populares.jpg 598w, http:\/\/www.portaldelolleria.es\/wp-content\/uploads\/2019\/05\/populares-300x168.jpg 300w\" sizes=\"(max-width: 598px) 100vw, 598px\" \/><\/a><strong>PARTIDO POPULAR (PP)<\/strong><br \/>\nTitulares<br \/>\n1. RAM\u00d3N VIDAL SOLER<br \/>\n2. RUB\u00c9N MORRI\u00d3 CERD\u00c1 (Independiente)<br \/>\n3. MARIA HORTENSIA MIC\u00d3 CANO (Independiente)<br \/>\n4. DANIEL SEMPER IB\u00c1\u00d1EZ (Independiente)<br \/>\n5. AIDA GINER VADILLO (Independiente)<br \/>\n6. JUAN RICARDO RUANO CORTS<br \/>\n7. MARIA DOLORES GARCIA SALMER\u00d3N<br \/>\n8. MARIA ISABEL MOMP\u00d3 MIC\u00d3 (Independiente)<br \/>\n9. JOSE LUIS BOSCH SANCHIS<br \/>\n10. LOURDES ENS SERRANO (Independiente)<br \/>\n11. ALEJANDRO CORONADO JUAN<br \/>\n12. ROSA MARIA GRAU MIC\u00d3 (Independiente)<br \/>\n13. FRANCISCO JAVIER FERNANDEZ SUCH<br \/>\nSuplentes<br \/>\n1. JUAN MANUEL CEBRI\u00c1N CERD\u00c1N (Independiente)<br \/>\n2. ELISA VIDAL DELGADO (Independiente)<br \/>\n3. JOSE VICENTE FERRANDIS RIBERA (Independiente)<\/p>\n<p><a href=\"http:\/\/www.portaldelolleria.es\/wp-content\/uploads\/2019\/05\/compromix.jpg\"><img loading=\"lazy\" class=\"aligncenter size-full wp-image-22814\" title=\"compromix\" src=\"http:\/\/www.portaldelolleria.es\/wp-content\/uploads\/2019\/05\/compromix.jpg\" alt=\"\" width=\"598\" height=\"92\" srcset=\"http:\/\/www.portaldelolleria.es\/wp-content\/uploads\/2019\/05\/compromix.jpg 598w, http:\/\/www.portaldelolleria.es\/wp-content\/uploads\/2019\/05\/compromix-300x46.jpg 300w\" sizes=\"(max-width: 598px) 100vw, 598px\" \/><\/a><a href=\"http:\/\/www.portaldelolleria.es\/wp-content\/uploads\/2019\/05\/59918731_2738460476182975_6370159407388426240_o.jpg\"><img loading=\"lazy\" class=\"aligncenter size-full wp-image-22823\" title=\"59918731_2738460476182975_6370159407388426240_o\" src=\"http:\/\/www.portaldelolleria.es\/wp-content\/uploads\/2019\/05\/59918731_2738460476182975_6370159407388426240_o.jpg\" alt=\"\" width=\"598\" height=\"308\" srcset=\"http:\/\/www.portaldelolleria.es\/wp-content\/uploads\/2019\/05\/59918731_2738460476182975_6370159407388426240_o.jpg 598w, http:\/\/www.portaldelolleria.es\/wp-content\/uploads\/2019\/05\/59918731_2738460476182975_6370159407388426240_o-300x154.jpg 300w\" sizes=\"(max-width: 598px) 100vw, 598px\" \/><\/a><\/p>\n<p>&nbsp;<\/p>\n<p>&nbsp;<\/p>\n<p><strong>BLOC-INICIATIVA-VERDSEQUO (COMPROMIS MUNICIPAL)<\/strong><br \/>\n(COMPROMIS)<br \/>\nTitulares<br \/>\n1. JULI\u00c0 ENGO FRESNEDA<br \/>\n2. RUTH MARTINEZ SOLER<br \/>\n3. ENRIC SUCH GRAU<br \/>\n4. GLORIA MIC\u00d3 SUCH<br \/>\n5. MONTSERRAT SEMPERE SANCHO<br \/>\n6. GEMMA VIDAL CERDA<br \/>\n7. JOSE GRAMAGE BORR\u00c0S<br \/>\n8. ANNA VIDAL MI\u00d1ANA<br \/>\n9. CAROLINA BRAZALES SEMPERE<br \/>\n10. DAVID SUCH MASANET<br \/>\n11. ROSA PAULA VADILLO<br \/>\n12. JOSE ANTONIO OVIEDO FERN\u00c1NDEZ<br \/>\n13. JOSE BOLUDA VICENT<br \/>\nSuplentes<br \/>\n1. MARIA DE LAS MERCEDES SIM\u00d3N RED\u00d3N<br \/>\n2. JOSE \u00c1NGEL CANO MATEU<br \/>\n3. NIEVES BORR\u00c1S ENGO<br \/>\n4. VICENTE ALBI\u00d1ANA MOMP\u00d3<\/p>\n<p><a href=\"http:\/\/www.portaldelolleria.es\/wp-content\/uploads\/2019\/05\/democrates.jpg\"><img loading=\"lazy\" class=\"aligncenter size-full wp-image-22813\" title=\"democrates\" src=\"http:\/\/www.portaldelolleria.es\/wp-content\/uploads\/2019\/05\/democrates.jpg\" alt=\"\" width=\"598\" height=\"92\" srcset=\"http:\/\/www.portaldelolleria.es\/wp-content\/uploads\/2019\/05\/democrates.jpg 598w, http:\/\/www.portaldelolleria.es\/wp-content\/uploads\/2019\/05\/democrates-300x46.jpg 300w\" sizes=\"(max-width: 598px) 100vw, 598px\" \/><\/a><\/p>\n<p><a href=\"http:\/\/www.portaldelolleria.es\/wp-content\/uploads\/2019\/05\/democratas.jpg\"><img loading=\"lazy\" class=\"aligncenter size-full wp-image-22807\" title=\"democratas\" src=\"http:\/\/www.portaldelolleria.es\/wp-content\/uploads\/2019\/05\/democratas.jpg\" alt=\"\" width=\"598\" height=\"336\" srcset=\"http:\/\/www.portaldelolleria.es\/wp-content\/uploads\/2019\/05\/democratas.jpg 598w, http:\/\/www.portaldelolleria.es\/wp-content\/uploads\/2019\/05\/democratas-300x168.jpg 300w\" sizes=\"(max-width: 598px) 100vw, 598px\" \/><\/a><\/p>\n<p><strong>DEMOCRATES VALENCIANS (DV)<\/strong><br \/>\nTitulares<br \/>\n1. DAVID MILL\u00c1N SOC\u00cdAS<br \/>\n2. FCO JAVIER URE\u00d1A SARRI\u00d3N<br \/>\n3. SERGIO S\u00c1NCHEZ CH\u00c1FER<br \/>\n4. MAR\u00cdA DEL CARMEN VA\u00d1\u00d3 VICENT<br \/>\n5. ESTHER MOLL\u00c1 MAROCCO<br \/>\n6. ROSA MAR\u00cdA GARC\u00cdA MILL\u00c1N<br \/>\n7. MAR\u00cdA BOLUDA PL\u00c1<br \/>\n8. JUAN LUZ\u00d3N GARC\u00cdA<br \/>\n9. ESTER VIDAL FITA<br \/>\n10. JUAN EMILIO GAND\u00cdA VIDAL<br \/>\n11. JOS\u00c9 BATALLER SANCHIS<br \/>\n12. RAFAEL JAVIER MOMP\u00d3 SANZ<br \/>\n13. MAR\u00cdA DESAMPARADOS CH\u00c1FER MOLL\u00c1<br \/>\nSuplentes<br \/>\n1. GEMMA GARC\u00cdA S\u00c1NCHEZ<\/p>\n<p><a href=\"http:\/\/www.portaldelolleria.es\/wp-content\/uploads\/2019\/05\/psoe.jpg\"><img loading=\"lazy\" class=\"aligncenter size-full wp-image-22811\" title=\"psoe\" src=\"http:\/\/www.portaldelolleria.es\/wp-content\/uploads\/2019\/05\/psoe.jpg\" alt=\"\" width=\"598\" height=\"92\" srcset=\"http:\/\/www.portaldelolleria.es\/wp-content\/uploads\/2019\/05\/psoe.jpg 598w, http:\/\/www.portaldelolleria.es\/wp-content\/uploads\/2019\/05\/psoe-300x46.jpg 300w\" sizes=\"(max-width: 598px) 100vw, 598px\" \/><\/a><\/p>\n<p><a href=\"http:\/\/www.portaldelolleria.es\/wp-content\/uploads\/2019\/05\/socialistas.jpg\"><img loading=\"lazy\" class=\"aligncenter size-full wp-image-22806\" title=\"socialistas\" src=\"http:\/\/www.portaldelolleria.es\/wp-content\/uploads\/2019\/05\/socialistas.jpg\" alt=\"\" width=\"598\" height=\"336\" srcset=\"http:\/\/www.portaldelolleria.es\/wp-content\/uploads\/2019\/05\/socialistas.jpg 598w, http:\/\/www.portaldelolleria.es\/wp-content\/uploads\/2019\/05\/socialistas-300x168.jpg 300w\" sizes=\"(max-width: 598px) 100vw, 598px\" \/><\/a><strong><\/strong><\/p>\n<p>&nbsp;<\/p>\n<p><strong>PARTIDO SOCIALISTA OBRERO ESPA\u00d1OL (P.S.O.E.)<\/strong><br \/>\nTitulares<br \/>\n1. JUAN JOSE BLANCO GARCIA (Independiente)<br \/>\n2. PILAR BORRAS CASANOVA (Independiente)<br \/>\n3. VICTOR SAHUQUILLO ALBI\u00d1ANA<br \/>\n4. ROBERTO BORRAS SOLER<br \/>\n5. JUAN MANUEL LAPE\u00d1A MESA (Independiente)<br \/>\n6. PATRICIA MOLLA VALLS<br \/>\n7. MARIA ROSARIO MICO VALLS (Independiente)<br \/>\n8. RUBEN DARIO ESTORNELL HUGET<br \/>\n9. ANTONIO BAREA OLMOS<br \/>\n10. BELEN OLTRA OLTRA<br \/>\n11. LUCAS MARTIN SOLER<br \/>\n12. MARIA MONTSERRAT MU\u00d1OZ ALAMINOS<br \/>\n13. JULIA BOLUDA ALBI\u00d1ANA (Independiente)<br \/>\nSuplentes<br \/>\nSin candidatos<\/p>\n<p>&nbsp;<\/p>\n<p><a href=\"http:\/\/www.portaldelolleria.es\/wp-content\/uploads\/2019\/05\/cs.jpg\"><img loading=\"lazy\" class=\"aligncenter size-full wp-image-22812\" title=\"cs\" src=\"http:\/\/www.portaldelolleria.es\/wp-content\/uploads\/2019\/05\/cs.jpg\" alt=\"\" width=\"598\" height=\"92\" srcset=\"http:\/\/www.portaldelolleria.es\/wp-content\/uploads\/2019\/05\/cs.jpg 598w, http:\/\/www.portaldelolleria.es\/wp-content\/uploads\/2019\/05\/cs-300x46.jpg 300w\" sizes=\"(max-width: 598px) 100vw, 598px\" \/><\/a><\/p>\n<p><a href=\"http:\/\/www.portaldelolleria.es\/wp-content\/uploads\/2019\/05\/ciudadanos.jpg\"><img loading=\"lazy\" class=\"aligncenter size-full wp-image-22808\" title=\"ciudadanos\" src=\"http:\/\/www.portaldelolleria.es\/wp-content\/uploads\/2019\/05\/ciudadanos.jpg\" alt=\"\" width=\"598\" height=\"336\" srcset=\"http:\/\/www.portaldelolleria.es\/wp-content\/uploads\/2019\/05\/ciudadanos.jpg 598w, http:\/\/www.portaldelolleria.es\/wp-content\/uploads\/2019\/05\/ciudadanos-300x168.jpg 300w\" sizes=\"(max-width: 598px) 100vw, 598px\" \/><\/a><\/p>\n<p><strong>\u00a0CIUDADANOS-PARTIDO DE LA CIUDADANIA (Cs)<\/strong><br \/>\nTitulares<\/p>\n<p>1. PATRICIA SALAMANCA GALLEGO<br \/>\n2. JUAN ENRIQUE FERRANDO GARCIA<br \/>\n3. OSCAR SALAMANCA ALBI\u00d1ANA<br \/>\n4. OLGA MART\u00cdNEZ MOMP\u00d3<br \/>\n5. PASCUAL ADRIAN MART\u00cdNEZ PASTOR<br \/>\n6. VANESSA FERNANDEZ BALLESTEROS<br \/>\n7. SANTIAGO OLTRA LLACER<br \/>\n8. MARIA AUXILIADORA ESPLUGUES PACHECO<br \/>\n9. SILVIA MOMP\u00d3 MORRI\u00d3<br \/>\n10. FELIPE SALAMANCA SOTOS<br \/>\n11. ISABEL CALATAYUD SANZ<br \/>\n12. MARIA SALOM\u00c9 ALBI\u00d1ANA MIC\u00d3<br \/>\n13. JOSE ANTONIO BONONAD MART\u00cdNEZ<br \/>\nSuplentes<br \/>\nSin candidatos<\/p>\n<p>&nbsp;<\/p>\n<p>&nbsp;<\/p>\n<p>&nbsp;<\/p>\n<p>&nbsp;<\/p>\n<p>&nbsp;<\/p>\n","protected":false},"excerpt":{"rendered":"<p>Cinco formaciones pol\u00edticas concurrir\u00e1n a los pr\u00f3ximos comicios municipales que se celebrar\u00e1n en l&#8217;Olleria.\u00a0 A las tres habituales, PP, Compromis y PSPV,\u00a0 se unen por primera vez,\u00a0 Dem\u00f2crates per l&#8217;Olleria y Ciudadanos l&#8217;Olleria.\u00a0 Las listas completas de cada formaci\u00f3n son las siguientes: _________________________________ Cinc formacions pol\u00edtiques concorreran als propers comicis municipals que se celebraran a [&hellip;]<\/p>\n","protected":false},"author":1,"featured_media":0,"comment_status":"closed","ping_status":"open","sticky":false,"template":"","format":"standard","meta":{"_monsterinsights_skip_tracking":false,"_monsterinsights_sitenote_active":false,"_monsterinsights_sitenote_note":"","_monsterinsights_sitenote_category":0},"categories":[3,12],"tags":[],"_links":{"self":[{"href":"http:\/\/www.portaldelolleria.es\/index.php?rest_route=\/wp\/v2\/posts\/22757"}],"collection":[{"href":"http:\/\/www.portaldelolleria.es\/index.php?rest_route=\/wp\/v2\/posts"}],"about":[{"href":"http:\/\/www.portaldelolleria.es\/index.php?rest_route=\/wp\/v2\/types\/post"}],"author":[{"embeddable":true,"href":"http:\/\/www.portaldelolleria.es\/index.php?rest_route=\/wp\/v2\/users\/1"}],"replies":[{"embeddable":true,"href":"http:\/\/www.portaldelolleria.es\/index.php?rest_route=%2Fwp%2Fv2%2Fcomments&post=22757"}],"version-history":[{"count":11,"href":"http:\/\/www.portaldelolleria.es\/index.php?rest_route=\/wp\/v2\/posts\/22757\/revisions"}],"predecessor-version":[{"id":23263,"href":"http:\/\/www.portaldelolleria.es\/index.php?rest_route=\/wp\/v2\/posts\/22757\/revisions\/23263"}],"wp:attachment":[{"href":"http:\/\/www.portaldelolleria.es\/index.php?rest_route=%2Fwp%2Fv2%2Fmedia&parent=22757"}],"wp:term":[{"taxonomy":"category","embeddable":true,"href":"http:\/\/www.portaldelolleria.es\/index.php?rest_route=%2Fwp%2Fv2%2Fcategories&post=22757"},{"taxonomy":"post_tag","embeddable":true,"href":"http:\/\/www.portaldelolleria.es\/index.php?rest_route=%2Fwp%2Fv2%2Ftags&post=22757"}],"curies":[{"name":"wp","href":"https:\/\/api.w.org\/{rel}","templated":true}]}}