{"id":22760,"date":"2019-05-06T21:39:30","date_gmt":"2019-05-06T19:39:30","guid":{"rendered":"http:\/\/www.portaldelolleria.es\/?p=22760"},"modified":"2019-05-06T21:39:30","modified_gmt":"2019-05-06T19:39:30","slug":"la-banda-de-cornetas-celebro-el-%e2%80%9cdia-de-la-madre%e2%80%9d","status":"publish","type":"post","link":"http:\/\/www.portaldelolleria.es\/?p=22760","title":{"rendered":"La Banda de Cornetas celebr\u00f3 el \u201cD\u00eda de la Madre\u201d."},"content":{"rendered":"<p><a href=\"http:\/\/www.portaldelolleria.es\/wp-content\/uploads\/2019\/05\/banda5mayo.jpg\"><img loading=\"lazy\" class=\"aligncenter size-full wp-image-22762\" title=\"banda5mayo\" src=\"http:\/\/www.portaldelolleria.es\/wp-content\/uploads\/2019\/05\/banda5mayo.jpg\" alt=\"\" width=\"598\" height=\"396\" srcset=\"http:\/\/www.portaldelolleria.es\/wp-content\/uploads\/2019\/05\/banda5mayo.jpg 598w, http:\/\/www.portaldelolleria.es\/wp-content\/uploads\/2019\/05\/banda5mayo-300x198.jpg 300w\" sizes=\"(max-width: 598px) 100vw, 598px\" \/><\/a><\/p>\n<p>&nbsp;<\/p>\n<p>La Banda de Cornetas y Tambores ha conmemorado el d\u00eda de la Madre,\u00a0 con su tradicional\u00a0 desfile por las calles de l\u2019Olleria.\u00a0\u00a0 El pasado s\u00e1bado, algunas\u00a0 madres de miembros de la Banda,\u00a0 recibieron un \u201cdetalle\u201d en reconocimiento por su condici\u00f3n de madres, adem\u00e1s del apoyo incondicional en muchas actividades de la propia Banda.<\/p>\n<p>_____________________<\/p>\n<p><span style=\"color: #003366;\">La Banda de Cornetes i Tambors ha commemorat el dia de la Mare, amb la seua tradicional desfilada pels carrers de l\u2019Olleria. Dissabte passat, algunes mares de membres de la Banda, van rebre un \u201cdetall\u201d en reconeixement per la seua condici\u00f3 de mares, a m\u00e9s del suport que mostren desinteressadament en moltes activitats de la pr\u00f2pia Banda.<\/span><\/p>\n<p><a href=\"https:\/\/www.flickr.com\/photos\/162906402@N05\/albums\/72157704963714692\" target=\"_blank\"><img loading=\"lazy\" class=\"aligncenter size-full wp-image-22761\" title=\"banda5mayo2\" src=\"http:\/\/www.portaldelolleria.es\/wp-content\/uploads\/2019\/05\/banda5mayo2.jpg\" alt=\"\" width=\"598\" height=\"333\" srcset=\"http:\/\/www.portaldelolleria.es\/wp-content\/uploads\/2019\/05\/banda5mayo2.jpg 598w, http:\/\/www.portaldelolleria.es\/wp-content\/uploads\/2019\/05\/banda5mayo2-300x167.jpg 300w\" sizes=\"(max-width: 598px) 100vw, 598px\" \/><\/a><\/p>\n","protected":false},"excerpt":{"rendered":"<p>&nbsp; La Banda de Cornetas y Tambores ha conmemorado el d\u00eda de la Madre,\u00a0 con su tradicional\u00a0 desfile por las calles de l\u2019Olleria.\u00a0\u00a0 El pasado s\u00e1bado, algunas\u00a0 madres de miembros de la Banda,\u00a0 recibieron un \u201cdetalle\u201d en reconocimiento por su condici\u00f3n de madres, adem\u00e1s del apoyo incondicional en muchas actividades de la propia Banda. _____________________ [&hellip;]<\/p>\n","protected":false},"author":1,"featured_media":0,"comment_status":"closed","ping_status":"open","sticky":false,"template":"","format":"standard","meta":{"_monsterinsights_skip_tracking":false,"_monsterinsights_sitenote_active":false,"_monsterinsights_sitenote_note":"","_monsterinsights_sitenote_category":0},"categories":[16,12],"tags":[],"_links":{"self":[{"href":"http:\/\/www.portaldelolleria.es\/index.php?rest_route=\/wp\/v2\/posts\/22760"}],"collection":[{"href":"http:\/\/www.portaldelolleria.es\/index.php?rest_route=\/wp\/v2\/posts"}],"about":[{"href":"http:\/\/www.portaldelolleria.es\/index.php?rest_route=\/wp\/v2\/types\/post"}],"author":[{"embeddable":true,"href":"http:\/\/www.portaldelolleria.es\/index.php?rest_route=\/wp\/v2\/users\/1"}],"replies":[{"embeddable":true,"href":"http:\/\/www.portaldelolleria.es\/index.php?rest_route=%2Fwp%2Fv2%2Fcomments&post=22760"}],"version-history":[{"count":1,"href":"http:\/\/www.portaldelolleria.es\/index.php?rest_route=\/wp\/v2\/posts\/22760\/revisions"}],"predecessor-version":[{"id":22763,"href":"http:\/\/www.portaldelolleria.es\/index.php?rest_route=\/wp\/v2\/posts\/22760\/revisions\/22763"}],"wp:attachment":[{"href":"http:\/\/www.portaldelolleria.es\/index.php?rest_route=%2Fwp%2Fv2%2Fmedia&parent=22760"}],"wp:term":[{"taxonomy":"category","embeddable":true,"href":"http:\/\/www.portaldelolleria.es\/index.php?rest_route=%2Fwp%2Fv2%2Fcategories&post=22760"},{"taxonomy":"post_tag","embeddable":true,"href":"http:\/\/www.portaldelolleria.es\/index.php?rest_route=%2Fwp%2Fv2%2Ftags&post=22760"}],"curies":[{"name":"wp","href":"https:\/\/api.w.org\/{rel}","templated":true}]}}