{"id":22780,"date":"2019-05-10T17:19:27","date_gmt":"2019-05-10T15:19:27","guid":{"rendered":"http:\/\/www.portaldelolleria.es\/?p=22780"},"modified":"2019-05-10T17:21:56","modified_gmt":"2019-05-10T15:21:56","slug":"la-diputacio-ayudara-a-los-campaneros-de-albaida-a-mantener-la-tradicion-del-toque-manual","status":"publish","type":"post","link":"http:\/\/www.portaldelolleria.es\/?p=22780","title":{"rendered":"La Diputaci\u00f3 ayudar\u00e1 a los campaneros de Albaida a mantener la tradici\u00f3n del toque manual"},"content":{"rendered":"<p><a href=\"http:\/\/www.portaldelolleria.es\/wp-content\/uploads\/2019\/05\/campaneros2.jpg\"><img loading=\"lazy\" class=\"aligncenter size-full wp-image-22782\" title=\"campaneros2\" src=\"http:\/\/www.portaldelolleria.es\/wp-content\/uploads\/2019\/05\/campaneros2.jpg\" alt=\"\" width=\"598\" height=\"398\" srcset=\"http:\/\/www.portaldelolleria.es\/wp-content\/uploads\/2019\/05\/campaneros2.jpg 598w, http:\/\/www.portaldelolleria.es\/wp-content\/uploads\/2019\/05\/campaneros2-300x199.jpg 300w\" sizes=\"(max-width: 598px) 100vw, 598px\" \/><\/a><em><span style=\"color: #888888;\">Diputaci\u00f3n de Valencia, 10 de mayo de 2019<\/span><\/em><\/p>\n<p style=\"text-align: justify;\"><strong>La Diputaci\u00f3 ayudar\u00e1 a los campaneros de Albaida a mantener la tradici\u00f3n del toque manual <\/strong><\/p>\n<ul style=\"text-align: justify;\">\n<li><strong>El presidente, Toni Gaspar, visita el municipio de la Vall y felicita al colectivo local por el reconocimiento estatal que acerca esta pr\u00e1ctica a su declaraci\u00f3n como Patrimonio de la Humanidad <\/strong><\/li>\n<\/ul>\n<p style=\"text-align: justify;\"><strong>10\/mayo\/2019.<\/strong> El municipio de Albaida, en la comarca de la Vall d\u2019Albaida, es el \u00fanico de la provincia que ha mantenido de forma ininterrumpida el toque manual de campanas desde el siglo XIII, una tradici\u00f3n ancestral que la Diputaci\u00f3 ayudar\u00e1 a proteger con el mantenimiento de la escuela de campaneros y de las infraestructuras que hacen posible esta pr\u00e1ctica en peligro de extinci\u00f3n.<\/p>\n<p style=\"text-align: justify;\">El presidente de la corporaci\u00f3n provincial, Toni Gaspar, comparti\u00f3 con el colectivo de campaneros de Albaida una de las exhibiciones sonoras de este toque, amenazado por la mecanizaci\u00f3n y las ordenanzas de contaminaci\u00f3n ac\u00fastica que lo han hecho desaparecer en muchos municipios.<\/p>\n<p style=\"text-align: justify;\">Esta realidad hace que los campaneros de Albaida busquen proteger el toque manual, y qu\u00e9 mejor manera que la declaraci\u00f3n como Patrimonio de la Humanidad por parte de la Unesco, un reconocimiento que est\u00e1 m\u00e1s cerca despu\u00e9s de declararse BIC en la Comunitat en 2013 y de ser considerada como Manifestaci\u00f3n Representativa del Patrimonio Cultural Inmaterial en el Consejo de Ministros de abril de este mismo a\u00f1o.<\/p>\n<p style=\"text-align: justify;\">Gaspar, que aprovech\u00f3 su visita a Albaida para firmar en el libro de honor del ayuntamiento, acompa\u00f1ado por el alcalde, Josep Antoni Albert, y parte de la corporaci\u00f3n local, felicit\u00f3 al gremio de campaneros por este reconocimiento estatal y les anim\u00f3 a mantener viva esta tradici\u00f3n que proyecta su encanto y singularidad con m\u00e1s de 3.000 sonidos al a\u00f1o.<\/p>\n<p style=\"text-align: justify;\">_______________________________<\/p>\n<p style=\"text-align: justify;\"><span style=\"color: #003366;\"><strong>La Diputaci\u00f3 ajudar\u00e0 els campaners d&#8217;Albaida a mantindre la tradici\u00f3 del toc manual\u00a0<\/strong><\/span><\/p>\n<ul style=\"text-align: justify;\">\n<li><span style=\"color: #003366;\"><strong>El president, Toni Gaspar, visita el municipi de la Vall i felicita el col\u00b7lectiu local pel reconeixement estatal que acosta aquesta pr\u00e0ctica a la seua declaraci\u00f3 com a Patrimoni de la Humanitat<\/strong><\/span><\/li>\n<\/ul>\n<p style=\"text-align: justify;\"><span style=\"color: #003366;\"><strong>10\/maig\/2019.<\/strong> El municipi d&#8217;Albaida, a la comarca de la Vall d&#8217;Albaida, \u00e9s l&#8217;\u00fanic de la prov\u00edncia que ha mantingut de forma ininterrompuda el toc manual de campanes des del segle XIII, una tradici\u00f3 ancestral que la Diputaci\u00f3 ajudar\u00e0 a protegir amb el manteniment de l&#8217;escola de campaners i de les infraestructures que fan possible aquesta pr\u00e0ctica en perill d&#8217;extinci\u00f3.<\/span><\/p>\n<p style=\"text-align: justify;\"><span style=\"color: #003366;\">El president de la corporaci\u00f3 provincial, Toni Gaspar, va compartir amb el col\u00b7lectiu de campaners d&#8217;Albaida una de les exhibicions sonores d&#8217;aquest toc, amena\u00e7at per la mecanitzaci\u00f3 i les ordenances de contaminaci\u00f3 ac\u00fastica que ho han fet desapar\u00e9ixer en molts municipis.\u00a0<\/span><\/p>\n<p style=\"text-align: justify;\"><span style=\"color: #003366;\">Aquesta realitat fa que els campaners d&#8217;Albaida busquen protegir el toc manual, i quina millor manera que la declaraci\u00f3 com a Patrimoni de la Humanitat per part de la Unesco, un reconeixement que est\u00e0 m\u00e9s a prop despr\u00e9s de declarar-se BIC en la Comunitat en 2013 i de ser considerada com a Manifestaci\u00f3 Representativa del Patrimoni Cultural Immaterial en el Consell de Ministres d&#8217;abril d&#8217;aquest mateix any.<\/span><\/p>\n<p style=\"text-align: justify;\"><span style=\"color: #003366;\">Gaspar, que va aprofitar la seua visita a Albaida per a signar en el llibre d&#8217;honor de l&#8217;ajuntament, acompanyat per l&#8217;alcalde, Josep Antoni Albert, i part de la corporaci\u00f3 local, va felicitar el gremi de campaners per aquest reconeixement estatal i els va animar a mantindre viva aquesta tradici\u00f3 que projecta el seu encant i singularitat amb m\u00e9s de 3.000 sons a l&#8217;any<\/span><\/p>\n<p style=\"text-align: justify;\"><a href=\"http:\/\/www.portaldelolleria.es\/wp-content\/uploads\/2019\/05\/campaneros1.jpg\"><img loading=\"lazy\" class=\"aligncenter size-full wp-image-22781\" title=\"campaneros1\" src=\"http:\/\/www.portaldelolleria.es\/wp-content\/uploads\/2019\/05\/campaneros1.jpg\" alt=\"\" width=\"598\" height=\"398\" srcset=\"http:\/\/www.portaldelolleria.es\/wp-content\/uploads\/2019\/05\/campaneros1.jpg 598w, http:\/\/www.portaldelolleria.es\/wp-content\/uploads\/2019\/05\/campaneros1-300x199.jpg 300w\" sizes=\"(max-width: 598px) 100vw, 598px\" \/><\/a><\/p>\n","protected":false},"excerpt":{"rendered":"<p>Diputaci\u00f3n de Valencia, 10 de mayo de 2019 La Diputaci\u00f3 ayudar\u00e1 a los campaneros de Albaida a mantener la tradici\u00f3n del toque manual El presidente, Toni Gaspar, visita el municipio de la Vall y felicita al colectivo local por el reconocimiento estatal que acerca esta pr\u00e1ctica a su declaraci\u00f3n como Patrimonio de la Humanidad 10\/mayo\/2019. [&hellip;]<\/p>\n","protected":false},"author":1,"featured_media":0,"comment_status":"closed","ping_status":"open","sticky":false,"template":"","format":"standard","meta":{"_monsterinsights_skip_tracking":false,"_monsterinsights_sitenote_active":false,"_monsterinsights_sitenote_note":"","_monsterinsights_sitenote_category":0},"categories":[16,12],"tags":[],"_links":{"self":[{"href":"http:\/\/www.portaldelolleria.es\/index.php?rest_route=\/wp\/v2\/posts\/22780"}],"collection":[{"href":"http:\/\/www.portaldelolleria.es\/index.php?rest_route=\/wp\/v2\/posts"}],"about":[{"href":"http:\/\/www.portaldelolleria.es\/index.php?rest_route=\/wp\/v2\/types\/post"}],"author":[{"embeddable":true,"href":"http:\/\/www.portaldelolleria.es\/index.php?rest_route=\/wp\/v2\/users\/1"}],"replies":[{"embeddable":true,"href":"http:\/\/www.portaldelolleria.es\/index.php?rest_route=%2Fwp%2Fv2%2Fcomments&post=22780"}],"version-history":[{"count":3,"href":"http:\/\/www.portaldelolleria.es\/index.php?rest_route=\/wp\/v2\/posts\/22780\/revisions"}],"predecessor-version":[{"id":22784,"href":"http:\/\/www.portaldelolleria.es\/index.php?rest_route=\/wp\/v2\/posts\/22780\/revisions\/22784"}],"wp:attachment":[{"href":"http:\/\/www.portaldelolleria.es\/index.php?rest_route=%2Fwp%2Fv2%2Fmedia&parent=22780"}],"wp:term":[{"taxonomy":"category","embeddable":true,"href":"http:\/\/www.portaldelolleria.es\/index.php?rest_route=%2Fwp%2Fv2%2Fcategories&post=22780"},{"taxonomy":"post_tag","embeddable":true,"href":"http:\/\/www.portaldelolleria.es\/index.php?rest_route=%2Fwp%2Fv2%2Ftags&post=22780"}],"curies":[{"name":"wp","href":"https:\/\/api.w.org\/{rel}","templated":true}]}}