{"id":22790,"date":"2019-05-10T17:50:18","date_gmt":"2019-05-10T15:50:18","guid":{"rendered":"http:\/\/www.portaldelolleria.es\/?p=22790"},"modified":"2019-05-10T18:03:09","modified_gmt":"2019-05-10T16:03:09","slug":"festival-de-danzas-el-revol-3","status":"publish","type":"post","link":"http:\/\/www.portaldelolleria.es\/?p=22790","title":{"rendered":"Festival de Danzas El Revol"},"content":{"rendered":"<p><a href=\"http:\/\/www.portaldelolleria.es\/wp-content\/uploads\/2019\/05\/elrevol.jpg\"><img loading=\"lazy\" class=\"aligncenter size-full wp-image-22792\" title=\"elrevol\" src=\"http:\/\/www.portaldelolleria.es\/wp-content\/uploads\/2019\/05\/elrevol.jpg\" alt=\"\" width=\"598\" height=\"396\" srcset=\"http:\/\/www.portaldelolleria.es\/wp-content\/uploads\/2019\/05\/elrevol.jpg 598w, http:\/\/www.portaldelolleria.es\/wp-content\/uploads\/2019\/05\/elrevol-300x198.jpg 300w\" sizes=\"(max-width: 598px) 100vw, 598px\" \/><\/a><\/p>\n<p>&nbsp;<\/p>\n<p style=\"text-align: justify;\"><strong>FESTIVAL DE DANZAS EL REVOL<\/strong><\/p>\n<p style=\"text-align: justify;\"><strong><\/strong>S\u00e1bado 11 de mayo, Teatro Goya<\/p>\n<p style=\"text-align: justify;\">El grupo de danzas <strong>El Revol<\/strong> celebra un festival con la participaci\u00f3n de diferentes grupos. A las 19h pasacalles desde la Font Nova y a las 19.30h comenzar\u00e1 el festival en el Teatro Goya.<strong> Entrada solidaria<\/strong> que consiste en la donaci\u00f3n de un alimento por persona, todos los productos aportados entregar\u00e1n a <strong>C\u00e1ritas Parroquial<\/strong>.<\/p>\n<p style=\"text-align: justify;\">19H. Pasacalles desde la Fuente Nueva<br \/>\n19.30H. Actuaciones en el Teatro Goya<\/p>\n<p style=\"text-align: justify;\">(Participan grupos de Ontinyent, Castell\u00f3 de Rugat, Albaida, Ontinyent, Aielo de Malferit y l&#8217;Olleria)<\/p>\n<p style=\"text-align: justify;\">___________________________<\/p>\n<p style=\"text-align: justify;\"><span style=\"color: #003366;\"><strong>FESTIVAL DE DANSES EL REVOL<\/strong><\/span><\/p>\n<p style=\"text-align: justify;\"><span style=\"color: #003366;\">Dissabte 11 de maig, Teatre Goya<\/span><\/p>\n<p style=\"text-align: justify;\"><span style=\"color: #003366;\">El grup de danses\u00a0<strong>El Revol\u00a0<\/strong>celebra un festival amb la participaci\u00f3 de diferents grups. A les 19h passacarrer des de la Font Nova i a les 19.30h comen\u00e7ar\u00e0 el festival en el Teatre Goya. <strong>Entrada solid\u00e0ria<\/strong>\u00a0 que consisteix en la donaci\u00f3 d\u2019un aliment per persona, tots els productes aportats s\u2019entregaran a <strong>C\u00e0ritas Parroquial.<\/strong><\/span><\/p>\n<ul style=\"text-align: justify;\">\n<li><span style=\"color: #003366;\">19H. Cercavila des de la Font Nova<\/span><\/li>\n<li><span style=\"color: #003366;\">19.30H. Actuacions en el Teatre Goya<\/span><\/li>\n<\/ul>\n<p style=\"text-align: justify;\"><span style=\"color: #003366;\">(Participen grups d\u2019Ontinyent, Castell\u00f3 de Rugat, Albaida, Ontinyent, Aielo de Malferit i l\u2019Olleria)<\/span><\/p>\n<p><a href=\"http:\/\/www.portaldelolleria.es\/wp-content\/uploads\/2019\/05\/cartell-el-revol-2019.jpg\"><img loading=\"lazy\" class=\"aligncenter size-full wp-image-22791\" title=\"cartell el revol 2019\" src=\"http:\/\/www.portaldelolleria.es\/wp-content\/uploads\/2019\/05\/cartell-el-revol-2019.jpg\" alt=\"\" width=\"598\" height=\"846\" srcset=\"http:\/\/www.portaldelolleria.es\/wp-content\/uploads\/2019\/05\/cartell-el-revol-2019.jpg 598w, http:\/\/www.portaldelolleria.es\/wp-content\/uploads\/2019\/05\/cartell-el-revol-2019-212x300.jpg 212w\" sizes=\"(max-width: 598px) 100vw, 598px\" \/><\/a><\/p>\n","protected":false},"excerpt":{"rendered":"<p>&nbsp; FESTIVAL DE DANZAS EL REVOL S\u00e1bado 11 de mayo, Teatro Goya El grupo de danzas El Revol celebra un festival con la participaci\u00f3n de diferentes grupos. A las 19h pasacalles desde la Font Nova y a las 19.30h comenzar\u00e1 el festival en el Teatro Goya. Entrada solidaria que consiste en la donaci\u00f3n de un [&hellip;]<\/p>\n","protected":false},"author":1,"featured_media":0,"comment_status":"closed","ping_status":"open","sticky":false,"template":"","format":"standard","meta":{"_monsterinsights_skip_tracking":false,"_monsterinsights_sitenote_active":false,"_monsterinsights_sitenote_note":"","_monsterinsights_sitenote_category":0},"categories":[16,12],"tags":[],"_links":{"self":[{"href":"http:\/\/www.portaldelolleria.es\/index.php?rest_route=\/wp\/v2\/posts\/22790"}],"collection":[{"href":"http:\/\/www.portaldelolleria.es\/index.php?rest_route=\/wp\/v2\/posts"}],"about":[{"href":"http:\/\/www.portaldelolleria.es\/index.php?rest_route=\/wp\/v2\/types\/post"}],"author":[{"embeddable":true,"href":"http:\/\/www.portaldelolleria.es\/index.php?rest_route=\/wp\/v2\/users\/1"}],"replies":[{"embeddable":true,"href":"http:\/\/www.portaldelolleria.es\/index.php?rest_route=%2Fwp%2Fv2%2Fcomments&post=22790"}],"version-history":[{"count":3,"href":"http:\/\/www.portaldelolleria.es\/index.php?rest_route=\/wp\/v2\/posts\/22790\/revisions"}],"predecessor-version":[{"id":22794,"href":"http:\/\/www.portaldelolleria.es\/index.php?rest_route=\/wp\/v2\/posts\/22790\/revisions\/22794"}],"wp:attachment":[{"href":"http:\/\/www.portaldelolleria.es\/index.php?rest_route=%2Fwp%2Fv2%2Fmedia&parent=22790"}],"wp:term":[{"taxonomy":"category","embeddable":true,"href":"http:\/\/www.portaldelolleria.es\/index.php?rest_route=%2Fwp%2Fv2%2Fcategories&post=22790"},{"taxonomy":"post_tag","embeddable":true,"href":"http:\/\/www.portaldelolleria.es\/index.php?rest_route=%2Fwp%2Fv2%2Ftags&post=22790"}],"curies":[{"name":"wp","href":"https:\/\/api.w.org\/{rel}","templated":true}]}}