{"id":22863,"date":"2019-05-27T00:39:53","date_gmt":"2019-05-26T22:39:53","guid":{"rendered":"http:\/\/www.portaldelolleria.es\/?p=22863"},"modified":"2019-05-27T01:51:57","modified_gmt":"2019-05-26T23:51:57","slug":"resultados-elecciones-municipales-en-lolleria-y-poblaciones-vecinas","status":"publish","type":"post","link":"http:\/\/www.portaldelolleria.es\/?p=22863","title":{"rendered":"Resultados elecciones municipales en l&#8217;Olleria y poblaciones vecinas"},"content":{"rendered":"<p><a href=\"http:\/\/www.portaldelolleria.es\/wp-content\/uploads\/2019\/05\/26m2.jpg\"><img loading=\"lazy\" class=\"aligncenter size-full wp-image-22871\" title=\"26m2\" src=\"http:\/\/www.portaldelolleria.es\/wp-content\/uploads\/2019\/05\/26m2.jpg\" alt=\"\" width=\"486\" height=\"366\" srcset=\"http:\/\/www.portaldelolleria.es\/wp-content\/uploads\/2019\/05\/26m2.jpg 486w, http:\/\/www.portaldelolleria.es\/wp-content\/uploads\/2019\/05\/26m2-300x225.jpg 300w\" sizes=\"(max-width: 486px) 100vw, 486px\" \/><\/a><\/p>\n<p>&nbsp;<\/p>\n<p>El Partido Popular obtiene la mayor\u00eda absoluta al obtener 7 concejales, frente a los 5 de de Compromis y el concejal del PSPV.<\/p>\n<p><em><a href=\"https:\/\/www.levante-emv.com\/costera\/2019\/05\/26\/pp-logra-mayoria-absoluta-lolleria\/1880433.html?fbclid=IwAR3Xt6PDFL5OiNZQIneJOXIxw-ya8rAODETelm97KyZsxmurGPHO2PLLnMI\" target=\"_blank\">Levante EMV <\/a>27\/05\/2019<\/em><\/p>\n<h2>El PP logra la mayor\u00eda absoluta en l&#8217;Olleria, reconquista Montaverner<\/h2>\n<h3>Los populares arrebatan a Comprom\u00eds el segundo municipio m\u00e1s poblado de la Vall d&#8217;Albaida<\/h3>\n<p>sg. x\u00e0tiva 27.05.2019 | 00:48<\/p>\n<p style=\"text-align: justify;\">A contracorriente, el PP ha logrado una mayor\u00eda absoluta important\u00edsima en el segundo municipio m\u00e1s poblado de la Vall d&#8217;Albaida. Los populares de Ram\u00f3n Vidal suman 7 concejales en l&#8217;Olleria (el 47% de los votos) y desplazar\u00e1n del gobierno a Comprom\u00eds, a pesar de que la coalici\u00f3n valencianista mantiene los 5 ediles de 2015. El PSPV ha pagado su crisis con un edil menos, mientras que Dem\u00f2crates Valencians se ha quedado a 50 papeletas de entrar en el ayuntamiento.<\/p>\n<p style=\"text-align: justify;\">Montaverner es otra de las poblaciones reconquistadas por el PP en la Vall d&#8217;Albaida. La formaci\u00f3n ha logrado cinco concejales y casi el 47% de los apoyos, arrebatando el gobierno a la coalici\u00f3n PSPV-Comprom\u00eds.<\/p>\n<p>&nbsp;<\/p>\n<p><a href=\"http:\/\/www.portaldelolleria.es\/wp-content\/uploads\/2019\/05\/26m3.jpg\"><img loading=\"lazy\" class=\"aligncenter size-full wp-image-22864\" title=\"26m3\" src=\"http:\/\/www.portaldelolleria.es\/wp-content\/uploads\/2019\/05\/26m3.jpg\" alt=\"\" width=\"488\" height=\"375\" srcset=\"http:\/\/www.portaldelolleria.es\/wp-content\/uploads\/2019\/05\/26m3.jpg 488w, http:\/\/www.portaldelolleria.es\/wp-content\/uploads\/2019\/05\/26m3-300x230.jpg 300w\" sizes=\"(max-width: 488px) 100vw, 488px\" \/><\/a><\/p>\n<p style=\"text-align: center;\"><a href=\"http:\/\/www.portaldelolleria.es\/wp-content\/uploads\/2019\/05\/26m.jpg\"><img loading=\"lazy\" class=\"aligncenter size-full wp-image-22865\" title=\"26m\" src=\"http:\/\/www.portaldelolleria.es\/wp-content\/uploads\/2019\/05\/26m.jpg\" alt=\"\" width=\"544\" height=\"576\" srcset=\"http:\/\/www.portaldelolleria.es\/wp-content\/uploads\/2019\/05\/26m.jpg 544w, http:\/\/www.portaldelolleria.es\/wp-content\/uploads\/2019\/05\/26m-283x300.jpg 283w\" sizes=\"(max-width: 544px) 100vw, 544px\" \/><\/a><\/p>\n<p style=\"text-align: center;\">votos en mesa<\/p>\n<p style=\"text-align: center;\"><a href=\"http:\/\/www.portaldelolleria.es\/wp-content\/uploads\/2019\/05\/IMG-20190526-WA0003-2.jpg\"><img loading=\"lazy\" class=\"aligncenter size-full wp-image-22877\" title=\"IMG-20190526-WA0003 (2)\" src=\"http:\/\/www.portaldelolleria.es\/wp-content\/uploads\/2019\/05\/IMG-20190526-WA0003-2.jpg\" alt=\"\" width=\"647\" height=\"361\" srcset=\"http:\/\/www.portaldelolleria.es\/wp-content\/uploads\/2019\/05\/IMG-20190526-WA0003-2.jpg 647w, http:\/\/www.portaldelolleria.es\/wp-content\/uploads\/2019\/05\/IMG-20190526-WA0003-2-300x167.jpg 300w\" sizes=\"(max-width: 647px) 100vw, 647px\" \/><\/a><\/p>\n<p style=\"text-align: center;\">\/\/\/\/\/\/\/\/\/\/\/\/\/\/\/\/\/\/\/\/\/\/\/\/\/<\/p>\n<p style=\"text-align: center;\"><a href=\"http:\/\/www.portaldelolleria.es\/wp-content\/uploads\/2019\/05\/aielo2.jpg\"><img loading=\"lazy\" class=\"aligncenter size-full wp-image-22880\" title=\"aielo\" src=\"http:\/\/www.portaldelolleria.es\/wp-content\/uploads\/2019\/05\/aielo2.jpg\" alt=\"\" width=\"496\" height=\"432\" srcset=\"http:\/\/www.portaldelolleria.es\/wp-content\/uploads\/2019\/05\/aielo2.jpg 496w, http:\/\/www.portaldelolleria.es\/wp-content\/uploads\/2019\/05\/aielo2-300x261.jpg 300w\" sizes=\"(max-width: 496px) 100vw, 496px\" \/><\/a><\/p>\n<p style=\"text-align: center;\"><span style=\"color: #800000;\"><strong><br \/>\n<\/strong><\/span><\/p>\n<p style=\"text-align: center;\"><a href=\"http:\/\/www.portaldelolleria.es\/wp-content\/uploads\/2019\/05\/alfarrassi.jpg\"><img loading=\"lazy\" class=\"aligncenter size-full wp-image-22867\" title=\"alfarrassi\" src=\"http:\/\/www.portaldelolleria.es\/wp-content\/uploads\/2019\/05\/alfarrassi.jpg\" alt=\"\" width=\"500\" height=\"434\" srcset=\"http:\/\/www.portaldelolleria.es\/wp-content\/uploads\/2019\/05\/alfarrassi.jpg 500w, http:\/\/www.portaldelolleria.es\/wp-content\/uploads\/2019\/05\/alfarrassi-300x260.jpg 300w\" sizes=\"(max-width: 500px) 100vw, 500px\" \/><\/a><\/p>\n<p style=\"text-align: center;\"><a href=\"http:\/\/www.portaldelolleria.es\/wp-content\/uploads\/2019\/05\/montaverner.jpg\"><img loading=\"lazy\" class=\"aligncenter size-full wp-image-22868\" title=\"montaverner\" src=\"http:\/\/www.portaldelolleria.es\/wp-content\/uploads\/2019\/05\/montaverner.jpg\" alt=\"\" width=\"492\" height=\"446\" srcset=\"http:\/\/www.portaldelolleria.es\/wp-content\/uploads\/2019\/05\/montaverner.jpg 492w, http:\/\/www.portaldelolleria.es\/wp-content\/uploads\/2019\/05\/montaverner-300x271.jpg 300w\" sizes=\"(max-width: 492px) 100vw, 492px\" \/><\/a><\/p>\n<p style=\"text-align: center;\"><a href=\"http:\/\/www.portaldelolleria.es\/wp-content\/uploads\/2019\/05\/guadassequies.jpg\"><img loading=\"lazy\" class=\"aligncenter size-full wp-image-22869\" title=\"guadassequies\" src=\"http:\/\/www.portaldelolleria.es\/wp-content\/uploads\/2019\/05\/guadassequies.jpg\" alt=\"\" width=\"500\" height=\"434\" srcset=\"http:\/\/www.portaldelolleria.es\/wp-content\/uploads\/2019\/05\/guadassequies.jpg 500w, http:\/\/www.portaldelolleria.es\/wp-content\/uploads\/2019\/05\/guadassequies-300x260.jpg 300w\" sizes=\"(max-width: 500px) 100vw, 500px\" \/><\/a><\/p>\n<p style=\"text-align: center;\"><a href=\"http:\/\/www.portaldelolleria.es\/wp-content\/uploads\/2019\/05\/bellus.jpg\"><img loading=\"lazy\" class=\"aligncenter size-full wp-image-22870\" title=\"bellus\" src=\"http:\/\/www.portaldelolleria.es\/wp-content\/uploads\/2019\/05\/bellus.jpg\" alt=\"\" width=\"500\" height=\"434\" srcset=\"http:\/\/www.portaldelolleria.es\/wp-content\/uploads\/2019\/05\/bellus.jpg 500w, http:\/\/www.portaldelolleria.es\/wp-content\/uploads\/2019\/05\/bellus-300x260.jpg 300w\" sizes=\"(max-width: 500px) 100vw, 500px\" \/><\/a><\/p>\n","protected":false},"excerpt":{"rendered":"<p>&nbsp; El Partido Popular obtiene la mayor\u00eda absoluta al obtener 7 concejales, frente a los 5 de de Compromis y el concejal del PSPV. Levante EMV 27\/05\/2019 El PP logra la mayor\u00eda absoluta en l&#8217;Olleria, reconquista Montaverner Los populares arrebatan a Comprom\u00eds el segundo municipio m\u00e1s poblado de la Vall d&#8217;Albaida sg. x\u00e0tiva 27.05.2019 | [&hellip;]<\/p>\n","protected":false},"author":1,"featured_media":0,"comment_status":"closed","ping_status":"open","sticky":false,"template":"","format":"standard","meta":{"_monsterinsights_skip_tracking":false,"_monsterinsights_sitenote_active":false,"_monsterinsights_sitenote_note":"","_monsterinsights_sitenote_category":0},"categories":[3,12],"tags":[],"_links":{"self":[{"href":"http:\/\/www.portaldelolleria.es\/index.php?rest_route=\/wp\/v2\/posts\/22863"}],"collection":[{"href":"http:\/\/www.portaldelolleria.es\/index.php?rest_route=\/wp\/v2\/posts"}],"about":[{"href":"http:\/\/www.portaldelolleria.es\/index.php?rest_route=\/wp\/v2\/types\/post"}],"author":[{"embeddable":true,"href":"http:\/\/www.portaldelolleria.es\/index.php?rest_route=\/wp\/v2\/users\/1"}],"replies":[{"embeddable":true,"href":"http:\/\/www.portaldelolleria.es\/index.php?rest_route=%2Fwp%2Fv2%2Fcomments&post=22863"}],"version-history":[{"count":8,"href":"http:\/\/www.portaldelolleria.es\/index.php?rest_route=\/wp\/v2\/posts\/22863\/revisions"}],"predecessor-version":[{"id":22885,"href":"http:\/\/www.portaldelolleria.es\/index.php?rest_route=\/wp\/v2\/posts\/22863\/revisions\/22885"}],"wp:attachment":[{"href":"http:\/\/www.portaldelolleria.es\/index.php?rest_route=%2Fwp%2Fv2%2Fmedia&parent=22863"}],"wp:term":[{"taxonomy":"category","embeddable":true,"href":"http:\/\/www.portaldelolleria.es\/index.php?rest_route=%2Fwp%2Fv2%2Fcategories&post=22863"},{"taxonomy":"post_tag","embeddable":true,"href":"http:\/\/www.portaldelolleria.es\/index.php?rest_route=%2Fwp%2Fv2%2Ftags&post=22863"}],"curies":[{"name":"wp","href":"https:\/\/api.w.org\/{rel}","templated":true}]}}