{"id":22886,"date":"2019-05-27T20:09:13","date_gmt":"2019-05-27T18:09:13","guid":{"rendered":"http:\/\/www.portaldelolleria.es\/?p=22886"},"modified":"2019-05-27T20:23:50","modified_gmt":"2019-05-27T18:23:50","slug":"la-imaginacion-olleriense-triunfa-en-el-ideat-kids-del-campus-de-alcoy","status":"publish","type":"post","link":"http:\/\/www.portaldelolleria.es\/?p=22886","title":{"rendered":"La imaginaci\u00f3n olleriense triunfa en el \u00abideaT-kids del Campus de Alcoy\u00bb"},"content":{"rendered":"<div id=\"attachment_22889\" style=\"width: 608px\" class=\"wp-caption aligncenter\"><a href=\"http:\/\/www.portaldelolleria.es\/wp-content\/uploads\/2019\/05\/tkids.jpg\"><img aria-describedby=\"caption-attachment-22889\" loading=\"lazy\" class=\"size-full wp-image-22889\" title=\"tkids\" src=\"http:\/\/www.portaldelolleria.es\/wp-content\/uploads\/2019\/05\/tkids.jpg\" alt=\"\" width=\"598\" height=\"379\" srcset=\"http:\/\/www.portaldelolleria.es\/wp-content\/uploads\/2019\/05\/tkids.jpg 598w, http:\/\/www.portaldelolleria.es\/wp-content\/uploads\/2019\/05\/tkids-300x190.jpg 300w\" sizes=\"(max-width: 598px) 100vw, 598px\" \/><\/a><p id=\"caption-attachment-22889\" class=\"wp-caption-text\">Paula Garrido Sanz - Eva Blasco Soler - Vicent Momp\u00f3 Semper - Iker Tenesca Mart\u00ednez<\/p><\/div>\n<p>&nbsp;<\/p>\n<p><strong>Isabel La Cat\u00f3lica y Sanchis Guarner se hacer con los dos primeros premios del concurso<\/strong><\/p>\n<p><em>UPV Campus Alcoi, 27\/05\/2019<\/em><strong><\/strong><\/p>\n<p>El Concurso ideaT \u2013 kids del Campus de Alcoy de la UPV descubre a 375 peque\u00f1os emprendedores &#8211; El ganador ha sido el proyecto \u2018Taconets.com\u2019, del CEIP Isabel La Cat\u00f3lica de L\u2019Olleria<\/p>\n<p style=\"text-align: justify;\">Un total de 375 Alumnos de 5\u00ba y 6\u00ba de Educaci\u00f3n Primaria han participado en la 3\u00aa edici\u00f3n del Concurso ideaT \u2013 Kids, organizado por el Grado en Administraci\u00f3n y Direcci\u00f3n de Empresas (ADE) e Ideas UPV como \u00f3rgano impulsor y gestor de cuantas iniciativas empresariales nacen en la universidad.<\/p>\n<p style=\"text-align: justify;\">En esta tercera edici\u00f3n han participado 7 centros educativos: 5 de Alcoy y 2 de L\u2019Olleria. Este concurso tiene por objeto incentivar el desarrollo de competencias, habilidades, capacidades y aptitudes en materia de emprendimiento entre los alumnos de primaria, as\u00ed como favorecer el desarrollo de habilidades sociales y comunicativas y est\u00e1 destinado a los alumnos de centros educativos que estudien 5\u00ba o 6\u00ba curso de Educaci\u00f3n Primaria. El Concurso, donde los \u2018mini \u2013 emprendedores\u2019 han presentado sus trabajos, se ha celebrado en el Pabell\u00f3n de Deportes del Edificio \u201cGeorgina Blanes\u201d del Campus de Alcoy de la Universitat Polit\u00e8cnica de Val\u00e8ncia. En la edici\u00f3n de este a\u00f1o, el jurado que ha decidido los mejores proyectos est\u00e1 formado por Mar\u00eda Marquez G\u00f3mez, Directora de IDEAS UPV; Jaume Masi\u00e0 Va\u00f1\u00f3, Subdirector d\u2019Ocupaci\u00f3 i Emprenedoria del Campus d\u2019Alcoi la UPV; Ana Garc\u00eda Bernabeu, Directora Acad\u00e8mica del Grau en ADE; Cristina Mart\u00ed Barranco, T\u00e8cnica de la Unitat de Medi Ambient de la UPV; Manuel Gomicia Gim\u00e9nez, concejal de Universidad del Excmo, Ayuntamiento de Alcoy; Alberto Belda Ripoll, concejal de Educaci\u00f3n del Excmo, Ayuntamiento de Alcoy; Alba Terol Boronat, tutora de 6\u00ba de primaria y especialista de m\u00fasica del Colegio la Salle Alcoy; Ana M\u00aa Garc\u00eda Dom\u00e9nech, profesora de Primaria del Colegio Esclavas SCJ Alcoy; Julia Company, Directora general del IVACE; y Ignacio G\u00f3mez Orts, Presidente de FEDAC.<\/p>\n<p style=\"text-align: justify;\">Los premiados han sido los siguientes:<\/p>\n<p style=\"text-align: justify;\"><strong>PRIMER PREMIO: \u2018Taconets.com\u2019 del CEIP Isabel La Cat\u00f3lica, de L\u2019Olleria <\/strong><\/p>\n<p style=\"text-align: justify;\"><strong>SEGUNDO PREMIO: \u2018Maad dog\u2019s\u2019 del CEIP Manuel Sanchis Guarner, de L\u2019Olleria<\/strong><\/p>\n<p style=\"text-align: justify;\"><strong> TERCER PREMIO: \u2018Lo hago yo por ti\u2019, del Colegio Jos\u00e9 Arnauda, de Alcoy<\/strong><\/p>\n<div id=\"attachment_22892\" style=\"width: 608px\" class=\"wp-caption aligncenter\"><a href=\"http:\/\/www.portaldelolleria.es\/wp-content\/uploads\/2019\/05\/tkids11.jpg\"><img aria-describedby=\"caption-attachment-22892\" loading=\"lazy\" class=\"size-full wp-image-22892\" title=\"tkids1\" src=\"http:\/\/www.portaldelolleria.es\/wp-content\/uploads\/2019\/05\/tkids11.jpg\" alt=\"\" width=\"598\" height=\"398\" srcset=\"http:\/\/www.portaldelolleria.es\/wp-content\/uploads\/2019\/05\/tkids11.jpg 598w, http:\/\/www.portaldelolleria.es\/wp-content\/uploads\/2019\/05\/tkids11-300x199.jpg 300w\" sizes=\"(max-width: 598px) 100vw, 598px\" \/><\/a><p id=\"caption-attachment-22892\" class=\"wp-caption-text\">Alex Albi\u00f1ana Navarro - J\u00falia Esp\u00ed Momp\u00f3- Marc Ferrero Montaner - Andrea Sell\u00e9s Abell\u00e1n<\/p><\/div>\n<p style=\"text-align: justify;\"><a href=\"http:\/\/www.portaldelolleria.es\/wp-content\/uploads\/2019\/05\/tkids2.jpg\"><img loading=\"lazy\" class=\"aligncenter size-full wp-image-22888\" title=\"tkids2\" src=\"http:\/\/www.portaldelolleria.es\/wp-content\/uploads\/2019\/05\/tkids2.jpg\" alt=\"\" width=\"598\" height=\"376\" srcset=\"http:\/\/www.portaldelolleria.es\/wp-content\/uploads\/2019\/05\/tkids2.jpg 598w, http:\/\/www.portaldelolleria.es\/wp-content\/uploads\/2019\/05\/tkids2-300x188.jpg 300w\" sizes=\"(max-width: 598px) 100vw, 598px\" \/><\/a><\/p>\n","protected":false},"excerpt":{"rendered":"<p>&nbsp; Isabel La Cat\u00f3lica y Sanchis Guarner se hacer con los dos primeros premios del concurso UPV Campus Alcoi, 27\/05\/2019 El Concurso ideaT \u2013 kids del Campus de Alcoy de la UPV descubre a 375 peque\u00f1os emprendedores &#8211; El ganador ha sido el proyecto \u2018Taconets.com\u2019, del CEIP Isabel La Cat\u00f3lica de L\u2019Olleria Un total de [&hellip;]<\/p>\n","protected":false},"author":1,"featured_media":0,"comment_status":"closed","ping_status":"open","sticky":false,"template":"","format":"standard","meta":{"_monsterinsights_skip_tracking":false,"_monsterinsights_sitenote_active":false,"_monsterinsights_sitenote_note":"","_monsterinsights_sitenote_category":0},"categories":[10,12,1058],"tags":[],"_links":{"self":[{"href":"http:\/\/www.portaldelolleria.es\/index.php?rest_route=\/wp\/v2\/posts\/22886"}],"collection":[{"href":"http:\/\/www.portaldelolleria.es\/index.php?rest_route=\/wp\/v2\/posts"}],"about":[{"href":"http:\/\/www.portaldelolleria.es\/index.php?rest_route=\/wp\/v2\/types\/post"}],"author":[{"embeddable":true,"href":"http:\/\/www.portaldelolleria.es\/index.php?rest_route=\/wp\/v2\/users\/1"}],"replies":[{"embeddable":true,"href":"http:\/\/www.portaldelolleria.es\/index.php?rest_route=%2Fwp%2Fv2%2Fcomments&post=22886"}],"version-history":[{"count":5,"href":"http:\/\/www.portaldelolleria.es\/index.php?rest_route=\/wp\/v2\/posts\/22886\/revisions"}],"predecessor-version":[{"id":22896,"href":"http:\/\/www.portaldelolleria.es\/index.php?rest_route=\/wp\/v2\/posts\/22886\/revisions\/22896"}],"wp:attachment":[{"href":"http:\/\/www.portaldelolleria.es\/index.php?rest_route=%2Fwp%2Fv2%2Fmedia&parent=22886"}],"wp:term":[{"taxonomy":"category","embeddable":true,"href":"http:\/\/www.portaldelolleria.es\/index.php?rest_route=%2Fwp%2Fv2%2Fcategories&post=22886"},{"taxonomy":"post_tag","embeddable":true,"href":"http:\/\/www.portaldelolleria.es\/index.php?rest_route=%2Fwp%2Fv2%2Ftags&post=22886"}],"curies":[{"name":"wp","href":"https:\/\/api.w.org\/{rel}","templated":true}]}}