{"id":22973,"date":"2019-06-18T20:45:45","date_gmt":"2019-06-18T18:45:45","guid":{"rendered":"http:\/\/www.portaldelolleria.es\/?p=22973"},"modified":"2019-06-18T20:52:52","modified_gmt":"2019-06-18T18:52:52","slug":"la-asociacion-de-empresarios-de-lolleria-celebrara-el-viernes-28-de-junio-el-dia-del-emprendedor","status":"publish","type":"post","link":"http:\/\/www.portaldelolleria.es\/?p=22973","title":{"rendered":"La Asociaci\u00f3n de Empresarios de l&#8217;Olleria, celebrar\u00e1 el viernes 28 de junio el \u00abD\u00eda del emprendedor\u00bb"},"content":{"rendered":"<p style=\"text-align: justify;\"><a href=\"http:\/\/www.portaldelolleria.es\/wp-content\/uploads\/2019\/06\/513224.jpg\"><img loading=\"lazy\" class=\"aligncenter size-full wp-image-22974\" title=\"smiling group of businesspeople standing in circle\" src=\"http:\/\/www.portaldelolleria.es\/wp-content\/uploads\/2019\/06\/513224.jpg\" alt=\"\" width=\"598\" height=\"360\" srcset=\"http:\/\/www.portaldelolleria.es\/wp-content\/uploads\/2019\/06\/513224.jpg 598w, http:\/\/www.portaldelolleria.es\/wp-content\/uploads\/2019\/06\/513224-300x180.jpg 300w\" sizes=\"(max-width: 598px) 100vw, 598px\" \/><\/a><\/p>\n<p style=\"text-align: justify;\">La Asociaci\u00f3n de Empresarios de l\u2019Olleria, celebra el <strong>viernes 28 de junio<\/strong>,\u00a0 el \u201cDIA DEL EMPRENDEDOR\u201d en la Casa Santonja.<\/p>\n<p style=\"text-align: justify;\">La Asociaci\u00f3n de Empresarios de l\u2019Olleria (AEMO),\u00a0 tiene entre otros objetivos,\u00a0 fomentar la recuperaci\u00f3n del \u201cesp\u00edritu emprendedor\u201d que impulse la reanudaci\u00f3n del sector industrial local. La entidad se propone crear un clima social propicio que favorezca esta recuperaci\u00f3n con la que ayudar a las empresas y fomentar la creaci\u00f3n de otras nuevas.\u00a0 La jornada adem\u00e1s de brindar homenaje a los premiados en las distintas categorias, es un punto de encuentro entre asociados y dem\u00e1s empresarios de la localidad,\u00a0 que esten interesados en asistir.<\/p>\n<p style=\"text-align: justify;\">La jornada se iniciara a las 21 h<\/p>\n<p style=\"text-align: justify;\">Se otorgaran reconocimientos en tres categor\u00edas distintas:<\/p>\n<p style=\"text-align: justify;\">&#8211; \u00a0\u00a0\u00a0\u00a0\u00a0\u00a0\u00a0\u00a0\u00a0 Emprendedor\/a \u00a0\u00a0\u00a0\u00a0\u00a0\u00a0\u00a0\u00a0\u00a0\u00a0\u00a0\u00a0\u00a0\u00a0\u00a0\u00a0\u00a0\u00a0\u00a0\u00a0\u00a0\u00a0\u00a0\u00a0\u00a0 \u00a0\u00a0\u00a0\u00a0\u00a0\u00a0\u00a0\u00a0\u00a0 \u00a0 Persona<\/p>\n<p style=\"text-align: justify;\">&#8211; \u00a0\u00a0\u00a0\u00a0\u00a0\u00a0\u00a0\u00a0\u00a0 Emprendedor\/a Joven\u00a0\u00a0\u00a0\u00a0\u00a0\u00a0\u00a0\u00a0\u00a0\u00a0\u00a0\u00a0\u00a0\u00a0\u00a0\u00a0 \u00a0\u00a0\u00a0\u00a0\u00a0\u00a0\u00a0\u00a0\u00a0\u00a0 Persona<\/p>\n<p style=\"text-align: justify;\">&#8211; \u00a0\u00a0\u00a0\u00a0\u00a0\u00a0\u00a0\u00a0\u00a0 Empresa emprendedora \u00a0 \u00a0 \u00a0 \u00a0 \u00a0 \u00a0 \u00a0 \u00a0 \u00a0 \u00a0\u00a0 \u00a0 Empresa<\/p>\n<p style=\"text-align: justify;\">Al finalizar la jornada tendr\u00e1 lugar una cena con acompa\u00f1ante, (30\u20ac\/persona)<\/p>\n<h3 style=\"text-align: justify;\"><span style=\"color: #800000;\"><strong>Se ruega confirmar\u00a0 asistencia antes del viernes 21 de junio de 2019 al correo de la asociaci\u00f3n\u00a0\u00a0<\/strong><\/span>\u00a0<a href=\"mailto: diadelemprendedor@aemolleria.es\" target=\"_blank\">\u00a0diadelemprendedor@aemolleria.es<\/a><\/h3>\n<p>&nbsp;<\/p>\n<p>&nbsp;<\/p>\n<p>Noticias relacionadas:\u00a0\u00a0<a href=\"http:\/\/www.portaldelolleria.es\/2018\/07\/02\/la-asociacion-de-empresarios-se-reune-en-el-dia-del-emprendedor\/#.XQkyzP5S-61\" target=\"_blank\"> AEmO,\u00a0 dia del emprendedor 2018<\/a><\/p>\n","protected":false},"excerpt":{"rendered":"<p>La Asociaci\u00f3n de Empresarios de l\u2019Olleria, celebra el viernes 28 de junio,\u00a0 el \u201cDIA DEL EMPRENDEDOR\u201d en la Casa Santonja. La Asociaci\u00f3n de Empresarios de l\u2019Olleria (AEMO),\u00a0 tiene entre otros objetivos,\u00a0 fomentar la recuperaci\u00f3n del \u201cesp\u00edritu emprendedor\u201d que impulse la reanudaci\u00f3n del sector industrial local. La entidad se propone crear un clima social propicio que [&hellip;]<\/p>\n","protected":false},"author":1,"featured_media":0,"comment_status":"closed","ping_status":"open","sticky":false,"template":"","format":"standard","meta":{"_monsterinsights_skip_tracking":false,"_monsterinsights_sitenote_active":false,"_monsterinsights_sitenote_note":"","_monsterinsights_sitenote_category":0},"categories":[171,12],"tags":[],"_links":{"self":[{"href":"http:\/\/www.portaldelolleria.es\/index.php?rest_route=\/wp\/v2\/posts\/22973"}],"collection":[{"href":"http:\/\/www.portaldelolleria.es\/index.php?rest_route=\/wp\/v2\/posts"}],"about":[{"href":"http:\/\/www.portaldelolleria.es\/index.php?rest_route=\/wp\/v2\/types\/post"}],"author":[{"embeddable":true,"href":"http:\/\/www.portaldelolleria.es\/index.php?rest_route=\/wp\/v2\/users\/1"}],"replies":[{"embeddable":true,"href":"http:\/\/www.portaldelolleria.es\/index.php?rest_route=%2Fwp%2Fv2%2Fcomments&post=22973"}],"version-history":[{"count":4,"href":"http:\/\/www.portaldelolleria.es\/index.php?rest_route=\/wp\/v2\/posts\/22973\/revisions"}],"predecessor-version":[{"id":22977,"href":"http:\/\/www.portaldelolleria.es\/index.php?rest_route=\/wp\/v2\/posts\/22973\/revisions\/22977"}],"wp:attachment":[{"href":"http:\/\/www.portaldelolleria.es\/index.php?rest_route=%2Fwp%2Fv2%2Fmedia&parent=22973"}],"wp:term":[{"taxonomy":"category","embeddable":true,"href":"http:\/\/www.portaldelolleria.es\/index.php?rest_route=%2Fwp%2Fv2%2Fcategories&post=22973"},{"taxonomy":"post_tag","embeddable":true,"href":"http:\/\/www.portaldelolleria.es\/index.php?rest_route=%2Fwp%2Fv2%2Ftags&post=22973"}],"curies":[{"name":"wp","href":"https:\/\/api.w.org\/{rel}","templated":true}]}}